{"id":16686,"date":"2022-03-25T06:40:42","date_gmt":"2022-03-25T05:40:42","guid":{"rendered":"https:\/\/amorpazycaridad.es\/?p=16686"},"modified":"2022-03-25T06:40:42","modified_gmt":"2022-03-25T05:40:42","slug":"diferentes-maneras-de-manifestaciones","status":"publish","type":"post","link":"https:\/\/amorpazy-cp515.wordpresstemporal.com\/amorpazycaridad.es\/diferentes-maneras-de-manifestaciones\/","title":{"rendered":"DIFERENTES MANERAS DE MANIFESTACIONES"},"content":{"rendered":"<h4 class=\"p1\" style=\"text-align: center;\"><strong><span class=\"s1\">Diferentes maneras de manifestaciones<\/span><\/strong><\/h4>\n<p class=\"p1\" style=\"text-align: justify;\"><span class=\"s1\"><span class=\"Apple-converted-space\">\u00a0 \u00a0 \u00a0 \u00a0 \u00a0 <\/span>Tal y como nos explica Allan Kardec en la Revista Esp\u00edrita, los esp\u00edritus atestiguan su presencia de diversas maneras seg\u00fan su aptitud, su voluntad y su mayor o menor grado de elevaci\u00f3n. Para facilitar la comprensi\u00f3n de los hechos, nos muestra un cuadro de las diferentes naturalezas de las manifestaciones. Para no extenderme mucho he resumido las mismas a dos, que son las que me conciernen, y esto porque forman parte de mis experiencias. La primera es, sin duda, aquella que es definida como \u00abcomunicaciones serias\u00bb, y que pueden ir unidas a las \u00abcomunicaciones instructivas\u00bb. La segunda es la manifestaci\u00f3n de \u00abacci\u00f3n oculta\u00bb.<\/span><\/p>\n<p class=\"p1\" style=\"text-align: justify;\"><span class=\"s1\"><span class=\"Apple-converted-space\">\u00a0\u00a0 \u00a0 \u00a0 \u00a0 <\/span>En la primera se encuadran aquellas que tuvieron lugar en los comienzos de las manifestaciones espiritistas en las primeras d\u00e9cadas del pasado siglo, y de las que he ido hablando, poniendo de manifiesto precisamente su car\u00e1cter instructivo. No voy a insistir en ello, aunque nunca estar\u00e1 de m\u00e1s no olvidarlo, porque aquellas manifestaciones tan ostensibles estaban perfectamente programadas en el mundo espiritual; la doctrina hab\u00eda llegado para quedarse y ser la luz para el progreso del esp\u00edritu de todos los seres creados por Dios, y que, tambi\u00e9n ya he comentado, debido a los acontecimientos que se desarrollaron en nuestro pa\u00eds, fue sacudida, conmocionada, recayendo en los espiritistas la responsabilidad de su guarda, una responsabilidad asumida voluntariamente; y debido a ello, recibimos la ayuda, repito, ostensible, de los hermanos de la otra orilla.<\/span><\/p>\n<p class=\"p1\" style=\"text-align: justify;\"><span class=\"s1\"><span class=\"Apple-converted-space\">\u00a0 \u00a0 \u00a0 \u00a0 \u00a0 <\/span>En cuanto a la segunda, la de \u00abacci\u00f3n oculta\u00bb, es sin duda la que desde hace alg\u00fan tiempo se me ha ido manifestando. Ya dije que nunca tuve el menor indicio de una facultad medi\u00famnica, aunque de alguna manera, la intuici\u00f3n pueda ser considerada como tal; sin embargo, recordemos la definici\u00f3n que hace Kardec de esta; dice as\u00ed: <\/span><\/p>\n<p class=\"p1\" style=\"text-align: justify;\"><span class=\"s1\"><i><span class=\"Apple-converted-space\">\u00a0\u00a0 \u00a0 <\/span>Cuando no tiene nada de ostensible. Por ejemplo, las inspiraciones o sugerencias de pensamientos, las advertencias \u00edntimas\u2026 Las comunicaciones verbales; las palabras pueden resonar en nuestros o\u00eddos o en nuestro cerebro, sin causa f\u00edsica aparente. Los esp\u00edritus lo pueden emplear para darnos advertencias o instrucciones.<\/i><\/span><\/p>\n<p class=\"p1\" style=\"text-align: justify;\"><span class=\"s1\"><i><span class=\"Apple-converted-space\">\u00a0 \u00a0 \u00a0 \u00a0 \u00a0 <\/span><\/i>He ah\u00ed la raz\u00f3n por la cual es tan importante el estudio sistem\u00e1tico de uno mismo, analizando nuestro comportamiento, porque este se ver\u00e1 influenciado, de una manera u otra, seg\u00fan sea ese comportamiento. Y por supuesto, sin olvidar el cuadro de mayor o menor superioridad de los esp\u00edritus, de los cuales resultar\u00e1n sus comunicaciones apropiadas a nuestro comportamiento moral.<\/span><\/p>\n<p class=\"p1\" style=\"text-align: justify;\"><span class=\"s1\"><span class=\"Apple-converted-space\">\u00a0 \u00a0 \u00a0 \u00a0 \u00a0 <\/span>\u00a1No!, no me han permitido ver de nuevo la \u00faltima puerta. Cerr\u00e9 los ojos y ped\u00ed verla, aunque en el fondo ya intu\u00eda la respuesta\u2026 y no me equivoqu\u00e9:<\/span><\/p>\n<p class=\"p1\" style=\"text-align: justify;\"><span class=\"s1\"><span class=\"Apple-converted-space\">\u00a0 \u00a0 \u00a0 <\/span>\u0336 \u00bfTe ser\u00eda de alguna utilidad? Recuerda que todo tiene su momento\u2026<\/span><\/p>\n<p class=\"p1\" style=\"text-align: justify;\"><span class=\"s1\"><span class=\"Apple-converted-space\">\u00a0\u00a0 \u00a0 \u00a0 <\/span>Cuando acabe tu senda\u2026<\/span><\/p>\n<p class=\"p1\" style=\"text-align: justify;\"><span class=\"s1\"><span class=\"Apple-converted-space\">\u00a0\u00a0 \u00a0 \u00a0 \u00a0 <\/span>Esta fue la \u00faltima respuesta a una pregunta in\u00fatil.<\/span><\/p>\n<p class=\"p1\" style=\"text-align: justify;\"><span class=\"s1\"><span class=\"Apple-converted-space\">\u00a0 \u00a0 \u00a0 \u00a0 \u00a0 <\/span>Ha comenzado un nuevo a\u00f1o en el calendario material y yo sigo siendo viajera en este nuevo vag\u00f3n del viejo, milenario tren de la existencia humana; un tren que circular\u00e1 durante 365 d\u00edas, y en el \u00faltimo a\u00f1adir\u00e1 un nuevo vag\u00f3n, y otro, y otro\u2026, en los que cada uno de nosotros, los viajeros, iremos arrancando hojas a nuestro calendario personal.<\/span><\/p>\n<p class=\"p1\" style=\"text-align: justify;\"><span class=\"s1\"><span class=\"Apple-converted-space\">\u00a0 \u00a0 \u00a0 \u00a0 \u00a0 <\/span>Inici\u00e9 este art\u00edculo refiri\u00e9ndome a las diferentes maneras de manifestaciones medi\u00famnicas, en un intento de dar respuesta a mis propias preguntas; afortunadamente, obtuve esas respuestas.<\/span><\/p>\n<p class=\"p1\" style=\"text-align: justify;\"><span class=\"s1\"><span class=\"Apple-converted-space\">\u00a0 \u00a0 \u00a0 \u00a0 \u00a0 <\/span>\u00a1No!, no soy m\u00e9dium tal y como lo entendemos, pero\u2026 \u00a1s\u00ed!, los esp\u00edritus son capaces de desarrollar en nosotros esa facultad auditiva que la doctrina denomina de Acci\u00f3n Oculta, como ya he apuntado, cuando las preguntas son coherentes y con una finalidad \u00fatil\u2026 As\u00ed pues, \u00bfsab\u00e9is qu\u00e9 pregunta no har\u00eda jam\u00e1s, porque jam\u00e1s la responder\u00edan? Esta:<\/span><\/p>\n<p class=\"p1\" style=\"text-align: justify;\"><span class=\"s1\"><span class=\"Apple-converted-space\">\u00a0\u00a0 \u00a0 \u00a0 \u00a0 \u00a0 \u00a0 \u00a0 \u00a0 \u00a0 \u00a0 \u00a0 <\/span>\u00bfCu\u00e1ntas hojas le quedan a mi calendario?<\/span><\/p>\n<p style=\"text-align: right;\"><span class=\"s1\">Diferentes maneras de manifestaciones por: <strong><a href=\"https:\/\/amorpazycaridad.es\/author\/maria-luisa-escrich\/\">M\u00aa Luisa Escrich<\/a><\/strong><\/span><\/p>\n<p style=\"text-align: right;\"><span class=\"s1\"><span class=\"Apple-converted-space\">\u00a9 Amor, paz y caridad<\/span><\/span><\/p>\n<p class=\"p1\" style=\"text-align: right;\"><span class=\"s1\"><span class=\"Apple-converted-space\">\u00a0<\/span><\/span><span class=\"s1\"><span class=\"Apple-converted-space\">\u00a0 \u00a0 \u00a0 \u00a0 \u00a0 \u00a0 \u00a0 \u00a0 \u00a0 \u00a0 \u00a0 \u00a0 \u00a0 \u00a0 \u00a0 \u00a0 \u00a0 \u00a0 \u00a0 \u00a0 \u00a0 \u00a0 \u00a0 \u00a0 \u00a0 \u00a0 \u00a0 \u00a0 \u00a0 \u00a0 \u00a0 \u00a0 \u00a0 \u00a0 \u00a0 \u00a0 \u00a0 \u00a0 \u00a0 \u00a0 \u00a0 \u00a0<\/span><\/span><\/p>\n","protected":false},"excerpt":{"rendered":"<p>Diferentes maneras de manifestaciones \u00a0 \u00a0 \u00a0 \u00a0 \u00a0 Tal y como nos explica Allan Kardec en la Revista Esp\u00edrita, los esp\u00edritus atestiguan su presencia de diversas maneras seg\u00fan su aptitud, su voluntad y su mayor o menor grado de elevaci\u00f3n. Para facilitar la comprensi\u00f3n de los hechos, nos muestra un cuadro de las diferentes [&hellip;]<\/p>\n","protected":false},"author":2,"featured_media":16689,"comment_status":"open","ping_status":"open","sticky":false,"template":"","format":"standard","meta":{"tdm_status":"","tdm_grid_status":"","footnotes":""},"categories":[49],"tags":[65,6180,6181,2695,468,4071],"ppma_author":[396],"class_list":{"0":"post-16686","1":"post","2":"type-post","3":"status-publish","4":"format-standard","5":"has-post-thumbnail","7":"category-reflexiones","8":"tag-allan-kardec","9":"tag-comportamiento-moral","10":"tag-intuiciones","11":"tag-manifestaciones","12":"tag-medium","13":"tag-revista-espirita"},"yoast_head":"<!-- This site is optimized with the Yoast SEO plugin v27.7 - https:\/\/yoast.com\/product\/yoast-seo-wordpress\/ -->\n<title>DIFERENTES MANERAS DE MANIFESTACIONES | APC | M\u00aa LUISA<\/title>\n<meta name=\"description\" content=\"Diferentes maneras de manifestaciones. Tal y como nos explica Allan Kardec en la Revista Esp\u00edrita, los esp\u00edritus atestiguan su presencia...\" \/>\n<meta name=\"robots\" content=\"index, follow, max-snippet:-1, max-image-preview:large, max-video-preview:-1\" \/>\n<link rel=\"canonical\" href=\"https:\/\/amorpazycaridad.es\/diferentes-maneras-de-manifestaciones\/\" \/>\n<meta property=\"og:locale\" content=\"es_ES\" \/>\n<meta property=\"og:type\" content=\"article\" \/>\n<meta property=\"og:title\" content=\"DIFERENTES MANERAS DE MANIFESTACIONES | APC | M\u00aa LUISA\" \/>\n<meta property=\"og:description\" content=\"Diferentes maneras de manifestaciones. Tal y como nos explica Allan Kardec en la Revista Esp\u00edrita, los esp\u00edritus atestiguan su presencia...\" \/>\n<meta property=\"og:url\" content=\"https:\/\/amorpazycaridad.es\/diferentes-maneras-de-manifestaciones\/\" \/>\n<meta property=\"og:site_name\" content=\"Amor, paz caridad\" \/>\n<meta property=\"article:publisher\" content=\"http:\/\/www.facebook.com\/pages\/Amor-paz-y-caridad\/1594978604096866\" \/>\n<meta property=\"article:published_time\" content=\"2022-03-25T05:40:42+00:00\" \/>\n<meta property=\"og:image\" content=\"https:\/\/amorpazycaridad.es\/wp-content\/uploads\/2022\/03\/Calendari.jpg\" \/>\n\t<meta property=\"og:image:width\" content=\"620\" \/>\n\t<meta property=\"og:image:height\" content=\"421\" \/>\n\t<meta property=\"og:image:type\" content=\"image\/jpeg\" \/>\n<meta name=\"author\" content=\"Redaccion\" \/>\n<meta name=\"twitter:card\" content=\"summary_large_image\" \/>\n<meta name=\"twitter:creator\" content=\"@amorpazycaridad\" \/>\n<meta name=\"twitter:site\" content=\"@amorpazycaridad\" \/>\n<meta name=\"twitter:label1\" content=\"Escrito por\" \/>\n\t<meta name=\"twitter:data1\" content=\"Redacci\u00f3n\" \/>\n\t<meta name=\"twitter:label2\" content=\"Tiempo de lectura\" \/>\n\t<meta name=\"twitter:data2\" content=\"3 minutos\" \/>\n<script type=\"application\/ld+json\" class=\"yoast-schema-graph\">{\"@context\":\"https:\\\/\\\/schema.org\",\"@graph\":[{\"@type\":\"Article\",\"@id\":\"https:\\\/\\\/amorpazycaridad.es\\\/diferentes-maneras-de-manifestaciones\\\/#article\",\"isPartOf\":{\"@id\":\"https:\\\/\\\/amorpazycaridad.es\\\/diferentes-maneras-de-manifestaciones\\\/\"},\"author\":{\"name\":\"Redacci\u00f3n\",\"@id\":\"https:\\\/\\\/amorpazy-cp515.wordpresstemporal.com\\\/amorpazycaridad.es\\\/#\\\/schema\\\/person\\\/44cbc218f1b29f65390e7c8a4fd0c28d\"},\"headline\":\"DIFERENTES MANERAS DE MANIFESTACIONES\",\"datePublished\":\"2022-03-25T05:40:42+00:00\",\"mainEntityOfPage\":{\"@id\":\"https:\\\/\\\/amorpazycaridad.es\\\/diferentes-maneras-de-manifestaciones\\\/\"},\"wordCount\":665,\"commentCount\":0,\"publisher\":{\"@id\":\"https:\\\/\\\/amorpazy-cp515.wordpresstemporal.com\\\/amorpazycaridad.es\\\/#organization\"},\"image\":{\"@id\":\"https:\\\/\\\/amorpazycaridad.es\\\/diferentes-maneras-de-manifestaciones\\\/#primaryimage\"},\"thumbnailUrl\":\"https:\\\/\\\/amorpazy-cp515.wordpresstemporal.com\\\/amorpazycaridad.es\\\/wp-content\\\/uploads\\\/2022\\\/03\\\/Calendari.jpg\",\"keywords\":[\"Allan Kardec\",\"Comportamiento moral\",\"Intuiciones\",\"manifestaciones\",\"Medium\",\"Revista Espirita\"],\"articleSection\":[\"Reflexiones\"],\"inLanguage\":\"es\",\"potentialAction\":[{\"@type\":\"CommentAction\",\"name\":\"Comment\",\"target\":[\"https:\\\/\\\/amorpazycaridad.es\\\/diferentes-maneras-de-manifestaciones\\\/#respond\"]}]},{\"@type\":\"WebPage\",\"@id\":\"https:\\\/\\\/amorpazycaridad.es\\\/diferentes-maneras-de-manifestaciones\\\/\",\"url\":\"https:\\\/\\\/amorpazycaridad.es\\\/diferentes-maneras-de-manifestaciones\\\/\",\"name\":\"DIFERENTES MANERAS DE MANIFESTACIONES | APC | M\u00aa LUISA\",\"isPartOf\":{\"@id\":\"https:\\\/\\\/amorpazy-cp515.wordpresstemporal.com\\\/amorpazycaridad.es\\\/#website\"},\"primaryImageOfPage\":{\"@id\":\"https:\\\/\\\/amorpazycaridad.es\\\/diferentes-maneras-de-manifestaciones\\\/#primaryimage\"},\"image\":{\"@id\":\"https:\\\/\\\/amorpazycaridad.es\\\/diferentes-maneras-de-manifestaciones\\\/#primaryimage\"},\"thumbnailUrl\":\"https:\\\/\\\/amorpazy-cp515.wordpresstemporal.com\\\/amorpazycaridad.es\\\/wp-content\\\/uploads\\\/2022\\\/03\\\/Calendari.jpg\",\"datePublished\":\"2022-03-25T05:40:42+00:00\",\"description\":\"Diferentes maneras de manifestaciones. Tal y como nos explica Allan Kardec en la Revista Esp\u00edrita, los esp\u00edritus atestiguan su presencia...\",\"breadcrumb\":{\"@id\":\"https:\\\/\\\/amorpazycaridad.es\\\/diferentes-maneras-de-manifestaciones\\\/#breadcrumb\"},\"inLanguage\":\"es\",\"potentialAction\":[{\"@type\":\"ReadAction\",\"target\":[\"https:\\\/\\\/amorpazycaridad.es\\\/diferentes-maneras-de-manifestaciones\\\/\"]}]},{\"@type\":\"ImageObject\",\"inLanguage\":\"es\",\"@id\":\"https:\\\/\\\/amorpazycaridad.es\\\/diferentes-maneras-de-manifestaciones\\\/#primaryimage\",\"url\":\"https:\\\/\\\/amorpazy-cp515.wordpresstemporal.com\\\/amorpazycaridad.es\\\/wp-content\\\/uploads\\\/2022\\\/03\\\/Calendari.jpg\",\"contentUrl\":\"https:\\\/\\\/amorpazy-cp515.wordpresstemporal.com\\\/amorpazycaridad.es\\\/wp-content\\\/uploads\\\/2022\\\/03\\\/Calendari.jpg\",\"width\":620,\"height\":421,\"caption\":\"Diferentes maneras de manifestaciones\"},{\"@type\":\"BreadcrumbList\",\"@id\":\"https:\\\/\\\/amorpazycaridad.es\\\/diferentes-maneras-de-manifestaciones\\\/#breadcrumb\",\"itemListElement\":[{\"@type\":\"ListItem\",\"position\":1,\"name\":\"Portada\",\"item\":\"https:\\\/\\\/amorpazy-cp515.wordpresstemporal.com\\\/amorpazycaridad.es\\\/\"},{\"@type\":\"ListItem\",\"position\":2,\"name\":\"DIFERENTES MANERAS DE MANIFESTACIONES\"}]},{\"@type\":\"WebSite\",\"@id\":\"https:\\\/\\\/amorpazy-cp515.wordpresstemporal.com\\\/amorpazycaridad.es\\\/#website\",\"url\":\"https:\\\/\\\/amorpazy-cp515.wordpresstemporal.com\\\/amorpazycaridad.es\\\/\",\"name\":\"Amor, paz caridad\",\"description\":\"Conocimiento espiritual, espiritismo, espiritualismo, leyes universales, m\u00e1s all\u00e1, vida despu\u00e9s de la vida,\",\"publisher\":{\"@id\":\"https:\\\/\\\/amorpazy-cp515.wordpresstemporal.com\\\/amorpazycaridad.es\\\/#organization\"},\"potentialAction\":[{\"@type\":\"SearchAction\",\"target\":{\"@type\":\"EntryPoint\",\"urlTemplate\":\"https:\\\/\\\/amorpazy-cp515.wordpresstemporal.com\\\/amorpazycaridad.es\\\/?s={search_term_string}\"},\"query-input\":{\"@type\":\"PropertyValueSpecification\",\"valueRequired\":true,\"valueName\":\"search_term_string\"}}],\"inLanguage\":\"es\"},{\"@type\":\"Organization\",\"@id\":\"https:\\\/\\\/amorpazy-cp515.wordpresstemporal.com\\\/amorpazycaridad.es\\\/#organization\",\"name\":\"Asociaci\u00f3n de Estudios Espirituales Grupo Villena\",\"url\":\"https:\\\/\\\/amorpazy-cp515.wordpresstemporal.com\\\/amorpazycaridad.es\\\/\",\"logo\":{\"@type\":\"ImageObject\",\"inLanguage\":\"es\",\"@id\":\"https:\\\/\\\/amorpazy-cp515.wordpresstemporal.com\\\/amorpazycaridad.es\\\/#\\\/schema\\\/logo\\\/image\\\/\",\"url\":\"https:\\\/\\\/amorpazycaridad.es\\\/wp-content\\\/uploads\\\/2015\\\/01\\\/logo-fav-e1420247830294.jpg\",\"contentUrl\":\"https:\\\/\\\/amorpazycaridad.es\\\/wp-content\\\/uploads\\\/2015\\\/01\\\/logo-fav-e1420247830294.jpg\",\"width\":144,\"height\":144,\"caption\":\"Asociaci\u00f3n de Estudios Espirituales Grupo Villena\"},\"image\":{\"@id\":\"https:\\\/\\\/amorpazy-cp515.wordpresstemporal.com\\\/amorpazycaridad.es\\\/#\\\/schema\\\/logo\\\/image\\\/\"},\"sameAs\":[\"http:\\\/\\\/www.facebook.com\\\/pages\\\/Amor-paz-y-caridad\\\/1594978604096866\",\"https:\\\/\\\/x.com\\\/amorpazycaridad\",\"https:\\\/\\\/es.pinterest.com\\\/amorpazycaridad\\\/\",\"https:\\\/\\\/www.youtube.com\\\/channel\\\/UC1GvDIDCLoL02SzOD7NJdrA\"]},{\"@type\":\"Person\",\"@id\":\"https:\\\/\\\/amorpazy-cp515.wordpresstemporal.com\\\/amorpazycaridad.es\\\/#\\\/schema\\\/person\\\/44cbc218f1b29f65390e7c8a4fd0c28d\",\"name\":\"Redacci\u00f3n\",\"image\":{\"@type\":\"ImageObject\",\"inLanguage\":\"es\",\"@id\":\"https:\\\/\\\/amorpazycaridad.es\\\/wp-content\\\/uploads\\\/2015\\\/01\\\/icono-114-96x96.jpg73ca1ff604f9e7c7607bbbfa84b61c44\",\"url\":\"https:\\\/\\\/amorpazycaridad.es\\\/wp-content\\\/uploads\\\/2015\\\/01\\\/icono-114-96x96.jpg\",\"contentUrl\":\"https:\\\/\\\/amorpazycaridad.es\\\/wp-content\\\/uploads\\\/2015\\\/01\\\/icono-114-96x96.jpg\",\"caption\":\"Redacci\u00f3n\"},\"sameAs\":[\"http:\\\/\\\/www.amorpazycaridad.com\"],\"url\":\"https:\\\/\\\/amorpazy-cp515.wordpresstemporal.com\\\/amorpazycaridad.es\\\/author\\\/redaccion\\\/\"}]}<\/script>\n<!-- \/ Yoast SEO plugin. -->","yoast_head_json":{"title":"DIFERENTES MANERAS DE MANIFESTACIONES | APC | M\u00aa LUISA","description":"Diferentes maneras de manifestaciones. Tal y como nos explica Allan Kardec en la Revista Esp\u00edrita, los esp\u00edritus atestiguan su presencia...","robots":{"index":"index","follow":"follow","max-snippet":"max-snippet:-1","max-image-preview":"max-image-preview:large","max-video-preview":"max-video-preview:-1"},"canonical":"https:\/\/amorpazycaridad.es\/diferentes-maneras-de-manifestaciones\/","og_locale":"es_ES","og_type":"article","og_title":"DIFERENTES MANERAS DE MANIFESTACIONES | APC | M\u00aa LUISA","og_description":"Diferentes maneras de manifestaciones. Tal y como nos explica Allan Kardec en la Revista Esp\u00edrita, los esp\u00edritus atestiguan su presencia...","og_url":"https:\/\/amorpazycaridad.es\/diferentes-maneras-de-manifestaciones\/","og_site_name":"Amor, paz caridad","article_publisher":"http:\/\/www.facebook.com\/pages\/Amor-paz-y-caridad\/1594978604096866","article_published_time":"2022-03-25T05:40:42+00:00","og_image":[{"width":620,"height":421,"url":"https:\/\/amorpazycaridad.es\/wp-content\/uploads\/2022\/03\/Calendari.jpg","type":"image\/jpeg"}],"author":"Redaccion","twitter_card":"summary_large_image","twitter_creator":"@amorpazycaridad","twitter_site":"@amorpazycaridad","twitter_misc":{"Escrito por":"Redacci\u00f3n","Tiempo de lectura":"3 minutos"},"schema":{"@context":"https:\/\/schema.org","@graph":[{"@type":"Article","@id":"https:\/\/amorpazycaridad.es\/diferentes-maneras-de-manifestaciones\/#article","isPartOf":{"@id":"https:\/\/amorpazycaridad.es\/diferentes-maneras-de-manifestaciones\/"},"author":{"name":"Redacci\u00f3n","@id":"https:\/\/amorpazy-cp515.wordpresstemporal.com\/amorpazycaridad.es\/#\/schema\/person\/44cbc218f1b29f65390e7c8a4fd0c28d"},"headline":"DIFERENTES MANERAS DE MANIFESTACIONES","datePublished":"2022-03-25T05:40:42+00:00","mainEntityOfPage":{"@id":"https:\/\/amorpazycaridad.es\/diferentes-maneras-de-manifestaciones\/"},"wordCount":665,"commentCount":0,"publisher":{"@id":"https:\/\/amorpazy-cp515.wordpresstemporal.com\/amorpazycaridad.es\/#organization"},"image":{"@id":"https:\/\/amorpazycaridad.es\/diferentes-maneras-de-manifestaciones\/#primaryimage"},"thumbnailUrl":"https:\/\/amorpazy-cp515.wordpresstemporal.com\/amorpazycaridad.es\/wp-content\/uploads\/2022\/03\/Calendari.jpg","keywords":["Allan Kardec","Comportamiento moral","Intuiciones","manifestaciones","Medium","Revista Espirita"],"articleSection":["Reflexiones"],"inLanguage":"es","potentialAction":[{"@type":"CommentAction","name":"Comment","target":["https:\/\/amorpazycaridad.es\/diferentes-maneras-de-manifestaciones\/#respond"]}]},{"@type":"WebPage","@id":"https:\/\/amorpazycaridad.es\/diferentes-maneras-de-manifestaciones\/","url":"https:\/\/amorpazycaridad.es\/diferentes-maneras-de-manifestaciones\/","name":"DIFERENTES MANERAS DE MANIFESTACIONES | APC | M\u00aa LUISA","isPartOf":{"@id":"https:\/\/amorpazy-cp515.wordpresstemporal.com\/amorpazycaridad.es\/#website"},"primaryImageOfPage":{"@id":"https:\/\/amorpazycaridad.es\/diferentes-maneras-de-manifestaciones\/#primaryimage"},"image":{"@id":"https:\/\/amorpazycaridad.es\/diferentes-maneras-de-manifestaciones\/#primaryimage"},"thumbnailUrl":"https:\/\/amorpazy-cp515.wordpresstemporal.com\/amorpazycaridad.es\/wp-content\/uploads\/2022\/03\/Calendari.jpg","datePublished":"2022-03-25T05:40:42+00:00","description":"Diferentes maneras de manifestaciones. Tal y como nos explica Allan Kardec en la Revista Esp\u00edrita, los esp\u00edritus atestiguan su presencia...","breadcrumb":{"@id":"https:\/\/amorpazycaridad.es\/diferentes-maneras-de-manifestaciones\/#breadcrumb"},"inLanguage":"es","potentialAction":[{"@type":"ReadAction","target":["https:\/\/amorpazycaridad.es\/diferentes-maneras-de-manifestaciones\/"]}]},{"@type":"ImageObject","inLanguage":"es","@id":"https:\/\/amorpazycaridad.es\/diferentes-maneras-de-manifestaciones\/#primaryimage","url":"https:\/\/amorpazy-cp515.wordpresstemporal.com\/amorpazycaridad.es\/wp-content\/uploads\/2022\/03\/Calendari.jpg","contentUrl":"https:\/\/amorpazy-cp515.wordpresstemporal.com\/amorpazycaridad.es\/wp-content\/uploads\/2022\/03\/Calendari.jpg","width":620,"height":421,"caption":"Diferentes maneras de manifestaciones"},{"@type":"BreadcrumbList","@id":"https:\/\/amorpazycaridad.es\/diferentes-maneras-de-manifestaciones\/#breadcrumb","itemListElement":[{"@type":"ListItem","position":1,"name":"Portada","item":"https:\/\/amorpazy-cp515.wordpresstemporal.com\/amorpazycaridad.es\/"},{"@type":"ListItem","position":2,"name":"DIFERENTES MANERAS DE MANIFESTACIONES"}]},{"@type":"WebSite","@id":"https:\/\/amorpazy-cp515.wordpresstemporal.com\/amorpazycaridad.es\/#website","url":"https:\/\/amorpazy-cp515.wordpresstemporal.com\/amorpazycaridad.es\/","name":"Amor, paz caridad","description":"Conocimiento espiritual, espiritismo, espiritualismo, leyes universales, m\u00e1s all\u00e1, vida despu\u00e9s de la vida,","publisher":{"@id":"https:\/\/amorpazy-cp515.wordpresstemporal.com\/amorpazycaridad.es\/#organization"},"potentialAction":[{"@type":"SearchAction","target":{"@type":"EntryPoint","urlTemplate":"https:\/\/amorpazy-cp515.wordpresstemporal.com\/amorpazycaridad.es\/?s={search_term_string}"},"query-input":{"@type":"PropertyValueSpecification","valueRequired":true,"valueName":"search_term_string"}}],"inLanguage":"es"},{"@type":"Organization","@id":"https:\/\/amorpazy-cp515.wordpresstemporal.com\/amorpazycaridad.es\/#organization","name":"Asociaci\u00f3n de Estudios Espirituales Grupo Villena","url":"https:\/\/amorpazy-cp515.wordpresstemporal.com\/amorpazycaridad.es\/","logo":{"@type":"ImageObject","inLanguage":"es","@id":"https:\/\/amorpazy-cp515.wordpresstemporal.com\/amorpazycaridad.es\/#\/schema\/logo\/image\/","url":"https:\/\/amorpazycaridad.es\/wp-content\/uploads\/2015\/01\/logo-fav-e1420247830294.jpg","contentUrl":"https:\/\/amorpazycaridad.es\/wp-content\/uploads\/2015\/01\/logo-fav-e1420247830294.jpg","width":144,"height":144,"caption":"Asociaci\u00f3n de Estudios Espirituales Grupo Villena"},"image":{"@id":"https:\/\/amorpazy-cp515.wordpresstemporal.com\/amorpazycaridad.es\/#\/schema\/logo\/image\/"},"sameAs":["http:\/\/www.facebook.com\/pages\/Amor-paz-y-caridad\/1594978604096866","https:\/\/x.com\/amorpazycaridad","https:\/\/es.pinterest.com\/amorpazycaridad\/","https:\/\/www.youtube.com\/channel\/UC1GvDIDCLoL02SzOD7NJdrA"]},{"@type":"Person","@id":"https:\/\/amorpazy-cp515.wordpresstemporal.com\/amorpazycaridad.es\/#\/schema\/person\/44cbc218f1b29f65390e7c8a4fd0c28d","name":"Redacci\u00f3n","image":{"@type":"ImageObject","inLanguage":"es","@id":"https:\/\/amorpazycaridad.es\/wp-content\/uploads\/2015\/01\/icono-114-96x96.jpg73ca1ff604f9e7c7607bbbfa84b61c44","url":"https:\/\/amorpazycaridad.es\/wp-content\/uploads\/2015\/01\/icono-114-96x96.jpg","contentUrl":"https:\/\/amorpazycaridad.es\/wp-content\/uploads\/2015\/01\/icono-114-96x96.jpg","caption":"Redacci\u00f3n"},"sameAs":["http:\/\/www.amorpazycaridad.com"],"url":"https:\/\/amorpazy-cp515.wordpresstemporal.com\/amorpazycaridad.es\/author\/redaccion\/"}]}},"authors":[{"term_id":396,"user_id":0,"is_guest":1,"slug":"cap-redaccion","display_name":"Redaccion","avatar_url":"https:\/\/secure.gravatar.com\/avatar\/?s=96&d=mm&r=g","0":null,"1":"","2":"","3":"","4":"","5":"","6":"","7":"","8":""}],"_links":{"self":[{"href":"https:\/\/amorpazy-cp515.wordpresstemporal.com\/amorpazycaridad.es\/wp-json\/wp\/v2\/posts\/16686","targetHints":{"allow":["GET"]}}],"collection":[{"href":"https:\/\/amorpazy-cp515.wordpresstemporal.com\/amorpazycaridad.es\/wp-json\/wp\/v2\/posts"}],"about":[{"href":"https:\/\/amorpazy-cp515.wordpresstemporal.com\/amorpazycaridad.es\/wp-json\/wp\/v2\/types\/post"}],"author":[{"embeddable":true,"href":"https:\/\/amorpazy-cp515.wordpresstemporal.com\/amorpazycaridad.es\/wp-json\/wp\/v2\/users\/2"}],"replies":[{"embeddable":true,"href":"https:\/\/amorpazy-cp515.wordpresstemporal.com\/amorpazycaridad.es\/wp-json\/wp\/v2\/comments?post=16686"}],"version-history":[{"count":1,"href":"https:\/\/amorpazy-cp515.wordpresstemporal.com\/amorpazycaridad.es\/wp-json\/wp\/v2\/posts\/16686\/revisions"}],"predecessor-version":[{"id":16687,"href":"https:\/\/amorpazy-cp515.wordpresstemporal.com\/amorpazycaridad.es\/wp-json\/wp\/v2\/posts\/16686\/revisions\/16687"}],"wp:featuredmedia":[{"embeddable":true,"href":"https:\/\/amorpazy-cp515.wordpresstemporal.com\/amorpazycaridad.es\/wp-json\/wp\/v2\/media\/16689"}],"wp:attachment":[{"href":"https:\/\/amorpazy-cp515.wordpresstemporal.com\/amorpazycaridad.es\/wp-json\/wp\/v2\/media?parent=16686"}],"wp:term":[{"taxonomy":"category","embeddable":true,"href":"https:\/\/amorpazy-cp515.wordpresstemporal.com\/amorpazycaridad.es\/wp-json\/wp\/v2\/categories?post=16686"},{"taxonomy":"post_tag","embeddable":true,"href":"https:\/\/amorpazy-cp515.wordpresstemporal.com\/amorpazycaridad.es\/wp-json\/wp\/v2\/tags?post=16686"},{"taxonomy":"author","embeddable":true,"href":"https:\/\/amorpazy-cp515.wordpresstemporal.com\/amorpazycaridad.es\/wp-json\/wp\/v2\/ppma_author?post=16686"}],"curies":[{"name":"wp","href":"https:\/\/api.w.org\/{rel}","templated":true}]}}