{"id":16179,"date":"2021-10-01T06:34:29","date_gmt":"2021-10-01T04:34:29","guid":{"rendered":"https:\/\/amorpazycaridad.es\/?p=16179"},"modified":"2021-10-01T13:49:51","modified_gmt":"2021-10-01T11:49:51","slug":"momentos-de-limpieza-y-seleccion","status":"publish","type":"post","link":"https:\/\/amorpazy-cp515.wordpresstemporal.com\/amorpazycaridad.es\/momentos-de-limpieza-y-seleccion\/","title":{"rendered":"MOMENTOS DE LIMPIEZA Y SELECCI\u00d3N"},"content":{"rendered":"<h3 style=\"text-align: center;\"><em><strong>\u00abLa revoluci\u00f3n que se prepara es m\u00e1s bien moral que material\u00bb<\/strong><\/em><\/h3>\n<p class=\"p1\" style=\"text-align: justify;\">La vida en la Tierra no se detiene nunca, pues es algo inherente al proceso evolutivo de los seres que la habitan y a la propia din\u00e1mica de las Leyes F\u00edsicas que continuamente transforman el h\u00e1bitat y el ecosistema del cosmos y de nuestro querido planeta.<span class=\"Apple-converted-space\">\u00a0<\/span><\/p>\n<p class=\"p1\" style=\"text-align: justify;\">En ello, la acci\u00f3n humana tiene cada vez m\u00e1s influencia, debido a las acciones irresponsables que atentan contra el equilibrio del sistema ecol\u00f3gico y natural en el que vivimos. Contaminaci\u00f3n de la atm\u00f3sfera, de los mares y los r\u00edos, desertizaci\u00f3n, desforestaci\u00f3n, etc., contribuyen a esta transformaci\u00f3n que no s\u00f3lo destruye el sistema natural, sino que pone en riesgo la supervivencia de las especies que se ven obligadas a modificar sus formas de vida o morir en el intento, hasta la extinci\u00f3n y desaparici\u00f3n total de las mismas.<\/p>\n<p class=\"p1\" style=\"text-align: justify;\">La cruel pandemia que nos azota ha tenido como consecuencia positiva el hecho de que, al bajar la producci\u00f3n y desarrollo de las acciones contaminantes debido a los confinamientos, menor actividad industrial y humana y una disminuci\u00f3n de la agresi\u00f3n al ecosistema, ha permitido en pocos meses una recuperaci\u00f3n asombrosa de algunos aspectos naturales que dif\u00edcilmente podr\u00edan haberse corregido. Ya se habla de la regeneraci\u00f3n del agujero de la capa de ozono, de mayores limpiezas en los h\u00e1bitats naturales que han permitido la recuperaci\u00f3n de especies en extinci\u00f3n, etc.<\/p>\n<p class=\"p1\" style=\"text-align: justify;\">Nada ser\u00e1 igual despu\u00e9s de esta crisis, y aunque muchos pretendan volver al estado anterior, no ser\u00e1 posible. Un cambio de conciencia se vislumbra en el horizonte si la humanidad sabe interpretar correctamente las consecuencias de esta crisis. Espiritualmente, bajo los conocimientos que la Filosof\u00eda y la Ciencia Esp\u00edrita nos ofrecen, sabemos que nos encontramos en los momentos de transformaci\u00f3n y cambio de un mundo de expiaci\u00f3n y prueba a un mundo de regeneraci\u00f3n, cuyo paso previo es el mencionado cambio de conciencia.<\/p>\n<p class=\"p1\" style=\"text-align: justify;\">Son los momentos en que <b><i>\u201cdos generaciones se confunden\u201d (*<\/i><\/b>), la que persiste en mantener el estatus de este mundo ego\u00edsta y atrasado con la de aquellos que llevan reencarnando hace algunas d\u00e9cadas, abiertos a nuevas perspectivas de progreso, solidaridad y fraternidad humana, que ya est\u00e1n desarrollando su influencia en la sociedad y potenciar\u00e1n ese cambio del que hablamos basado en los principios y valores superiores del esp\u00edritu inmortal.<\/p>\n<p class=\"p1\" style=\"text-align: justify;\">Pero, igualmente, nuevas oportunidades de progreso y rectificaci\u00f3n se est\u00e1n concediendo a muchos esp\u00edritus que reencarnan con muchas deudas y compromisos negativos por su baja condici\u00f3n moral, y a los que Dios les concede la \u00faltima oportunidad en la Tierra para rectificar. La gran mayor\u00eda no podr\u00e1n superar las tendencias que arrastran, persistiendo en el mal y llev\u00e1ndolos a la desesperaci\u00f3n. Cuando desencarnen ser\u00e1n transferidos a otro planeta primitivo, m\u00e1s atrasado que la Tierra, donde tendr\u00e1n que seguir progresando en peores condiciones f\u00edsicas y donde experimentar\u00e1n la nostalgia del planeta querido, intentando corregir aquellas deficiencias morales que les permitan regresar<span class=\"Apple-converted-space\">\u00a0 <\/span>de nuevo a la Tierra en pr\u00f3ximas reencarnaciones.<\/p>\n<p class=\"p1\" style=\"text-align: justify;\">Aquellos de estos esp\u00edritus endeudados que aprovechen la oportunidad retornar\u00e1n al plano espiritual para prepararse adecuadamente en una nueva reencarnaci\u00f3n en la Tierra, como planeta de expiaci\u00f3n y prueba.<span class=\"Apple-converted-space\">\u00a0<\/span><\/p>\n<p class=\"p1\" style=\"text-align: justify;\">Sin embargo, aquellos que vivan reencarnados en el planeta este proceso de transformaci\u00f3n que ya ha comenzado y cuyas aspiraciones sean las tendencias al bien, a pesar de sus debilidades y defectos morales, <b><i>conseguir\u00e1n su objetivo si perseveran hasta el final<\/i><\/b>. En los momentos cr\u00edticos que llegar\u00e1n, refugiados en la oraci\u00f3n y en la acci\u00f3n del bien, la fuerza que llega de lo Alto les permitir\u00e1 resistir sin problemas las dificultades que se presenten. Ser\u00e1n y son <b><i>momentos cr\u00edticos que Dios permite para acelerar el proceso de cambio<\/i><\/b> de un planeta que necesita construir un nuevo orden social basado en la fraternidad, la solidaridad y la justicia, donde el mal haya sido desterrado y el anhelo del progreso y el bien para todos sea el impulso que haga evolucionar a la familia humana.<\/p>\n<p class=\"p1\" style=\"text-align: justify;\">Una condici\u00f3n importante para desterrar el mal es trasladar a los esp\u00edritus que persisten en \u00e9l hacia otro mundo primitivo, como ya estuvo la Tierra hace milenios. La limpieza espiritual que se viene produciendo desde hace siglos en las fajas negativas del astral inferior que rodea la Tierra, donde se han hecho fuertes muchos esp\u00edritus equivocados, empecinados en el mal, es ahora m\u00e1s intensa que nunca.<\/p>\n<p class=\"p1\" style=\"text-align: justify;\">La primera consecuencia de esta depuraci\u00f3n ya la hemos explicado: millones de esp\u00edritus han sido obligados a reencarnar para saldar en una \u00faltima existencia deudas contra\u00eddas y tener la oportunidad de regenerarse y poder renunciar al mal, pasando a formar parte m\u00e1s adelante del mundo de regeneraci\u00f3n e ingresando de nuevo en el astral del planeta, y evitando as\u00ed ser trasladados a otro.<\/p>\n<p class=\"p1\" style=\"text-align: justify;\">Este proceso se viene haciendo desde hace d\u00e9cadas y a\u00fan continuar\u00e1 un tiempo, de ah\u00ed que veamos con mucha facilidad la diferencia entre personas que tienen una vida normal y otras muchas cuyas tendencias son malvadas, viciosas y plenamente entregadas al mal, al ego\u00edsmo y al crimen, sin arrepentimiento ni conciencia alguna sobre el da\u00f1o que hacen a los dem\u00e1s. Estamos en la selecci\u00f3n de \u201cla derecha y la izquierda del Cristo\u201d que anunciaban los profetas para el final de ciclo de la Tierra, donde la conciencia de cada uno se encarga de juzgar el lugar donde ser\u00e1 destinado. No es el fin del mundo sino el fin de una era para dar comienzo a otra mejor, esplendorosa y feliz.<\/p>\n<p class=\"p1\" style=\"text-align: justify;\">Esta limpieza de la que hablamos es imprescindible, pues es preciso depurar el ambiente que rodea la Tierra de las sombras y tinieblas perturbadoras que los pensamientos y acciones negativas y malvadas han impregnado en la atm\u00f3sfera durante siglos, y que afecta tambi\u00e9n a todos aquellos que se encuentran reencarnados.<span class=\"Apple-converted-space\">\u00a0<\/span><\/p>\n<p class=\"p1\" style=\"text-align: justify;\">Y esta depuraci\u00f3n viene siendo realizada por esp\u00edritus de alta graduaci\u00f3n, y otros muchos colaboradores, que coordinan y siguen al pie de la letra las instrucciones del Maestro Jes\u00fas; pues nadie como \u00e9l, responsable ante Dios de este mundo desde su creaci\u00f3n, conoce el mecanismo y la forma de volver a restablecer el esplendor, la belleza y la energ\u00eda arm\u00f3nica y potente que ya tuvo el planeta antes de la llegada de los primeros seres humanos para reencarnar. Se trata de restablecer el ambiente y la energ\u00eda limpia que se necesita para construir un mundo diferente. Y esto, como todo en la realidad, empieza por el plano espiritual para transferirse posteriormente al plano f\u00edsico, que no es m\u00e1s que una copia del plano astral.<\/p>\n<p class=\"p1\" style=\"text-align: justify;\">Si a esta limpieza unimos los buenos pensamientos, sentimientos y acciones de aquellos que merezcan formar parte del nuevo mundo que se avecina, la construcci\u00f3n de esta nueva atm\u00f3sfera espiritual y f\u00edsica, arm\u00f3nica y equilibrada, ser\u00e1 el cimiento de construcci\u00f3n del nuevo mundo de regeneraci\u00f3n. Esto har\u00e1 brillar y resplandecer la luz del planeta Tierra como<span class=\"Apple-converted-space\">\u00a0 <\/span>nunca.<span class=\"Apple-converted-space\">\u00a0<\/span><\/p>\n<p class=\"p1\" style=\"text-align: justify;\">Anta\u00f1o fueron las condiciones f\u00edsicas y materiales del planeta, impulsadas por el Pensamiento Divino de la construcci\u00f3n de una casa para el progreso de las almas que iban a comenzar su andadura como seres inmortales y conscientes; ahora se trata de sembrar las condiciones de luz, energ\u00eda limpia y ambiente saludable que, junto a las acciones y pensamientos de fraternidad de los reencarnados y de los que vengan a reencarnar posteriormente, permitan la construcci\u00f3n de ese mundo de esperanza y trabajo, exento de desigualdades sociales y donde el mal haya sido desterrado para siempre y solo se aspire al progreso del esp\u00edritu inmortal, experimentando nuevas claridades y momentos de felicidad y armon\u00eda nunca vividos anteriormente por aquellos que tengan la dicha de pertenecer a esa nueva sociedad.<\/p>\n<p class=\"p1\" style=\"text-align: justify;\">Es la hora de la regeneraci\u00f3n y de que el amado y bello planeta azul, que por sus condiciones f\u00edsicas y naturales es admirado en otros mundos y otros soles, limpie su atm\u00f3sfera f\u00edsica y espiritual y pase a ser reconocido y habitado tambi\u00e9n por una nueva humanidad regenerada en el bien, la fraternidad y el amor a Dios.<\/p>\n<p class=\"p1\" style=\"text-align: right;\">Momentos de limpieza y selecci\u00f3n: <a href=\"https:\/\/amorpazycaridad.es\/?s=redaccion\">Redacci\u00f3n<\/a><\/p>\n<p class=\"p3\" style=\"text-align: right;\">\u00a92021, Amor, Paz y Caridad<\/p>\n<p class=\"p6\" style=\"text-align: center;\"><i>(*) <\/i><b><i>El G\u00e9nesis &#8211; Cap. XVII &#8211;<a href=\"https:\/\/es.wikipedia.org\/wiki\/Allan_Kardec\">All\u00e1n Kardec<\/a> &#8211; La Nueva generaci\u00f3n.<span class=\"Apple-converted-space\">\u00a0<\/span><\/i><\/b><\/p>\n<p class=\"p7\" style=\"text-align: center;\"><i>Se confunde el hombre de bien con el alma malvada. Ambos conviven actualmente en la Tierra sin diferenciaci\u00f3n alguna salvo su condici\u00f3n moral. Esto es lo que cambiar\u00e1 cuando se termine esta transici\u00f3n moral, al ser desterrado el mal de la Tierra y los esp\u00edritus que lo ejercen trasladados a otro mundo.<\/i><\/p>\n","protected":false},"excerpt":{"rendered":"<p>\u00abLa revoluci\u00f3n que se prepara es m\u00e1s bien moral que material\u00bb La vida en la Tierra no se detiene nunca, pues es algo inherente al proceso evolutivo de los seres que la habitan y a la propia din\u00e1mica de las Leyes F\u00edsicas que continuamente transforman el h\u00e1bitat y el ecosistema del cosmos y de nuestro [&hellip;]<\/p>\n","protected":false},"author":10,"featured_media":16208,"comment_status":"open","ping_status":"open","sticky":false,"template":"","format":"standard","meta":{"tdm_status":"","tdm_grid_status":"","footnotes":""},"categories":[22],"tags":[5999,5996,5993,5995,5994,5997,5998],"ppma_author":[520],"class_list":{"0":"post-16179","1":"post","2":"type-post","3":"status-publish","4":"format-standard","5":"has-post-thumbnail","7":"category-editorial","8":"tag-accion-humana-y-ley-de-destruccion","9":"tag-depuracion-espiritual","10":"tag-dos-generaciones","11":"tag-limpieza-astral","12":"tag-momentos-critifcos","13":"tag-regeneracion-natural","14":"tag-transicion-y-destierro"},"yoast_head":"<!-- This site is optimized with the Yoast SEO plugin v27.7 - https:\/\/yoast.com\/product\/yoast-seo-wordpress\/ -->\n<title>MOMENTOS DE LIMPIEZA Y SELECCI\u00d3N | AMOR, PAZ Y CARIDAD |<\/title>\n<meta name=\"description\" content=\"Momentos de limpieza y selecci\u00f3n es el t\u00edtulo de la editorial preparada para este mes de octubre. En ella se hace un repaso del momento...\" \/>\n<meta name=\"robots\" content=\"index, follow, max-snippet:-1, max-image-preview:large, max-video-preview:-1\" \/>\n<link rel=\"canonical\" href=\"https:\/\/amorpazy-cp515.wordpresstemporal.com\/amorpazycaridad.es\/momentos-de-limpieza-y-seleccion\/\" \/>\n<meta property=\"og:locale\" content=\"es_ES\" \/>\n<meta property=\"og:type\" content=\"article\" \/>\n<meta property=\"og:title\" content=\"MOMENTOS DE LIMPIEZA Y SELECCI\u00d3N | AMOR, PAZ Y CARIDAD |\" \/>\n<meta property=\"og:description\" content=\"Momentos de limpieza y selecci\u00f3n es el t\u00edtulo de la editorial preparada para este mes de octubre. En ella se hace un repaso del momento...\" \/>\n<meta property=\"og:url\" content=\"https:\/\/amorpazy-cp515.wordpresstemporal.com\/amorpazycaridad.es\/momentos-de-limpieza-y-seleccion\/\" \/>\n<meta property=\"og:site_name\" content=\"Amor, paz caridad\" \/>\n<meta property=\"article:publisher\" content=\"http:\/\/www.facebook.com\/pages\/Amor-paz-y-caridad\/1594978604096866\" \/>\n<meta property=\"article:published_time\" content=\"2021-10-01T04:34:29+00:00\" \/>\n<meta property=\"article:modified_time\" content=\"2021-10-01T11:49:51+00:00\" \/>\n<meta property=\"og:image\" content=\"https:\/\/amorpazy-cp515.wordpresstemporal.com\/amorpazycaridad.es\/wp-content\/uploads\/2021\/09\/Momentos-de-limpieza-y-seleccion.jpg\" \/>\n\t<meta property=\"og:image:width\" content=\"750\" \/>\n\t<meta property=\"og:image:height\" content=\"470\" \/>\n\t<meta property=\"og:image:type\" content=\"image\/jpeg\" \/>\n<meta name=\"author\" content=\"Redaccion revista\" \/>\n<meta name=\"twitter:card\" content=\"summary_large_image\" \/>\n<meta name=\"twitter:creator\" content=\"@amorpazycaridad\" \/>\n<meta name=\"twitter:site\" content=\"@amorpazycaridad\" \/>\n<meta name=\"twitter:label1\" content=\"Escrito por\" \/>\n\t<meta name=\"twitter:data1\" content=\"Redaccion APC\" \/>\n\t<meta name=\"twitter:label2\" content=\"Tiempo de lectura\" \/>\n\t<meta name=\"twitter:data2\" content=\"7 minutos\" \/>\n<script type=\"application\/ld+json\" class=\"yoast-schema-graph\">{\"@context\":\"https:\\\/\\\/schema.org\",\"@graph\":[{\"@type\":\"Article\",\"@id\":\"https:\\\/\\\/amorpazy-cp515.wordpresstemporal.com\\\/amorpazycaridad.es\\\/momentos-de-limpieza-y-seleccion\\\/#article\",\"isPartOf\":{\"@id\":\"https:\\\/\\\/amorpazy-cp515.wordpresstemporal.com\\\/amorpazycaridad.es\\\/momentos-de-limpieza-y-seleccion\\\/\"},\"author\":{\"name\":\"Redaccion APC\",\"@id\":\"https:\\\/\\\/amorpazycaridad.es\\\/#\\\/schema\\\/person\\\/f6b5c8408dab7f2821df157f3b51ce47\"},\"headline\":\"MOMENTOS DE LIMPIEZA Y SELECCI\u00d3N\",\"datePublished\":\"2021-10-01T04:34:29+00:00\",\"dateModified\":\"2021-10-01T11:49:51+00:00\",\"mainEntityOfPage\":{\"@id\":\"https:\\\/\\\/amorpazy-cp515.wordpresstemporal.com\\\/amorpazycaridad.es\\\/momentos-de-limpieza-y-seleccion\\\/\"},\"wordCount\":1517,\"commentCount\":0,\"publisher\":{\"@id\":\"https:\\\/\\\/amorpazycaridad.es\\\/#organization\"},\"image\":{\"@id\":\"https:\\\/\\\/amorpazy-cp515.wordpresstemporal.com\\\/amorpazycaridad.es\\\/momentos-de-limpieza-y-seleccion\\\/#primaryimage\"},\"thumbnailUrl\":\"https:\\\/\\\/amorpazy-cp515.wordpresstemporal.com\\\/amorpazycaridad.es\\\/wp-content\\\/uploads\\\/2021\\\/09\\\/Momentos-de-limpieza-y-seleccion.jpg\",\"keywords\":[\"acci\u00f3n humana y ley de destrucci\u00f3n\",\"depuraci\u00f3n espiritual\",\"dos generaciones\",\"limpieza astral\",\"momentos cr\u00edtifcos\",\"regeneraci\u00f3n natural\",\"transici\u00f3n y destierro\"],\"articleSection\":[\"Editorial\"],\"inLanguage\":\"es\",\"potentialAction\":[{\"@type\":\"CommentAction\",\"name\":\"Comment\",\"target\":[\"https:\\\/\\\/amorpazy-cp515.wordpresstemporal.com\\\/amorpazycaridad.es\\\/momentos-de-limpieza-y-seleccion\\\/#respond\"]}]},{\"@type\":\"WebPage\",\"@id\":\"https:\\\/\\\/amorpazy-cp515.wordpresstemporal.com\\\/amorpazycaridad.es\\\/momentos-de-limpieza-y-seleccion\\\/\",\"url\":\"https:\\\/\\\/amorpazy-cp515.wordpresstemporal.com\\\/amorpazycaridad.es\\\/momentos-de-limpieza-y-seleccion\\\/\",\"name\":\"MOMENTOS DE LIMPIEZA Y SELECCI\u00d3N | AMOR, PAZ Y CARIDAD |\",\"isPartOf\":{\"@id\":\"https:\\\/\\\/amorpazycaridad.es\\\/#website\"},\"primaryImageOfPage\":{\"@id\":\"https:\\\/\\\/amorpazy-cp515.wordpresstemporal.com\\\/amorpazycaridad.es\\\/momentos-de-limpieza-y-seleccion\\\/#primaryimage\"},\"image\":{\"@id\":\"https:\\\/\\\/amorpazy-cp515.wordpresstemporal.com\\\/amorpazycaridad.es\\\/momentos-de-limpieza-y-seleccion\\\/#primaryimage\"},\"thumbnailUrl\":\"https:\\\/\\\/amorpazy-cp515.wordpresstemporal.com\\\/amorpazycaridad.es\\\/wp-content\\\/uploads\\\/2021\\\/09\\\/Momentos-de-limpieza-y-seleccion.jpg\",\"datePublished\":\"2021-10-01T04:34:29+00:00\",\"dateModified\":\"2021-10-01T11:49:51+00:00\",\"description\":\"Momentos de limpieza y selecci\u00f3n es el t\u00edtulo de la editorial preparada para este mes de octubre. En ella se hace un repaso del momento...\",\"breadcrumb\":{\"@id\":\"https:\\\/\\\/amorpazy-cp515.wordpresstemporal.com\\\/amorpazycaridad.es\\\/momentos-de-limpieza-y-seleccion\\\/#breadcrumb\"},\"inLanguage\":\"es\",\"potentialAction\":[{\"@type\":\"ReadAction\",\"target\":[\"https:\\\/\\\/amorpazy-cp515.wordpresstemporal.com\\\/amorpazycaridad.es\\\/momentos-de-limpieza-y-seleccion\\\/\"]}]},{\"@type\":\"ImageObject\",\"inLanguage\":\"es\",\"@id\":\"https:\\\/\\\/amorpazy-cp515.wordpresstemporal.com\\\/amorpazycaridad.es\\\/momentos-de-limpieza-y-seleccion\\\/#primaryimage\",\"url\":\"https:\\\/\\\/amorpazy-cp515.wordpresstemporal.com\\\/amorpazycaridad.es\\\/wp-content\\\/uploads\\\/2021\\\/09\\\/Momentos-de-limpieza-y-seleccion.jpg\",\"contentUrl\":\"https:\\\/\\\/amorpazy-cp515.wordpresstemporal.com\\\/amorpazycaridad.es\\\/wp-content\\\/uploads\\\/2021\\\/09\\\/Momentos-de-limpieza-y-seleccion.jpg\",\"width\":750,\"height\":470,\"caption\":\"Momentos de limpieza y selecci\u00f3n\"},{\"@type\":\"BreadcrumbList\",\"@id\":\"https:\\\/\\\/amorpazy-cp515.wordpresstemporal.com\\\/amorpazycaridad.es\\\/momentos-de-limpieza-y-seleccion\\\/#breadcrumb\",\"itemListElement\":[{\"@type\":\"ListItem\",\"position\":1,\"name\":\"Portada\",\"item\":\"https:\\\/\\\/amorpazy-cp515.wordpresstemporal.com\\\/amorpazycaridad.es\\\/\"},{\"@type\":\"ListItem\",\"position\":2,\"name\":\"MOMENTOS DE LIMPIEZA Y SELECCI\u00d3N\"}]},{\"@type\":\"WebSite\",\"@id\":\"https:\\\/\\\/amorpazycaridad.es\\\/#website\",\"url\":\"https:\\\/\\\/amorpazycaridad.es\\\/\",\"name\":\"Amor, paz caridad\",\"description\":\"Conocimiento espiritual, espiritismo, espiritualismo, leyes universales, m\u00e1s all\u00e1, vida despu\u00e9s de la vida,\",\"publisher\":{\"@id\":\"https:\\\/\\\/amorpazycaridad.es\\\/#organization\"},\"potentialAction\":[{\"@type\":\"SearchAction\",\"target\":{\"@type\":\"EntryPoint\",\"urlTemplate\":\"https:\\\/\\\/amorpazycaridad.es\\\/?s={search_term_string}\"},\"query-input\":{\"@type\":\"PropertyValueSpecification\",\"valueRequired\":true,\"valueName\":\"search_term_string\"}}],\"inLanguage\":\"es\"},{\"@type\":\"Organization\",\"@id\":\"https:\\\/\\\/amorpazycaridad.es\\\/#organization\",\"name\":\"Asociaci\u00f3n de Estudios Espirituales Grupo Villena\",\"url\":\"https:\\\/\\\/amorpazycaridad.es\\\/\",\"logo\":{\"@type\":\"ImageObject\",\"inLanguage\":\"es\",\"@id\":\"https:\\\/\\\/amorpazycaridad.es\\\/#\\\/schema\\\/logo\\\/image\\\/\",\"url\":\"https:\\\/\\\/amorpazycaridad.es\\\/wp-content\\\/uploads\\\/2015\\\/01\\\/logo-fav-e1420247830294.jpg\",\"contentUrl\":\"https:\\\/\\\/amorpazycaridad.es\\\/wp-content\\\/uploads\\\/2015\\\/01\\\/logo-fav-e1420247830294.jpg\",\"width\":144,\"height\":144,\"caption\":\"Asociaci\u00f3n de Estudios Espirituales Grupo Villena\"},\"image\":{\"@id\":\"https:\\\/\\\/amorpazycaridad.es\\\/#\\\/schema\\\/logo\\\/image\\\/\"},\"sameAs\":[\"http:\\\/\\\/www.facebook.com\\\/pages\\\/Amor-paz-y-caridad\\\/1594978604096866\",\"https:\\\/\\\/x.com\\\/amorpazycaridad\",\"https:\\\/\\\/es.pinterest.com\\\/amorpazycaridad\\\/\",\"https:\\\/\\\/www.youtube.com\\\/channel\\\/UC1GvDIDCLoL02SzOD7NJdrA\"]},{\"@type\":\"Person\",\"@id\":\"https:\\\/\\\/amorpazycaridad.es\\\/#\\\/schema\\\/person\\\/f6b5c8408dab7f2821df157f3b51ce47\",\"name\":\"Redaccion APC\",\"image\":{\"@type\":\"ImageObject\",\"inLanguage\":\"es\",\"@id\":\"https:\\\/\\\/amorpazycaridad.es\\\/wp-content\\\/uploads\\\/2015\\\/01\\\/icono-114-96x96.jpg73ca1ff604f9e7c7607bbbfa84b61c44\",\"url\":\"https:\\\/\\\/amorpazycaridad.es\\\/wp-content\\\/uploads\\\/2015\\\/01\\\/icono-114-96x96.jpg\",\"contentUrl\":\"https:\\\/\\\/amorpazycaridad.es\\\/wp-content\\\/uploads\\\/2015\\\/01\\\/icono-114-96x96.jpg\",\"caption\":\"Redaccion APC\"},\"sameAs\":[\"http:\\\/\\\/www.amorpazycaridad.com\"],\"url\":\"https:\\\/\\\/amorpazy-cp515.wordpresstemporal.com\\\/amorpazycaridad.es\\\/author\\\/redaccion-revista\\\/\"}]}<\/script>\n<!-- \/ Yoast SEO plugin. -->","yoast_head_json":{"title":"MOMENTOS DE LIMPIEZA Y SELECCI\u00d3N | AMOR, PAZ Y CARIDAD |","description":"Momentos de limpieza y selecci\u00f3n es el t\u00edtulo de la editorial preparada para este mes de octubre. En ella se hace un repaso del momento...","robots":{"index":"index","follow":"follow","max-snippet":"max-snippet:-1","max-image-preview":"max-image-preview:large","max-video-preview":"max-video-preview:-1"},"canonical":"https:\/\/amorpazy-cp515.wordpresstemporal.com\/amorpazycaridad.es\/momentos-de-limpieza-y-seleccion\/","og_locale":"es_ES","og_type":"article","og_title":"MOMENTOS DE LIMPIEZA Y SELECCI\u00d3N | AMOR, PAZ Y CARIDAD |","og_description":"Momentos de limpieza y selecci\u00f3n es el t\u00edtulo de la editorial preparada para este mes de octubre. En ella se hace un repaso del momento...","og_url":"https:\/\/amorpazy-cp515.wordpresstemporal.com\/amorpazycaridad.es\/momentos-de-limpieza-y-seleccion\/","og_site_name":"Amor, paz caridad","article_publisher":"http:\/\/www.facebook.com\/pages\/Amor-paz-y-caridad\/1594978604096866","article_published_time":"2021-10-01T04:34:29+00:00","article_modified_time":"2021-10-01T11:49:51+00:00","og_image":[{"width":750,"height":470,"url":"https:\/\/amorpazy-cp515.wordpresstemporal.com\/amorpazycaridad.es\/wp-content\/uploads\/2021\/09\/Momentos-de-limpieza-y-seleccion.jpg","type":"image\/jpeg"}],"author":"Redaccion revista","twitter_card":"summary_large_image","twitter_creator":"@amorpazycaridad","twitter_site":"@amorpazycaridad","twitter_misc":{"Escrito por":"Redaccion APC","Tiempo de lectura":"7 minutos"},"schema":{"@context":"https:\/\/schema.org","@graph":[{"@type":"Article","@id":"https:\/\/amorpazy-cp515.wordpresstemporal.com\/amorpazycaridad.es\/momentos-de-limpieza-y-seleccion\/#article","isPartOf":{"@id":"https:\/\/amorpazy-cp515.wordpresstemporal.com\/amorpazycaridad.es\/momentos-de-limpieza-y-seleccion\/"},"author":{"name":"Redaccion APC","@id":"https:\/\/amorpazycaridad.es\/#\/schema\/person\/f6b5c8408dab7f2821df157f3b51ce47"},"headline":"MOMENTOS DE LIMPIEZA Y SELECCI\u00d3N","datePublished":"2021-10-01T04:34:29+00:00","dateModified":"2021-10-01T11:49:51+00:00","mainEntityOfPage":{"@id":"https:\/\/amorpazy-cp515.wordpresstemporal.com\/amorpazycaridad.es\/momentos-de-limpieza-y-seleccion\/"},"wordCount":1517,"commentCount":0,"publisher":{"@id":"https:\/\/amorpazycaridad.es\/#organization"},"image":{"@id":"https:\/\/amorpazy-cp515.wordpresstemporal.com\/amorpazycaridad.es\/momentos-de-limpieza-y-seleccion\/#primaryimage"},"thumbnailUrl":"https:\/\/amorpazy-cp515.wordpresstemporal.com\/amorpazycaridad.es\/wp-content\/uploads\/2021\/09\/Momentos-de-limpieza-y-seleccion.jpg","keywords":["acci\u00f3n humana y ley de destrucci\u00f3n","depuraci\u00f3n espiritual","dos generaciones","limpieza astral","momentos cr\u00edtifcos","regeneraci\u00f3n natural","transici\u00f3n y destierro"],"articleSection":["Editorial"],"inLanguage":"es","potentialAction":[{"@type":"CommentAction","name":"Comment","target":["https:\/\/amorpazy-cp515.wordpresstemporal.com\/amorpazycaridad.es\/momentos-de-limpieza-y-seleccion\/#respond"]}]},{"@type":"WebPage","@id":"https:\/\/amorpazy-cp515.wordpresstemporal.com\/amorpazycaridad.es\/momentos-de-limpieza-y-seleccion\/","url":"https:\/\/amorpazy-cp515.wordpresstemporal.com\/amorpazycaridad.es\/momentos-de-limpieza-y-seleccion\/","name":"MOMENTOS DE LIMPIEZA Y SELECCI\u00d3N | AMOR, PAZ Y CARIDAD |","isPartOf":{"@id":"https:\/\/amorpazycaridad.es\/#website"},"primaryImageOfPage":{"@id":"https:\/\/amorpazy-cp515.wordpresstemporal.com\/amorpazycaridad.es\/momentos-de-limpieza-y-seleccion\/#primaryimage"},"image":{"@id":"https:\/\/amorpazy-cp515.wordpresstemporal.com\/amorpazycaridad.es\/momentos-de-limpieza-y-seleccion\/#primaryimage"},"thumbnailUrl":"https:\/\/amorpazy-cp515.wordpresstemporal.com\/amorpazycaridad.es\/wp-content\/uploads\/2021\/09\/Momentos-de-limpieza-y-seleccion.jpg","datePublished":"2021-10-01T04:34:29+00:00","dateModified":"2021-10-01T11:49:51+00:00","description":"Momentos de limpieza y selecci\u00f3n es el t\u00edtulo de la editorial preparada para este mes de octubre. En ella se hace un repaso del momento...","breadcrumb":{"@id":"https:\/\/amorpazy-cp515.wordpresstemporal.com\/amorpazycaridad.es\/momentos-de-limpieza-y-seleccion\/#breadcrumb"},"inLanguage":"es","potentialAction":[{"@type":"ReadAction","target":["https:\/\/amorpazy-cp515.wordpresstemporal.com\/amorpazycaridad.es\/momentos-de-limpieza-y-seleccion\/"]}]},{"@type":"ImageObject","inLanguage":"es","@id":"https:\/\/amorpazy-cp515.wordpresstemporal.com\/amorpazycaridad.es\/momentos-de-limpieza-y-seleccion\/#primaryimage","url":"https:\/\/amorpazy-cp515.wordpresstemporal.com\/amorpazycaridad.es\/wp-content\/uploads\/2021\/09\/Momentos-de-limpieza-y-seleccion.jpg","contentUrl":"https:\/\/amorpazy-cp515.wordpresstemporal.com\/amorpazycaridad.es\/wp-content\/uploads\/2021\/09\/Momentos-de-limpieza-y-seleccion.jpg","width":750,"height":470,"caption":"Momentos de limpieza y selecci\u00f3n"},{"@type":"BreadcrumbList","@id":"https:\/\/amorpazy-cp515.wordpresstemporal.com\/amorpazycaridad.es\/momentos-de-limpieza-y-seleccion\/#breadcrumb","itemListElement":[{"@type":"ListItem","position":1,"name":"Portada","item":"https:\/\/amorpazy-cp515.wordpresstemporal.com\/amorpazycaridad.es\/"},{"@type":"ListItem","position":2,"name":"MOMENTOS DE LIMPIEZA Y SELECCI\u00d3N"}]},{"@type":"WebSite","@id":"https:\/\/amorpazycaridad.es\/#website","url":"https:\/\/amorpazycaridad.es\/","name":"Amor, paz caridad","description":"Conocimiento espiritual, espiritismo, espiritualismo, leyes universales, m\u00e1s all\u00e1, vida despu\u00e9s de la vida,","publisher":{"@id":"https:\/\/amorpazycaridad.es\/#organization"},"potentialAction":[{"@type":"SearchAction","target":{"@type":"EntryPoint","urlTemplate":"https:\/\/amorpazycaridad.es\/?s={search_term_string}"},"query-input":{"@type":"PropertyValueSpecification","valueRequired":true,"valueName":"search_term_string"}}],"inLanguage":"es"},{"@type":"Organization","@id":"https:\/\/amorpazycaridad.es\/#organization","name":"Asociaci\u00f3n de Estudios Espirituales Grupo Villena","url":"https:\/\/amorpazycaridad.es\/","logo":{"@type":"ImageObject","inLanguage":"es","@id":"https:\/\/amorpazycaridad.es\/#\/schema\/logo\/image\/","url":"https:\/\/amorpazycaridad.es\/wp-content\/uploads\/2015\/01\/logo-fav-e1420247830294.jpg","contentUrl":"https:\/\/amorpazycaridad.es\/wp-content\/uploads\/2015\/01\/logo-fav-e1420247830294.jpg","width":144,"height":144,"caption":"Asociaci\u00f3n de Estudios Espirituales Grupo Villena"},"image":{"@id":"https:\/\/amorpazycaridad.es\/#\/schema\/logo\/image\/"},"sameAs":["http:\/\/www.facebook.com\/pages\/Amor-paz-y-caridad\/1594978604096866","https:\/\/x.com\/amorpazycaridad","https:\/\/es.pinterest.com\/amorpazycaridad\/","https:\/\/www.youtube.com\/channel\/UC1GvDIDCLoL02SzOD7NJdrA"]},{"@type":"Person","@id":"https:\/\/amorpazycaridad.es\/#\/schema\/person\/f6b5c8408dab7f2821df157f3b51ce47","name":"Redaccion APC","image":{"@type":"ImageObject","inLanguage":"es","@id":"https:\/\/amorpazycaridad.es\/wp-content\/uploads\/2015\/01\/icono-114-96x96.jpg73ca1ff604f9e7c7607bbbfa84b61c44","url":"https:\/\/amorpazycaridad.es\/wp-content\/uploads\/2015\/01\/icono-114-96x96.jpg","contentUrl":"https:\/\/amorpazycaridad.es\/wp-content\/uploads\/2015\/01\/icono-114-96x96.jpg","caption":"Redaccion APC"},"sameAs":["http:\/\/www.amorpazycaridad.com"],"url":"https:\/\/amorpazy-cp515.wordpresstemporal.com\/amorpazycaridad.es\/author\/redaccion-revista\/"}]}},"authors":[{"term_id":520,"user_id":0,"is_guest":1,"slug":"cap-redaccion-revista","display_name":"Redaccion revista","avatar_url":"https:\/\/secure.gravatar.com\/avatar\/?s=96&d=mm&r=g","0":null,"1":"","2":"","3":"","4":"","5":"","6":"","7":"","8":""}],"_links":{"self":[{"href":"https:\/\/amorpazy-cp515.wordpresstemporal.com\/amorpazycaridad.es\/wp-json\/wp\/v2\/posts\/16179","targetHints":{"allow":["GET"]}}],"collection":[{"href":"https:\/\/amorpazy-cp515.wordpresstemporal.com\/amorpazycaridad.es\/wp-json\/wp\/v2\/posts"}],"about":[{"href":"https:\/\/amorpazy-cp515.wordpresstemporal.com\/amorpazycaridad.es\/wp-json\/wp\/v2\/types\/post"}],"author":[{"embeddable":true,"href":"https:\/\/amorpazy-cp515.wordpresstemporal.com\/amorpazycaridad.es\/wp-json\/wp\/v2\/users\/10"}],"replies":[{"embeddable":true,"href":"https:\/\/amorpazy-cp515.wordpresstemporal.com\/amorpazycaridad.es\/wp-json\/wp\/v2\/comments?post=16179"}],"version-history":[{"count":5,"href":"https:\/\/amorpazy-cp515.wordpresstemporal.com\/amorpazycaridad.es\/wp-json\/wp\/v2\/posts\/16179\/revisions"}],"predecessor-version":[{"id":16212,"href":"https:\/\/amorpazy-cp515.wordpresstemporal.com\/amorpazycaridad.es\/wp-json\/wp\/v2\/posts\/16179\/revisions\/16212"}],"wp:featuredmedia":[{"embeddable":true,"href":"https:\/\/amorpazy-cp515.wordpresstemporal.com\/amorpazycaridad.es\/wp-json\/wp\/v2\/media\/16208"}],"wp:attachment":[{"href":"https:\/\/amorpazy-cp515.wordpresstemporal.com\/amorpazycaridad.es\/wp-json\/wp\/v2\/media?parent=16179"}],"wp:term":[{"taxonomy":"category","embeddable":true,"href":"https:\/\/amorpazy-cp515.wordpresstemporal.com\/amorpazycaridad.es\/wp-json\/wp\/v2\/categories?post=16179"},{"taxonomy":"post_tag","embeddable":true,"href":"https:\/\/amorpazy-cp515.wordpresstemporal.com\/amorpazycaridad.es\/wp-json\/wp\/v2\/tags?post=16179"},{"taxonomy":"author","embeddable":true,"href":"https:\/\/amorpazy-cp515.wordpresstemporal.com\/amorpazycaridad.es\/wp-json\/wp\/v2\/ppma_author?post=16179"}],"curies":[{"name":"wp","href":"https:\/\/api.w.org\/{rel}","templated":true}]}}