{"id":15715,"date":"2021-05-03T06:30:36","date_gmt":"2021-05-03T04:30:36","guid":{"rendered":"https:\/\/amorpazycaridad.es\/?p=15715"},"modified":"2021-05-03T08:04:41","modified_gmt":"2021-05-03T06:04:41","slug":"los-recursos-ignorados-del-alma","status":"publish","type":"post","link":"https:\/\/amorpazy-cp515.wordpresstemporal.com\/amorpazycaridad.es\/los-recursos-ignorados-del-alma\/","title":{"rendered":"LOS RECURSOS IGNORADOS DEL ALMA"},"content":{"rendered":"<h3 style=\"text-align: center;\"><strong>Los recursos ignorados del alma<\/strong><\/h3>\n<div class=\"content-box-blue\" style=\"text-align: center;\">\n<p style=\"text-align: center;\"><strong><em>\u201cTodas mis pertenencias se encuentran en mi alma\u201d.<\/em><\/strong><\/p>\n<p style=\"text-align: center;\"><strong><em>\u00a0<\/em><\/strong><strong>\u201c<\/strong><strong>Todos mis bienes est<\/strong><strong>\u00e1<\/strong><strong>n conmigo, e ir<\/strong><strong>\u00e1<\/strong><strong>n donde yo vaya. Mis valiosos tesoros nunca me abandonan, no los dejo en el olvido ni a merced de quien quiera apropi<\/strong><strong>\u00e1<\/strong><strong>rselos\u00bb. Los interrogadores preguntaron: \u00ab\u00bfCuales son esos bienes que te hacen rico y siempre te acompa\u00f1an?\u00bb Bias respondi<\/strong><strong>\u00f3 <\/strong><strong>sin jactancia: \u00abLas conquistas morales de la paciencia, la sabidur<\/strong><strong>\u00ed<\/strong><strong>a, la bondad, el amor, el perd\u00f3n y la resignaci\u00f3n que he almacenado en mi mente y coraz\u00f3n durante esta vida<\/strong><strong>\u00ab.<\/strong><\/p>\n<p style=\"text-align: center;\"><em>Bias, uno de los Siete Sabios de Grecia, ante el inminente saqueo de Briene (Jonia) por Ciro el Grande, Rey de los Persas, s.VI a.C<\/em><\/p>\n<\/div>\n<p style=\"text-align: justify;\">Ciertamente, ya los griegos conoc\u00edan la naturaleza del alma en profundidad, como es notorio por las m\u00e1ximas de S\u00f3crates, Plat\u00f3n o Arist\u00f3teles, e incluso mucho antes, con las m\u00e1ximas de los famosos sabios de Grecia, una de las cuales inicia este art\u00edculo. Desde antiguo se conocen caracter\u00edsticas y cualidades del alma humana que constituyen su fuerza y la dotan de recursos especiales para sustentar al ser humano. No solo hablamos de la vitalidad que otorga al cuerpo y que es esencial para la vida org\u00e1nica, sino tambi\u00e9n de los recursos de nuestro ser inmortal que trascendiendo a la muerte, posee y lo caracterizan.<\/p>\n<p style=\"text-align: justify;\">Siendo el alma humana el origen del pensamiento que proviene de la mente y que es reflejado por el cerebro, y a la luz de los \u00faltimos descubrimientos de neur\u00f3logos bioqu\u00edmicos y bi\u00f3logos, \u00bfalguien podr\u00eda afirmar o categorizar los l\u00edmites del pensamiento? Hoy sabemos que el pensamiento es una energ\u00eda que, al igual que la emoci\u00f3n, interact\u00faa en un campo universal del que formamos parte y en el que todo est\u00e1 interconectado.<\/p>\n<div class=\"content-box-blue\" style=\"text-align: center;\">\n<p style=\"text-align: center;\"><strong><em>\u201cCuando tus pensamientos van acompa\u00f1ados de una implicaci\u00f3n emocional, se transmite una se\u00f1al electromagn\u00e9tica al campo universal que atrae hacia ti la realidad que coincide con la que t\u00fa deseas\u201d <\/em><\/strong><\/p>\n<p style=\"text-align: center;\">Dr. Joe Dispenza<em> &#8211; <\/em>Libro<em> \u201cDeja de ser T\u00fa\u201d<\/em><\/p>\n<\/div>\n<p style=\"text-align: justify;\"><em>\u00a0<\/em>Por el mismo motivo, \u00bfacaso el sentimiento y la emoci\u00f3n pueden ser contenidos en una urna? El hombre es un haz de emociones desde sus primordios evolutivos como <em>\u201chomo sapiens\u201d<\/em>, donde la primera emoci\u00f3n (el miedo) tuvo su preponderancia en la supervivencia. <strong><em>El pensamiento y la emoci\u00f3n<\/em><\/strong> son cosas distintas, pero muchas veces van juntas; unas veces el primero precede a la segunda, y en otras ocasiones ocurre al contrario. Cuando ambos se sincronizan se produce lo que se conoce por coherencia, y nuestra mente tiene la capacidad de modificar la realidad a nuestro alrededor. Sea como fuere, ambos son productos o recursos del alma en funci\u00f3n del uso que les damos y la naturaleza que poseen.<\/p>\n<div class=\"content-box-blue\" style=\"text-align: center;\">\n<p style=\"text-align: center;\"><strong><em>\u201cHay una fuerza motriz m<\/em><\/strong><strong><em>\u00e1<\/em><\/strong><strong><em>s poderosa que el vapor, la electricidad y la energ<\/em><\/strong><strong><em>\u00ed<\/em><\/strong><strong><em>a at<\/em><\/strong><strong><em>\u00f3mica: la voluntad\u201d. <\/em><\/strong><a href=\"https:\/\/proverbia.net\/autor\/frases-de-albert-einstein\"><strong>Albert Einstein<\/strong><\/a><strong>\u00a0(1879-1955)<\/strong><strong> Premio Nobel de F\u00edsica<\/strong><\/p>\n<\/div>\n<p style=\"text-align: justify;\"><em>\u00a0<\/em>Un tercer recurso del alma humana es <strong><em>la voluntad<\/em><\/strong>. \u00bfAcaso la voluntad tiene l\u00edmites? Cu\u00e1ntas gestas imposibles, heroicidades y vidas singulares han salvado muchas vidas y almas a lo largo de la historia basados simplemente en la f\u00e9rrea voluntad de hombres ejemplares.<\/p>\n<p style=\"text-align: justify;\">Sin duda, la voluntad es una fuerza que instalada en el alma y con su desarrollo adecuado consigue cosas imposibles en multitud de ocasiones. En las sociedades de excesivo bienestar, donde las generaciones est\u00e1n acostumbradas a tener todo lo necesario desde la cuna, el ejercicio y desarrollo de la voluntad se ve mermado muchas veces por la falta de necesidad.<\/p>\n<p style=\"text-align: justify;\">Sin embargo no quiere decir que el hombre acomodado no la posea, tan solo <em>\u201cla guarda en el bolsillo\u201d<\/em>, y no la utiliza porque le es m\u00e1s c\u00f3modo y le supone menos esfuerzo no tener que ejercitarla si ya tiene sus necesidades b\u00e1sicas cubiertas. Ahora bien, incluso en estas sociedades los ejemplos de hombres y mujeres con voluntad excepcional se desarrollan igualmente cuando no la usan para su propio bien, sino para el del pr\u00f3jimo. Y en estos casos, a la voluntad se une la caridad y la fraternidad del alma elevada que viene y se entrega a su compromiso en la Tierra con ansias de ayudar y de hacer el bien. Los resultados son extraordinarios, y la estela de luz y ejemplo de superaci\u00f3n que ofrecen al mundo tambi\u00e9n lo son.<\/p>\n<div class=\"content-box-blue\" style=\"text-align: center;\">\n<p style=\"text-align: center;\"><strong>\u00a0<\/strong><strong>\u201cUn alma no se puede comprar, pues es libre gracias a su propia naturaleza\u201d.<\/strong><\/p>\n<\/div>\n<p style=\"text-align: justify;\"><strong>\u00a0<\/strong>Sin duda alguna, uno de los recursos m\u00e1s importantes del alma humana es <strong><em>la libertad<\/em><\/strong>. Y m\u00e1s concretamente el libre albedr\u00edo, que subyace en la naturaleza del alma desde que es creada por Dios. No existe el fatalismo ni el ciego determinismo que el materialismo ha querido imponer; existe la capacidad de decidir por nosotros mismos. Otra cosa es que las decisiones sean m\u00e1s o menos acertadas. Por ello, somos los \u00ab<em>due\u00f1os de nuestro propio destino\u201d<\/em>. Y en funci\u00f3n de c\u00f3mo actuamos, pensamos y sentimos, as\u00ed creamos a nuestro alrededor las causas y circunstancias que determinan nuestro futuro feliz o desdichado.<\/p>\n<p style=\"text-align: justify;\"><strong>\u00a0<\/strong>\u201cConocer\u00e9is la verdad y la verdad os har\u00e1 libres\u201d. \u00bfA qu\u00e9 se refiere el maestro de galilea con esta frase? Nos explica que solo con la verdad podemos ser libres verdaderamente; libres de la ignorancia que nos conduce al error, libres de las pasiones y vicios que degeneran el cuerpo y ensucian el alma, libres de las imperfecciones que nos dominan y debemos conocer para superar. Y as\u00ed sucesivamente. La verdad se encuentra en nuestro interior, en cada uno de nosotros, y en diferentes grados seg\u00fan nuestra evoluci\u00f3n y progreso moral. El alma elevada comprende mejor y en mayor amplitud los conceptos de \u201cla verdad una\u201d que reside en Dios. El alma endeudada goza de menor libre albedr\u00edo por sus constantes equivocaciones, y como consecuencia de ello se ve sometida por su propia imperfecci\u00f3n y debilidad moral.<\/p>\n<div class=\"content-box-blue\" style=\"text-align: center;\">\n<p style=\"text-align: center;\"><strong>\u201cSi no alimentas tu alma con amor, solo habr\u00e1 odio en tu coraz\u00f3n\u201d.<\/strong><\/p>\n<\/div>\n<p style=\"text-align: justify;\">Pero sin duda ninguna, el recurso m\u00e1s poderoso del alma\u00a0 no es otro que <strong><em>el amor. <\/em><\/strong>La moderna ciencia de la neuropsicolog\u00eda nos presenta un aspecto del funcionamiento de nuestro cerebro desconocido hasta hace unas pocas d\u00e9cadas. \u201cLa base de un cerebro sano es un cerebro bondadoso\u201d. Esta frase del Dr. Richard Davidson, uno de los m\u00e1s eminentes cient\u00edficos en esta \u00e1rea de la neurociencia afectiva, coloca la bondad y el amor no solo como un elemento de salud y mejor\u00eda cerebral, sino como una necesidad para el equilibrio mental y cerebral del ser humano. El mayor psicoterapeuta de la humanidad lo explic\u00f3 y lo demostr\u00f3 hace ahora m\u00e1s de dos mil a\u00f1os: <strong><em>\u201cEl amor es terap\u00e9utico\u201d. <\/em><\/strong>Toda la vida y ense\u00f1anza del maestro de Nazaret se puede resumir en la importancia que conced\u00eda al amor a Dios, a uno mismo y al pr\u00f3jimo como fuente de salud, felicidad y armon\u00eda del alma.<\/p>\n<div class=\"content-box-blue\" style=\"text-align: center;\">\n<p style=\"text-align: center;\"><strong><em>\u00a0<\/em><\/strong><strong><em>\u201cEl alma est\u00e1 en el cuerpo como si fuese un diamante; no olvides cuidarlo y sacarle brillo\u201d.<\/em><\/strong><\/p>\n<\/div>\n<p style=\"text-align: justify;\">Por ello, cuando hoy las ciencias de la conducta humana, junto a las ciencias biol\u00f3gicas y de la salud, ponen en evidencia la importancia del amor, el perd\u00f3n, la compasi\u00f3n y la tolerancia como recurso de equilibrio mental y salud f\u00edsica, no hacen m\u00e1s que ratificar la luminosa ense\u00f1anza del maestro Jes\u00fas en su paso por la Tierra. <strong><em>El amor es sin duda el recurso m\u00e1s poderoso del alma<\/em><\/strong>, no solo porque trasciende las fronteras del tiempo y el espacio, sino, sobre todo, porque vincula al alma inmortal por toda la eternidad con aquellos en los deposita sus afectos m\u00e1s profundos.<\/p>\n<p style=\"text-align: justify;\">Es el amor el reflejo de la luz interior que todo ser humano posee como consecuencia de haber sido creado a imagen y semejanza de Dios. Dios es amor y el amor es Dios; por ello su obra m\u00e1s excelsa, que es el alma humana inmortal, posee como naturaleza principal el amor divino que deber\u00e1 desarrollarse al tiempo que el hombre crece y progresa en el desenvolvimiento de las virtudes que posee como recursos latentes instalados por Dios en su interior.<\/p>\n<p style=\"text-align: right;\"><b>Los recursos ignorados\u00a0del alma por: <\/b><a href=\"https:\/\/amorpazycaridad.es\/?s=redaccion\"><b>Redacci\u00f3n<\/b><\/a><\/p>\n<p style=\"text-align: right;\"><strong style=\"text-align: right;\"><em>\u00a9<\/em><\/strong><span style=\"text-align: right;\">2020, Amor, Paz y Caridad<\/span><\/p>\n<div class=\"content-box-blue\" style=\"text-align: center;\">\n<p style=\"text-align: center;\"><strong><em>\u00a0<\/em><\/strong><strong><em>\u201cEl alma es lo que nos asemeja a los dioses\u201d<\/em><\/strong><\/p>\n<p style=\"text-align: center;\">Plat\u00f3n &#8211; Fil\u00f3sofo griego, s. V. a. C.<\/p>\n<\/div>\n","protected":false},"excerpt":{"rendered":"<p>Los recursos ignorados del alma \u201cTodas mis pertenencias se encuentran en mi alma\u201d. \u00a0\u201cTodos mis bienes est\u00e1n conmigo, e ir\u00e1n donde yo vaya. Mis valiosos tesoros nunca me abandonan, no los dejo en el olvido ni a merced de quien quiera apropi\u00e1rselos\u00bb. Los interrogadores preguntaron: \u00ab\u00bfCuales son esos bienes que te hacen rico y siempre [&hellip;]<\/p>\n","protected":false},"author":2,"featured_media":15781,"comment_status":"open","ping_status":"open","sticky":false,"template":"","format":"standard","meta":{"tdm_status":"","tdm_grid_status":"","footnotes":""},"categories":[22],"tags":[70,5861,5860,5862,3787,473,1748,471],"ppma_author":[396],"class_list":{"0":"post-15715","1":"post","2":"type-post","3":"status-publish","4":"format-standard","5":"has-post-thumbnail","7":"category-editorial","8":"tag-amor-2","9":"tag-construccion-y-atraccion-mental-de-nuestra-vida","10":"tag-creacion-de-la-realidad","11":"tag-el-recurso-mas-poderoso-del-alma","12":"tag-emocion","13":"tag-libertad","14":"tag-pensamiento","15":"tag-voluntad"},"yoast_head":"<!-- This site is optimized with the Yoast SEO plugin v27.7 - https:\/\/yoast.com\/product\/yoast-seo-wordpress\/ -->\n<title>LOS RECURSOS IGNORADOS DEL ALMA | AMOR, PAZ Y CARIDAD |<\/title>\n<meta name=\"description\" content=\"Los recursos ignorados del alma. Siendo el alma humana el origen del pensamiento que proviene de la mente y que es reflejado por el cerebro...\" \/>\n<meta name=\"robots\" content=\"index, follow, max-snippet:-1, max-image-preview:large, max-video-preview:-1\" \/>\n<link rel=\"canonical\" href=\"https:\/\/amorpazy-cp515.wordpresstemporal.com\/amorpazycaridad.es\/los-recursos-ignorados-del-alma\/\" \/>\n<meta property=\"og:locale\" content=\"es_ES\" \/>\n<meta property=\"og:type\" content=\"article\" \/>\n<meta property=\"og:title\" content=\"LOS RECURSOS IGNORADOS DEL ALMA | AMOR, PAZ Y CARIDAD |\" \/>\n<meta property=\"og:description\" content=\"Los recursos ignorados del alma. Siendo el alma humana el origen del pensamiento que proviene de la mente y que es reflejado por el cerebro...\" \/>\n<meta property=\"og:url\" content=\"https:\/\/amorpazy-cp515.wordpresstemporal.com\/amorpazycaridad.es\/los-recursos-ignorados-del-alma\/\" \/>\n<meta property=\"og:site_name\" content=\"Amor, paz caridad\" \/>\n<meta property=\"article:publisher\" content=\"http:\/\/www.facebook.com\/pages\/Amor-paz-y-caridad\/1594978604096866\" \/>\n<meta property=\"article:published_time\" content=\"2021-05-03T04:30:36+00:00\" \/>\n<meta property=\"article:modified_time\" content=\"2021-05-03T06:04:41+00:00\" \/>\n<meta property=\"og:image\" content=\"https:\/\/amorpazy-cp515.wordpresstemporal.com\/amorpazycaridad.es\/wp-content\/uploads\/2021\/05\/Recursos-alma.jpg\" \/>\n\t<meta property=\"og:image:width\" content=\"750\" \/>\n\t<meta property=\"og:image:height\" content=\"470\" \/>\n\t<meta property=\"og:image:type\" content=\"image\/jpeg\" \/>\n<meta name=\"author\" content=\"Redaccion\" \/>\n<meta name=\"twitter:card\" content=\"summary_large_image\" \/>\n<meta name=\"twitter:creator\" content=\"@amorpazycaridad\" \/>\n<meta name=\"twitter:site\" content=\"@amorpazycaridad\" \/>\n<meta name=\"twitter:label1\" content=\"Escrito por\" \/>\n\t<meta name=\"twitter:data1\" content=\"Redacci\u00f3n\" \/>\n\t<meta name=\"twitter:label2\" content=\"Tiempo de lectura\" \/>\n\t<meta name=\"twitter:data2\" content=\"6 minutos\" \/>\n<script type=\"application\/ld+json\" class=\"yoast-schema-graph\">{\"@context\":\"https:\\\/\\\/schema.org\",\"@graph\":[{\"@type\":\"Article\",\"@id\":\"https:\\\/\\\/amorpazy-cp515.wordpresstemporal.com\\\/amorpazycaridad.es\\\/los-recursos-ignorados-del-alma\\\/#article\",\"isPartOf\":{\"@id\":\"https:\\\/\\\/amorpazy-cp515.wordpresstemporal.com\\\/amorpazycaridad.es\\\/los-recursos-ignorados-del-alma\\\/\"},\"author\":{\"name\":\"Redacci\u00f3n\",\"@id\":\"https:\\\/\\\/amorpazycaridad.es\\\/#\\\/schema\\\/person\\\/44cbc218f1b29f65390e7c8a4fd0c28d\"},\"headline\":\"LOS RECURSOS IGNORADOS DEL ALMA\",\"datePublished\":\"2021-05-03T04:30:36+00:00\",\"dateModified\":\"2021-05-03T06:04:41+00:00\",\"mainEntityOfPage\":{\"@id\":\"https:\\\/\\\/amorpazy-cp515.wordpresstemporal.com\\\/amorpazycaridad.es\\\/los-recursos-ignorados-del-alma\\\/\"},\"wordCount\":1443,\"commentCount\":0,\"publisher\":{\"@id\":\"https:\\\/\\\/amorpazycaridad.es\\\/#organization\"},\"image\":{\"@id\":\"https:\\\/\\\/amorpazy-cp515.wordpresstemporal.com\\\/amorpazycaridad.es\\\/los-recursos-ignorados-del-alma\\\/#primaryimage\"},\"thumbnailUrl\":\"https:\\\/\\\/amorpazy-cp515.wordpresstemporal.com\\\/amorpazycaridad.es\\\/wp-content\\\/uploads\\\/2021\\\/05\\\/Recursos-alma.jpg\",\"keywords\":[\"Amor\",\"construcci\u00f3n y atracci\u00f3n mental de nuestra vida\",\"creaci\u00f3n de la realidad\",\"el recurso m\u00e1s poderoso del alma\",\"emoci\u00f3n\",\"Libertad\",\"Pensamiento\",\"Voluntad\"],\"articleSection\":[\"Editorial\"],\"inLanguage\":\"es\",\"potentialAction\":[{\"@type\":\"CommentAction\",\"name\":\"Comment\",\"target\":[\"https:\\\/\\\/amorpazy-cp515.wordpresstemporal.com\\\/amorpazycaridad.es\\\/los-recursos-ignorados-del-alma\\\/#respond\"]}]},{\"@type\":\"WebPage\",\"@id\":\"https:\\\/\\\/amorpazy-cp515.wordpresstemporal.com\\\/amorpazycaridad.es\\\/los-recursos-ignorados-del-alma\\\/\",\"url\":\"https:\\\/\\\/amorpazy-cp515.wordpresstemporal.com\\\/amorpazycaridad.es\\\/los-recursos-ignorados-del-alma\\\/\",\"name\":\"LOS RECURSOS IGNORADOS DEL ALMA | AMOR, PAZ Y CARIDAD |\",\"isPartOf\":{\"@id\":\"https:\\\/\\\/amorpazycaridad.es\\\/#website\"},\"primaryImageOfPage\":{\"@id\":\"https:\\\/\\\/amorpazy-cp515.wordpresstemporal.com\\\/amorpazycaridad.es\\\/los-recursos-ignorados-del-alma\\\/#primaryimage\"},\"image\":{\"@id\":\"https:\\\/\\\/amorpazy-cp515.wordpresstemporal.com\\\/amorpazycaridad.es\\\/los-recursos-ignorados-del-alma\\\/#primaryimage\"},\"thumbnailUrl\":\"https:\\\/\\\/amorpazy-cp515.wordpresstemporal.com\\\/amorpazycaridad.es\\\/wp-content\\\/uploads\\\/2021\\\/05\\\/Recursos-alma.jpg\",\"datePublished\":\"2021-05-03T04:30:36+00:00\",\"dateModified\":\"2021-05-03T06:04:41+00:00\",\"description\":\"Los recursos ignorados del alma. Siendo el alma humana el origen del pensamiento que proviene de la mente y que es reflejado por el cerebro...\",\"breadcrumb\":{\"@id\":\"https:\\\/\\\/amorpazy-cp515.wordpresstemporal.com\\\/amorpazycaridad.es\\\/los-recursos-ignorados-del-alma\\\/#breadcrumb\"},\"inLanguage\":\"es\",\"potentialAction\":[{\"@type\":\"ReadAction\",\"target\":[\"https:\\\/\\\/amorpazy-cp515.wordpresstemporal.com\\\/amorpazycaridad.es\\\/los-recursos-ignorados-del-alma\\\/\"]}]},{\"@type\":\"ImageObject\",\"inLanguage\":\"es\",\"@id\":\"https:\\\/\\\/amorpazy-cp515.wordpresstemporal.com\\\/amorpazycaridad.es\\\/los-recursos-ignorados-del-alma\\\/#primaryimage\",\"url\":\"https:\\\/\\\/amorpazy-cp515.wordpresstemporal.com\\\/amorpazycaridad.es\\\/wp-content\\\/uploads\\\/2021\\\/05\\\/Recursos-alma.jpg\",\"contentUrl\":\"https:\\\/\\\/amorpazy-cp515.wordpresstemporal.com\\\/amorpazycaridad.es\\\/wp-content\\\/uploads\\\/2021\\\/05\\\/Recursos-alma.jpg\",\"width\":750,\"height\":470,\"caption\":\"Los recursos ignorados del alma\"},{\"@type\":\"BreadcrumbList\",\"@id\":\"https:\\\/\\\/amorpazy-cp515.wordpresstemporal.com\\\/amorpazycaridad.es\\\/los-recursos-ignorados-del-alma\\\/#breadcrumb\",\"itemListElement\":[{\"@type\":\"ListItem\",\"position\":1,\"name\":\"Portada\",\"item\":\"https:\\\/\\\/amorpazy-cp515.wordpresstemporal.com\\\/amorpazycaridad.es\\\/\"},{\"@type\":\"ListItem\",\"position\":2,\"name\":\"LOS RECURSOS IGNORADOS DEL ALMA\"}]},{\"@type\":\"WebSite\",\"@id\":\"https:\\\/\\\/amorpazycaridad.es\\\/#website\",\"url\":\"https:\\\/\\\/amorpazycaridad.es\\\/\",\"name\":\"Amor, paz caridad\",\"description\":\"Conocimiento espiritual, espiritismo, espiritualismo, leyes universales, m\u00e1s all\u00e1, vida despu\u00e9s de la vida,\",\"publisher\":{\"@id\":\"https:\\\/\\\/amorpazycaridad.es\\\/#organization\"},\"potentialAction\":[{\"@type\":\"SearchAction\",\"target\":{\"@type\":\"EntryPoint\",\"urlTemplate\":\"https:\\\/\\\/amorpazycaridad.es\\\/?s={search_term_string}\"},\"query-input\":{\"@type\":\"PropertyValueSpecification\",\"valueRequired\":true,\"valueName\":\"search_term_string\"}}],\"inLanguage\":\"es\"},{\"@type\":\"Organization\",\"@id\":\"https:\\\/\\\/amorpazycaridad.es\\\/#organization\",\"name\":\"Asociaci\u00f3n de Estudios Espirituales Grupo Villena\",\"url\":\"https:\\\/\\\/amorpazycaridad.es\\\/\",\"logo\":{\"@type\":\"ImageObject\",\"inLanguage\":\"es\",\"@id\":\"https:\\\/\\\/amorpazycaridad.es\\\/#\\\/schema\\\/logo\\\/image\\\/\",\"url\":\"https:\\\/\\\/amorpazycaridad.es\\\/wp-content\\\/uploads\\\/2015\\\/01\\\/logo-fav-e1420247830294.jpg\",\"contentUrl\":\"https:\\\/\\\/amorpazycaridad.es\\\/wp-content\\\/uploads\\\/2015\\\/01\\\/logo-fav-e1420247830294.jpg\",\"width\":144,\"height\":144,\"caption\":\"Asociaci\u00f3n de Estudios Espirituales Grupo Villena\"},\"image\":{\"@id\":\"https:\\\/\\\/amorpazycaridad.es\\\/#\\\/schema\\\/logo\\\/image\\\/\"},\"sameAs\":[\"http:\\\/\\\/www.facebook.com\\\/pages\\\/Amor-paz-y-caridad\\\/1594978604096866\",\"https:\\\/\\\/x.com\\\/amorpazycaridad\",\"https:\\\/\\\/es.pinterest.com\\\/amorpazycaridad\\\/\",\"https:\\\/\\\/www.youtube.com\\\/channel\\\/UC1GvDIDCLoL02SzOD7NJdrA\"]},{\"@type\":\"Person\",\"@id\":\"https:\\\/\\\/amorpazycaridad.es\\\/#\\\/schema\\\/person\\\/44cbc218f1b29f65390e7c8a4fd0c28d\",\"name\":\"Redacci\u00f3n\",\"image\":{\"@type\":\"ImageObject\",\"inLanguage\":\"es\",\"@id\":\"https:\\\/\\\/amorpazycaridad.es\\\/wp-content\\\/uploads\\\/2015\\\/01\\\/icono-114-96x96.jpg73ca1ff604f9e7c7607bbbfa84b61c44\",\"url\":\"https:\\\/\\\/amorpazycaridad.es\\\/wp-content\\\/uploads\\\/2015\\\/01\\\/icono-114-96x96.jpg\",\"contentUrl\":\"https:\\\/\\\/amorpazycaridad.es\\\/wp-content\\\/uploads\\\/2015\\\/01\\\/icono-114-96x96.jpg\",\"caption\":\"Redacci\u00f3n\"},\"sameAs\":[\"http:\\\/\\\/www.amorpazycaridad.com\"],\"url\":\"https:\\\/\\\/amorpazy-cp515.wordpresstemporal.com\\\/amorpazycaridad.es\\\/author\\\/redaccion\\\/\"}]}<\/script>\n<!-- \/ Yoast SEO plugin. -->","yoast_head_json":{"title":"LOS RECURSOS IGNORADOS DEL ALMA | AMOR, PAZ Y CARIDAD |","description":"Los recursos ignorados del alma. Siendo el alma humana el origen del pensamiento que proviene de la mente y que es reflejado por el cerebro...","robots":{"index":"index","follow":"follow","max-snippet":"max-snippet:-1","max-image-preview":"max-image-preview:large","max-video-preview":"max-video-preview:-1"},"canonical":"https:\/\/amorpazy-cp515.wordpresstemporal.com\/amorpazycaridad.es\/los-recursos-ignorados-del-alma\/","og_locale":"es_ES","og_type":"article","og_title":"LOS RECURSOS IGNORADOS DEL ALMA | AMOR, PAZ Y CARIDAD |","og_description":"Los recursos ignorados del alma. Siendo el alma humana el origen del pensamiento que proviene de la mente y que es reflejado por el cerebro...","og_url":"https:\/\/amorpazy-cp515.wordpresstemporal.com\/amorpazycaridad.es\/los-recursos-ignorados-del-alma\/","og_site_name":"Amor, paz caridad","article_publisher":"http:\/\/www.facebook.com\/pages\/Amor-paz-y-caridad\/1594978604096866","article_published_time":"2021-05-03T04:30:36+00:00","article_modified_time":"2021-05-03T06:04:41+00:00","og_image":[{"width":750,"height":470,"url":"https:\/\/amorpazy-cp515.wordpresstemporal.com\/amorpazycaridad.es\/wp-content\/uploads\/2021\/05\/Recursos-alma.jpg","type":"image\/jpeg"}],"author":"Redaccion","twitter_card":"summary_large_image","twitter_creator":"@amorpazycaridad","twitter_site":"@amorpazycaridad","twitter_misc":{"Escrito por":"Redacci\u00f3n","Tiempo de lectura":"6 minutos"},"schema":{"@context":"https:\/\/schema.org","@graph":[{"@type":"Article","@id":"https:\/\/amorpazy-cp515.wordpresstemporal.com\/amorpazycaridad.es\/los-recursos-ignorados-del-alma\/#article","isPartOf":{"@id":"https:\/\/amorpazy-cp515.wordpresstemporal.com\/amorpazycaridad.es\/los-recursos-ignorados-del-alma\/"},"author":{"name":"Redacci\u00f3n","@id":"https:\/\/amorpazycaridad.es\/#\/schema\/person\/44cbc218f1b29f65390e7c8a4fd0c28d"},"headline":"LOS RECURSOS IGNORADOS DEL ALMA","datePublished":"2021-05-03T04:30:36+00:00","dateModified":"2021-05-03T06:04:41+00:00","mainEntityOfPage":{"@id":"https:\/\/amorpazy-cp515.wordpresstemporal.com\/amorpazycaridad.es\/los-recursos-ignorados-del-alma\/"},"wordCount":1443,"commentCount":0,"publisher":{"@id":"https:\/\/amorpazycaridad.es\/#organization"},"image":{"@id":"https:\/\/amorpazy-cp515.wordpresstemporal.com\/amorpazycaridad.es\/los-recursos-ignorados-del-alma\/#primaryimage"},"thumbnailUrl":"https:\/\/amorpazy-cp515.wordpresstemporal.com\/amorpazycaridad.es\/wp-content\/uploads\/2021\/05\/Recursos-alma.jpg","keywords":["Amor","construcci\u00f3n y atracci\u00f3n mental de nuestra vida","creaci\u00f3n de la realidad","el recurso m\u00e1s poderoso del alma","emoci\u00f3n","Libertad","Pensamiento","Voluntad"],"articleSection":["Editorial"],"inLanguage":"es","potentialAction":[{"@type":"CommentAction","name":"Comment","target":["https:\/\/amorpazy-cp515.wordpresstemporal.com\/amorpazycaridad.es\/los-recursos-ignorados-del-alma\/#respond"]}]},{"@type":"WebPage","@id":"https:\/\/amorpazy-cp515.wordpresstemporal.com\/amorpazycaridad.es\/los-recursos-ignorados-del-alma\/","url":"https:\/\/amorpazy-cp515.wordpresstemporal.com\/amorpazycaridad.es\/los-recursos-ignorados-del-alma\/","name":"LOS RECURSOS IGNORADOS DEL ALMA | AMOR, PAZ Y CARIDAD |","isPartOf":{"@id":"https:\/\/amorpazycaridad.es\/#website"},"primaryImageOfPage":{"@id":"https:\/\/amorpazy-cp515.wordpresstemporal.com\/amorpazycaridad.es\/los-recursos-ignorados-del-alma\/#primaryimage"},"image":{"@id":"https:\/\/amorpazy-cp515.wordpresstemporal.com\/amorpazycaridad.es\/los-recursos-ignorados-del-alma\/#primaryimage"},"thumbnailUrl":"https:\/\/amorpazy-cp515.wordpresstemporal.com\/amorpazycaridad.es\/wp-content\/uploads\/2021\/05\/Recursos-alma.jpg","datePublished":"2021-05-03T04:30:36+00:00","dateModified":"2021-05-03T06:04:41+00:00","description":"Los recursos ignorados del alma. Siendo el alma humana el origen del pensamiento que proviene de la mente y que es reflejado por el cerebro...","breadcrumb":{"@id":"https:\/\/amorpazy-cp515.wordpresstemporal.com\/amorpazycaridad.es\/los-recursos-ignorados-del-alma\/#breadcrumb"},"inLanguage":"es","potentialAction":[{"@type":"ReadAction","target":["https:\/\/amorpazy-cp515.wordpresstemporal.com\/amorpazycaridad.es\/los-recursos-ignorados-del-alma\/"]}]},{"@type":"ImageObject","inLanguage":"es","@id":"https:\/\/amorpazy-cp515.wordpresstemporal.com\/amorpazycaridad.es\/los-recursos-ignorados-del-alma\/#primaryimage","url":"https:\/\/amorpazy-cp515.wordpresstemporal.com\/amorpazycaridad.es\/wp-content\/uploads\/2021\/05\/Recursos-alma.jpg","contentUrl":"https:\/\/amorpazy-cp515.wordpresstemporal.com\/amorpazycaridad.es\/wp-content\/uploads\/2021\/05\/Recursos-alma.jpg","width":750,"height":470,"caption":"Los recursos ignorados del alma"},{"@type":"BreadcrumbList","@id":"https:\/\/amorpazy-cp515.wordpresstemporal.com\/amorpazycaridad.es\/los-recursos-ignorados-del-alma\/#breadcrumb","itemListElement":[{"@type":"ListItem","position":1,"name":"Portada","item":"https:\/\/amorpazy-cp515.wordpresstemporal.com\/amorpazycaridad.es\/"},{"@type":"ListItem","position":2,"name":"LOS RECURSOS IGNORADOS DEL ALMA"}]},{"@type":"WebSite","@id":"https:\/\/amorpazycaridad.es\/#website","url":"https:\/\/amorpazycaridad.es\/","name":"Amor, paz caridad","description":"Conocimiento espiritual, espiritismo, espiritualismo, leyes universales, m\u00e1s all\u00e1, vida despu\u00e9s de la vida,","publisher":{"@id":"https:\/\/amorpazycaridad.es\/#organization"},"potentialAction":[{"@type":"SearchAction","target":{"@type":"EntryPoint","urlTemplate":"https:\/\/amorpazycaridad.es\/?s={search_term_string}"},"query-input":{"@type":"PropertyValueSpecification","valueRequired":true,"valueName":"search_term_string"}}],"inLanguage":"es"},{"@type":"Organization","@id":"https:\/\/amorpazycaridad.es\/#organization","name":"Asociaci\u00f3n de Estudios Espirituales Grupo Villena","url":"https:\/\/amorpazycaridad.es\/","logo":{"@type":"ImageObject","inLanguage":"es","@id":"https:\/\/amorpazycaridad.es\/#\/schema\/logo\/image\/","url":"https:\/\/amorpazycaridad.es\/wp-content\/uploads\/2015\/01\/logo-fav-e1420247830294.jpg","contentUrl":"https:\/\/amorpazycaridad.es\/wp-content\/uploads\/2015\/01\/logo-fav-e1420247830294.jpg","width":144,"height":144,"caption":"Asociaci\u00f3n de Estudios Espirituales Grupo Villena"},"image":{"@id":"https:\/\/amorpazycaridad.es\/#\/schema\/logo\/image\/"},"sameAs":["http:\/\/www.facebook.com\/pages\/Amor-paz-y-caridad\/1594978604096866","https:\/\/x.com\/amorpazycaridad","https:\/\/es.pinterest.com\/amorpazycaridad\/","https:\/\/www.youtube.com\/channel\/UC1GvDIDCLoL02SzOD7NJdrA"]},{"@type":"Person","@id":"https:\/\/amorpazycaridad.es\/#\/schema\/person\/44cbc218f1b29f65390e7c8a4fd0c28d","name":"Redacci\u00f3n","image":{"@type":"ImageObject","inLanguage":"es","@id":"https:\/\/amorpazycaridad.es\/wp-content\/uploads\/2015\/01\/icono-114-96x96.jpg73ca1ff604f9e7c7607bbbfa84b61c44","url":"https:\/\/amorpazycaridad.es\/wp-content\/uploads\/2015\/01\/icono-114-96x96.jpg","contentUrl":"https:\/\/amorpazycaridad.es\/wp-content\/uploads\/2015\/01\/icono-114-96x96.jpg","caption":"Redacci\u00f3n"},"sameAs":["http:\/\/www.amorpazycaridad.com"],"url":"https:\/\/amorpazy-cp515.wordpresstemporal.com\/amorpazycaridad.es\/author\/redaccion\/"}]}},"authors":[{"term_id":396,"user_id":0,"is_guest":1,"slug":"cap-redaccion","display_name":"Redaccion","avatar_url":"https:\/\/secure.gravatar.com\/avatar\/?s=96&d=mm&r=g","0":null,"1":"","2":"","3":"","4":"","5":"","6":"","7":"","8":""}],"_links":{"self":[{"href":"https:\/\/amorpazy-cp515.wordpresstemporal.com\/amorpazycaridad.es\/wp-json\/wp\/v2\/posts\/15715","targetHints":{"allow":["GET"]}}],"collection":[{"href":"https:\/\/amorpazy-cp515.wordpresstemporal.com\/amorpazycaridad.es\/wp-json\/wp\/v2\/posts"}],"about":[{"href":"https:\/\/amorpazy-cp515.wordpresstemporal.com\/amorpazycaridad.es\/wp-json\/wp\/v2\/types\/post"}],"author":[{"embeddable":true,"href":"https:\/\/amorpazy-cp515.wordpresstemporal.com\/amorpazycaridad.es\/wp-json\/wp\/v2\/users\/2"}],"replies":[{"embeddable":true,"href":"https:\/\/amorpazy-cp515.wordpresstemporal.com\/amorpazycaridad.es\/wp-json\/wp\/v2\/comments?post=15715"}],"version-history":[{"count":9,"href":"https:\/\/amorpazy-cp515.wordpresstemporal.com\/amorpazycaridad.es\/wp-json\/wp\/v2\/posts\/15715\/revisions"}],"predecessor-version":[{"id":15774,"href":"https:\/\/amorpazy-cp515.wordpresstemporal.com\/amorpazycaridad.es\/wp-json\/wp\/v2\/posts\/15715\/revisions\/15774"}],"wp:featuredmedia":[{"embeddable":true,"href":"https:\/\/amorpazy-cp515.wordpresstemporal.com\/amorpazycaridad.es\/wp-json\/wp\/v2\/media\/15781"}],"wp:attachment":[{"href":"https:\/\/amorpazy-cp515.wordpresstemporal.com\/amorpazycaridad.es\/wp-json\/wp\/v2\/media?parent=15715"}],"wp:term":[{"taxonomy":"category","embeddable":true,"href":"https:\/\/amorpazy-cp515.wordpresstemporal.com\/amorpazycaridad.es\/wp-json\/wp\/v2\/categories?post=15715"},{"taxonomy":"post_tag","embeddable":true,"href":"https:\/\/amorpazy-cp515.wordpresstemporal.com\/amorpazycaridad.es\/wp-json\/wp\/v2\/tags?post=15715"},{"taxonomy":"author","embeddable":true,"href":"https:\/\/amorpazy-cp515.wordpresstemporal.com\/amorpazycaridad.es\/wp-json\/wp\/v2\/ppma_author?post=15715"}],"curies":[{"name":"wp","href":"https:\/\/api.w.org\/{rel}","templated":true}]}}