{"id":15223,"date":"2020-12-26T08:56:09","date_gmt":"2020-12-26T07:56:09","guid":{"rendered":"https:\/\/amorpazycaridad.es\/?p=15223"},"modified":"2020-12-26T10:15:55","modified_gmt":"2020-12-26T09:15:55","slug":"que-debe-entenderse-por-fortaleza","status":"publish","type":"post","link":"https:\/\/amorpazy-cp515.wordpresstemporal.com\/amorpazycaridad.es\/que-debe-entenderse-por-fortaleza\/","title":{"rendered":"\u00bfQU\u00c9 DEBE ENTENDERSE POR FORTALEZA?"},"content":{"rendered":"<p>\u00bfQu\u00e9 debe entenderse por fortaleza?<\/p>\n<p style=\"text-align: justify;\">Es el valor moral que desplegamos para vencer nuestras pasiones y afrontar con firmeza y resoluci\u00f3n nuestras desgracias o infortunios. La fortaleza, entre otras virtudes abraza el sentimiento del honor, el amor a la gloria, la paciencia, la modestia, etc.<\/p>\n<p style=\"text-align: justify;\">La fortaleza no consiste en el mayor desarrollo de fuerzas f\u00edsicas o corporales, sino en la constancia y firmeza de nuestra voluntad puestas al servicio de la justicia y de la verdad. La fuerza s\u00f3lo puede merecer el dictado de virtuosa cu\u00e1ndo es \u00fatil a la sociedad, cuando da consistencia a otras virtudes.<\/p>\n<p style=\"text-align: justify;\">Una de las formas de la fortaleza es la perseverancia, es decir, la constancia en proseguir lo que se ha comenzado; \u00e9sta es una excelente cualidad cuando se aplica a cosas \u00fatiles y justas; solamente la perseverancia proporciona a los talentos la gloria, y a los virtuosos la corona. No es al que comienza, sino al que persevera, a quien est\u00e1 reservado el \u00e9xito.<\/p>\n<p style=\"text-align: justify;\"><strong>James Hogg<\/strong>, conocido en Inglaterra por <strong>el pastor de Ettrich<\/strong>, fue un poeta muy estimado. A los veinte a\u00f1os no sab\u00eda leer ni escribir; pero el trabajo y la constancia lo vencieron todo. Su juventud la hab\u00eda pasado miserablemente guardando ganados en las monta\u00f1as de Escocia. Como viv\u00eda en la m\u00e1s completa soledad, hab\u00eda terminado por tomar cari\u00f1o a las fuentes, a los arroyos, a las grutas, al cielo y a las nubes. Forzado, para poder vivir, a renunciar al trato de sus semejantes, se hab\u00eda apasionado por las bellezas de la naturaleza; pero \u00bfhubiera nunca llegado a ser capaz de pintar tales bellezas, si por la fuerza de su voluntad, por su perseverante aplicaci\u00f3n al trabajo, no hubiese adquirido una vasta y variada instrucci\u00f3n, un verdadero y notable talento? Su ejemplo nos ense\u00f1a que aun el joven cuya infancia haya sido completamente abandonada, puede reparar esta desgracia si de veras lo quiere y con firmeza persevera.<\/p>\n<p style=\"text-align: justify;\">El extremo opuesto de la fortaleza es la cobard\u00eda o miedo; y la cobard\u00eda no es otra cosa que una exageraci\u00f3n de la prudencia, pues que se teme m\u00e1s de lo que se debe temer, abultando nuestra debilidad los peligros, turb\u00e1ndonos el \u00e1nimo y haci\u00e9ndonos incapaces para obrar ni tomar resoluci\u00f3n alguna acertada. La cobard\u00eda o debilidad no es un vicio, pero conduce a \u00e9l: <em>el hombre malvado hace el mal; el d\u00e9bil lo deja hacer<\/em>.<\/p>\n<p style=\"text-align: justify;\"><strong><em>Lecci\u00f3n 4. De las virtudes humanas; 49. \u00bfQu\u00e9 debe entenderse por fortaleza? <\/em><\/strong><em>De la obra:<\/em><strong><em><a href=\"https:\/\/archive.org\/details\/compendio-moral-universal-fabian-palasi\/page\/7\/mode\/2up\">\u00a0COMPENDIO DE MORAL UNIVERSAL O HUMANA<\/a>\u00a0por Don\u00a0<a href=\"https:\/\/amorpazycaridad.es\/category\/ensenanzas-de-fabian-palasi\/\">FABI\u00c1N PALAS\u00cd<\/a>.<\/em><\/strong><\/p>\n","protected":false},"excerpt":{"rendered":"<p>\u00bfQu\u00e9 debe entenderse por fortaleza? Es el valor moral que desplegamos para vencer nuestras pasiones y afrontar con firmeza y resoluci\u00f3n nuestras desgracias o infortunios. La fortaleza, entre otras virtudes abraza el sentimiento del honor, el amor a la gloria, la paciencia, la modestia, etc. La fortaleza no consiste en el mayor desarrollo de fuerzas [&hellip;]<\/p>\n","protected":false},"author":10,"featured_media":15230,"comment_status":"open","ping_status":"open","sticky":false,"template":"","format":"standard","meta":{"tdm_status":"","tdm_grid_status":"","footnotes":""},"categories":[5492],"tags":[504,5495,5737,5703,5739,5738],"ppma_author":[520],"class_list":{"0":"post-15223","1":"post","2":"type-post","3":"status-publish","4":"format-standard","5":"has-post-thumbnail","7":"category-ensenanzas-de-fabian-palasi","8":"tag-cobardia","9":"tag-compendio-de-moral-universal-o-humana","10":"tag-el-pastor-de-ettrich","11":"tag-ensenanzas-de-fabian-palasi","12":"tag-james-hogg","13":"tag-la-fortaleza"},"yoast_head":"<!-- This site is optimized with the Yoast SEO plugin v27.7 - https:\/\/yoast.com\/product\/yoast-seo-wordpress\/ -->\n<title>\u00bfQU\u00c9 DEBE ENTENDERSE POR FORTALEZA? | AMOR PAZ Y CARIDAD<\/title>\n<meta name=\"description\" content=\"\u00bfQU\u00c9 DEBE ENTENDERSE POR FORTALEZA? Es el valor moral que desplegamos para afrontar con firmeza nuestras desgracias o infortunios.\" \/>\n<meta name=\"robots\" content=\"index, follow, max-snippet:-1, max-image-preview:large, max-video-preview:-1\" \/>\n<link rel=\"canonical\" href=\"https:\/\/amorpazy-cp515.wordpresstemporal.com\/amorpazycaridad.es\/que-debe-entenderse-por-fortaleza\/\" \/>\n<meta property=\"og:locale\" content=\"es_ES\" \/>\n<meta property=\"og:type\" content=\"article\" \/>\n<meta property=\"og:title\" content=\"\u00bfQU\u00c9 DEBE ENTENDERSE POR FORTALEZA? | AMOR PAZ Y CARIDAD\" \/>\n<meta property=\"og:description\" content=\"\u00bfQU\u00c9 DEBE ENTENDERSE POR FORTALEZA? Es el valor moral que desplegamos para afrontar con firmeza nuestras desgracias o infortunios.\" \/>\n<meta property=\"og:url\" content=\"https:\/\/amorpazy-cp515.wordpresstemporal.com\/amorpazycaridad.es\/que-debe-entenderse-por-fortaleza\/\" \/>\n<meta property=\"og:site_name\" content=\"Amor, paz caridad\" \/>\n<meta property=\"article:publisher\" content=\"http:\/\/www.facebook.com\/pages\/Amor-paz-y-caridad\/1594978604096866\" \/>\n<meta property=\"article:published_time\" content=\"2020-12-26T07:56:09+00:00\" \/>\n<meta property=\"article:modified_time\" content=\"2020-12-26T09:15:55+00:00\" \/>\n<meta property=\"og:image\" content=\"https:\/\/amorpazy-cp515.wordpresstemporal.com\/amorpazycaridad.es\/wp-content\/uploads\/2020\/12\/Fortaleza.jpg\" \/>\n\t<meta property=\"og:image:width\" content=\"750\" \/>\n\t<meta property=\"og:image:height\" content=\"470\" \/>\n\t<meta property=\"og:image:type\" content=\"image\/jpeg\" \/>\n<meta name=\"author\" content=\"Redaccion revista\" \/>\n<meta name=\"twitter:card\" content=\"summary_large_image\" \/>\n<meta name=\"twitter:creator\" content=\"@amorpazycaridad\" \/>\n<meta name=\"twitter:site\" content=\"@amorpazycaridad\" \/>\n<meta name=\"twitter:label1\" content=\"Escrito por\" \/>\n\t<meta name=\"twitter:data1\" content=\"Redaccion APC\" \/>\n\t<meta name=\"twitter:label2\" content=\"Tiempo de lectura\" \/>\n\t<meta name=\"twitter:data2\" content=\"2 minutos\" \/>\n<script type=\"application\/ld+json\" class=\"yoast-schema-graph\">{\"@context\":\"https:\\\/\\\/schema.org\",\"@graph\":[{\"@type\":\"Article\",\"@id\":\"https:\\\/\\\/amorpazy-cp515.wordpresstemporal.com\\\/amorpazycaridad.es\\\/que-debe-entenderse-por-fortaleza\\\/#article\",\"isPartOf\":{\"@id\":\"https:\\\/\\\/amorpazy-cp515.wordpresstemporal.com\\\/amorpazycaridad.es\\\/que-debe-entenderse-por-fortaleza\\\/\"},\"author\":{\"name\":\"Redaccion APC\",\"@id\":\"https:\\\/\\\/amorpazycaridad.es\\\/#\\\/schema\\\/person\\\/f6b5c8408dab7f2821df157f3b51ce47\"},\"headline\":\"\u00bfQU\u00c9 DEBE ENTENDERSE POR FORTALEZA?\",\"datePublished\":\"2020-12-26T07:56:09+00:00\",\"dateModified\":\"2020-12-26T09:15:55+00:00\",\"mainEntityOfPage\":{\"@id\":\"https:\\\/\\\/amorpazy-cp515.wordpresstemporal.com\\\/amorpazycaridad.es\\\/que-debe-entenderse-por-fortaleza\\\/\"},\"wordCount\":450,\"commentCount\":0,\"publisher\":{\"@id\":\"https:\\\/\\\/amorpazycaridad.es\\\/#organization\"},\"image\":{\"@id\":\"https:\\\/\\\/amorpazy-cp515.wordpresstemporal.com\\\/amorpazycaridad.es\\\/que-debe-entenderse-por-fortaleza\\\/#primaryimage\"},\"thumbnailUrl\":\"https:\\\/\\\/amorpazy-cp515.wordpresstemporal.com\\\/amorpazycaridad.es\\\/wp-content\\\/uploads\\\/2020\\\/12\\\/Fortaleza.jpg\",\"keywords\":[\"cobardia\",\"Compendio de Moral Universal o Humana\",\"El pastor de Ettrich\",\"Ense\u00f1anzas de Fabi\u00e1n Palas\u00ed\",\"James Hogg\",\"la fortaleza\"],\"articleSection\":[\"Ense\u00f1anzas de Fabi\u00e1n Palas\u00ed\"],\"inLanguage\":\"es\",\"potentialAction\":[{\"@type\":\"CommentAction\",\"name\":\"Comment\",\"target\":[\"https:\\\/\\\/amorpazy-cp515.wordpresstemporal.com\\\/amorpazycaridad.es\\\/que-debe-entenderse-por-fortaleza\\\/#respond\"]}]},{\"@type\":\"WebPage\",\"@id\":\"https:\\\/\\\/amorpazy-cp515.wordpresstemporal.com\\\/amorpazycaridad.es\\\/que-debe-entenderse-por-fortaleza\\\/\",\"url\":\"https:\\\/\\\/amorpazy-cp515.wordpresstemporal.com\\\/amorpazycaridad.es\\\/que-debe-entenderse-por-fortaleza\\\/\",\"name\":\"\u00bfQU\u00c9 DEBE ENTENDERSE POR FORTALEZA? | AMOR PAZ Y CARIDAD\",\"isPartOf\":{\"@id\":\"https:\\\/\\\/amorpazycaridad.es\\\/#website\"},\"primaryImageOfPage\":{\"@id\":\"https:\\\/\\\/amorpazy-cp515.wordpresstemporal.com\\\/amorpazycaridad.es\\\/que-debe-entenderse-por-fortaleza\\\/#primaryimage\"},\"image\":{\"@id\":\"https:\\\/\\\/amorpazy-cp515.wordpresstemporal.com\\\/amorpazycaridad.es\\\/que-debe-entenderse-por-fortaleza\\\/#primaryimage\"},\"thumbnailUrl\":\"https:\\\/\\\/amorpazy-cp515.wordpresstemporal.com\\\/amorpazycaridad.es\\\/wp-content\\\/uploads\\\/2020\\\/12\\\/Fortaleza.jpg\",\"datePublished\":\"2020-12-26T07:56:09+00:00\",\"dateModified\":\"2020-12-26T09:15:55+00:00\",\"description\":\"\u00bfQU\u00c9 DEBE ENTENDERSE POR FORTALEZA? Es el valor moral que desplegamos para afrontar con firmeza nuestras desgracias o infortunios.\",\"breadcrumb\":{\"@id\":\"https:\\\/\\\/amorpazy-cp515.wordpresstemporal.com\\\/amorpazycaridad.es\\\/que-debe-entenderse-por-fortaleza\\\/#breadcrumb\"},\"inLanguage\":\"es\",\"potentialAction\":[{\"@type\":\"ReadAction\",\"target\":[\"https:\\\/\\\/amorpazy-cp515.wordpresstemporal.com\\\/amorpazycaridad.es\\\/que-debe-entenderse-por-fortaleza\\\/\"]}]},{\"@type\":\"ImageObject\",\"inLanguage\":\"es\",\"@id\":\"https:\\\/\\\/amorpazy-cp515.wordpresstemporal.com\\\/amorpazycaridad.es\\\/que-debe-entenderse-por-fortaleza\\\/#primaryimage\",\"url\":\"https:\\\/\\\/amorpazy-cp515.wordpresstemporal.com\\\/amorpazycaridad.es\\\/wp-content\\\/uploads\\\/2020\\\/12\\\/Fortaleza.jpg\",\"contentUrl\":\"https:\\\/\\\/amorpazy-cp515.wordpresstemporal.com\\\/amorpazycaridad.es\\\/wp-content\\\/uploads\\\/2020\\\/12\\\/Fortaleza.jpg\",\"width\":750,\"height\":470,\"caption\":\"\u00bfQu\u00e9 debe entenderse por fortaleza?\"},{\"@type\":\"BreadcrumbList\",\"@id\":\"https:\\\/\\\/amorpazy-cp515.wordpresstemporal.com\\\/amorpazycaridad.es\\\/que-debe-entenderse-por-fortaleza\\\/#breadcrumb\",\"itemListElement\":[{\"@type\":\"ListItem\",\"position\":1,\"name\":\"Portada\",\"item\":\"https:\\\/\\\/amorpazycaridad.es\\\/\"},{\"@type\":\"ListItem\",\"position\":2,\"name\":\"\u00bfQU\u00c9 DEBE ENTENDERSE POR FORTALEZA?\"}]},{\"@type\":\"WebSite\",\"@id\":\"https:\\\/\\\/amorpazycaridad.es\\\/#website\",\"url\":\"https:\\\/\\\/amorpazycaridad.es\\\/\",\"name\":\"Amor, paz caridad\",\"description\":\"Conocimiento espiritual, espiritismo, espiritualismo, leyes universales, m\u00e1s all\u00e1, vida despu\u00e9s de la vida,\",\"publisher\":{\"@id\":\"https:\\\/\\\/amorpazycaridad.es\\\/#organization\"},\"potentialAction\":[{\"@type\":\"SearchAction\",\"target\":{\"@type\":\"EntryPoint\",\"urlTemplate\":\"https:\\\/\\\/amorpazycaridad.es\\\/?s={search_term_string}\"},\"query-input\":{\"@type\":\"PropertyValueSpecification\",\"valueRequired\":true,\"valueName\":\"search_term_string\"}}],\"inLanguage\":\"es\"},{\"@type\":\"Organization\",\"@id\":\"https:\\\/\\\/amorpazycaridad.es\\\/#organization\",\"name\":\"Asociaci\u00f3n de Estudios Espirituales Grupo Villena\",\"url\":\"https:\\\/\\\/amorpazycaridad.es\\\/\",\"logo\":{\"@type\":\"ImageObject\",\"inLanguage\":\"es\",\"@id\":\"https:\\\/\\\/amorpazycaridad.es\\\/#\\\/schema\\\/logo\\\/image\\\/\",\"url\":\"https:\\\/\\\/amorpazycaridad.es\\\/wp-content\\\/uploads\\\/2015\\\/01\\\/logo-fav-e1420247830294.jpg\",\"contentUrl\":\"https:\\\/\\\/amorpazycaridad.es\\\/wp-content\\\/uploads\\\/2015\\\/01\\\/logo-fav-e1420247830294.jpg\",\"width\":144,\"height\":144,\"caption\":\"Asociaci\u00f3n de Estudios Espirituales Grupo Villena\"},\"image\":{\"@id\":\"https:\\\/\\\/amorpazycaridad.es\\\/#\\\/schema\\\/logo\\\/image\\\/\"},\"sameAs\":[\"http:\\\/\\\/www.facebook.com\\\/pages\\\/Amor-paz-y-caridad\\\/1594978604096866\",\"https:\\\/\\\/x.com\\\/amorpazycaridad\",\"https:\\\/\\\/es.pinterest.com\\\/amorpazycaridad\\\/\",\"https:\\\/\\\/www.youtube.com\\\/channel\\\/UC1GvDIDCLoL02SzOD7NJdrA\"]},{\"@type\":\"Person\",\"@id\":\"https:\\\/\\\/amorpazycaridad.es\\\/#\\\/schema\\\/person\\\/f6b5c8408dab7f2821df157f3b51ce47\",\"name\":\"Redaccion APC\",\"image\":{\"@type\":\"ImageObject\",\"inLanguage\":\"es\",\"@id\":\"https:\\\/\\\/amorpazycaridad.es\\\/wp-content\\\/uploads\\\/2015\\\/01\\\/icono-114-96x96.jpg73ca1ff604f9e7c7607bbbfa84b61c44\",\"url\":\"https:\\\/\\\/amorpazycaridad.es\\\/wp-content\\\/uploads\\\/2015\\\/01\\\/icono-114-96x96.jpg\",\"contentUrl\":\"https:\\\/\\\/amorpazycaridad.es\\\/wp-content\\\/uploads\\\/2015\\\/01\\\/icono-114-96x96.jpg\",\"caption\":\"Redaccion APC\"},\"sameAs\":[\"http:\\\/\\\/www.amorpazycaridad.com\"],\"url\":\"https:\\\/\\\/amorpazy-cp515.wordpresstemporal.com\\\/amorpazycaridad.es\\\/author\\\/redaccion-revista\\\/\"}]}<\/script>\n<!-- \/ Yoast SEO plugin. -->","yoast_head_json":{"title":"\u00bfQU\u00c9 DEBE ENTENDERSE POR FORTALEZA? | AMOR PAZ Y CARIDAD","description":"\u00bfQU\u00c9 DEBE ENTENDERSE POR FORTALEZA? Es el valor moral que desplegamos para afrontar con firmeza nuestras desgracias o infortunios.","robots":{"index":"index","follow":"follow","max-snippet":"max-snippet:-1","max-image-preview":"max-image-preview:large","max-video-preview":"max-video-preview:-1"},"canonical":"https:\/\/amorpazy-cp515.wordpresstemporal.com\/amorpazycaridad.es\/que-debe-entenderse-por-fortaleza\/","og_locale":"es_ES","og_type":"article","og_title":"\u00bfQU\u00c9 DEBE ENTENDERSE POR FORTALEZA? | AMOR PAZ Y CARIDAD","og_description":"\u00bfQU\u00c9 DEBE ENTENDERSE POR FORTALEZA? Es el valor moral que desplegamos para afrontar con firmeza nuestras desgracias o infortunios.","og_url":"https:\/\/amorpazy-cp515.wordpresstemporal.com\/amorpazycaridad.es\/que-debe-entenderse-por-fortaleza\/","og_site_name":"Amor, paz caridad","article_publisher":"http:\/\/www.facebook.com\/pages\/Amor-paz-y-caridad\/1594978604096866","article_published_time":"2020-12-26T07:56:09+00:00","article_modified_time":"2020-12-26T09:15:55+00:00","og_image":[{"width":750,"height":470,"url":"https:\/\/amorpazy-cp515.wordpresstemporal.com\/amorpazycaridad.es\/wp-content\/uploads\/2020\/12\/Fortaleza.jpg","type":"image\/jpeg"}],"author":"Redaccion revista","twitter_card":"summary_large_image","twitter_creator":"@amorpazycaridad","twitter_site":"@amorpazycaridad","twitter_misc":{"Escrito por":"Redaccion APC","Tiempo de lectura":"2 minutos"},"schema":{"@context":"https:\/\/schema.org","@graph":[{"@type":"Article","@id":"https:\/\/amorpazy-cp515.wordpresstemporal.com\/amorpazycaridad.es\/que-debe-entenderse-por-fortaleza\/#article","isPartOf":{"@id":"https:\/\/amorpazy-cp515.wordpresstemporal.com\/amorpazycaridad.es\/que-debe-entenderse-por-fortaleza\/"},"author":{"name":"Redaccion APC","@id":"https:\/\/amorpazycaridad.es\/#\/schema\/person\/f6b5c8408dab7f2821df157f3b51ce47"},"headline":"\u00bfQU\u00c9 DEBE ENTENDERSE POR FORTALEZA?","datePublished":"2020-12-26T07:56:09+00:00","dateModified":"2020-12-26T09:15:55+00:00","mainEntityOfPage":{"@id":"https:\/\/amorpazy-cp515.wordpresstemporal.com\/amorpazycaridad.es\/que-debe-entenderse-por-fortaleza\/"},"wordCount":450,"commentCount":0,"publisher":{"@id":"https:\/\/amorpazycaridad.es\/#organization"},"image":{"@id":"https:\/\/amorpazy-cp515.wordpresstemporal.com\/amorpazycaridad.es\/que-debe-entenderse-por-fortaleza\/#primaryimage"},"thumbnailUrl":"https:\/\/amorpazy-cp515.wordpresstemporal.com\/amorpazycaridad.es\/wp-content\/uploads\/2020\/12\/Fortaleza.jpg","keywords":["cobardia","Compendio de Moral Universal o Humana","El pastor de Ettrich","Ense\u00f1anzas de Fabi\u00e1n Palas\u00ed","James Hogg","la fortaleza"],"articleSection":["Ense\u00f1anzas de Fabi\u00e1n Palas\u00ed"],"inLanguage":"es","potentialAction":[{"@type":"CommentAction","name":"Comment","target":["https:\/\/amorpazy-cp515.wordpresstemporal.com\/amorpazycaridad.es\/que-debe-entenderse-por-fortaleza\/#respond"]}]},{"@type":"WebPage","@id":"https:\/\/amorpazy-cp515.wordpresstemporal.com\/amorpazycaridad.es\/que-debe-entenderse-por-fortaleza\/","url":"https:\/\/amorpazy-cp515.wordpresstemporal.com\/amorpazycaridad.es\/que-debe-entenderse-por-fortaleza\/","name":"\u00bfQU\u00c9 DEBE ENTENDERSE POR FORTALEZA? | AMOR PAZ Y CARIDAD","isPartOf":{"@id":"https:\/\/amorpazycaridad.es\/#website"},"primaryImageOfPage":{"@id":"https:\/\/amorpazy-cp515.wordpresstemporal.com\/amorpazycaridad.es\/que-debe-entenderse-por-fortaleza\/#primaryimage"},"image":{"@id":"https:\/\/amorpazy-cp515.wordpresstemporal.com\/amorpazycaridad.es\/que-debe-entenderse-por-fortaleza\/#primaryimage"},"thumbnailUrl":"https:\/\/amorpazy-cp515.wordpresstemporal.com\/amorpazycaridad.es\/wp-content\/uploads\/2020\/12\/Fortaleza.jpg","datePublished":"2020-12-26T07:56:09+00:00","dateModified":"2020-12-26T09:15:55+00:00","description":"\u00bfQU\u00c9 DEBE ENTENDERSE POR FORTALEZA? Es el valor moral que desplegamos para afrontar con firmeza nuestras desgracias o infortunios.","breadcrumb":{"@id":"https:\/\/amorpazy-cp515.wordpresstemporal.com\/amorpazycaridad.es\/que-debe-entenderse-por-fortaleza\/#breadcrumb"},"inLanguage":"es","potentialAction":[{"@type":"ReadAction","target":["https:\/\/amorpazy-cp515.wordpresstemporal.com\/amorpazycaridad.es\/que-debe-entenderse-por-fortaleza\/"]}]},{"@type":"ImageObject","inLanguage":"es","@id":"https:\/\/amorpazy-cp515.wordpresstemporal.com\/amorpazycaridad.es\/que-debe-entenderse-por-fortaleza\/#primaryimage","url":"https:\/\/amorpazy-cp515.wordpresstemporal.com\/amorpazycaridad.es\/wp-content\/uploads\/2020\/12\/Fortaleza.jpg","contentUrl":"https:\/\/amorpazy-cp515.wordpresstemporal.com\/amorpazycaridad.es\/wp-content\/uploads\/2020\/12\/Fortaleza.jpg","width":750,"height":470,"caption":"\u00bfQu\u00e9 debe entenderse por fortaleza?"},{"@type":"BreadcrumbList","@id":"https:\/\/amorpazy-cp515.wordpresstemporal.com\/amorpazycaridad.es\/que-debe-entenderse-por-fortaleza\/#breadcrumb","itemListElement":[{"@type":"ListItem","position":1,"name":"Portada","item":"https:\/\/amorpazycaridad.es\/"},{"@type":"ListItem","position":2,"name":"\u00bfQU\u00c9 DEBE ENTENDERSE POR FORTALEZA?"}]},{"@type":"WebSite","@id":"https:\/\/amorpazycaridad.es\/#website","url":"https:\/\/amorpazycaridad.es\/","name":"Amor, paz caridad","description":"Conocimiento espiritual, espiritismo, espiritualismo, leyes universales, m\u00e1s all\u00e1, vida despu\u00e9s de la vida,","publisher":{"@id":"https:\/\/amorpazycaridad.es\/#organization"},"potentialAction":[{"@type":"SearchAction","target":{"@type":"EntryPoint","urlTemplate":"https:\/\/amorpazycaridad.es\/?s={search_term_string}"},"query-input":{"@type":"PropertyValueSpecification","valueRequired":true,"valueName":"search_term_string"}}],"inLanguage":"es"},{"@type":"Organization","@id":"https:\/\/amorpazycaridad.es\/#organization","name":"Asociaci\u00f3n de Estudios Espirituales Grupo Villena","url":"https:\/\/amorpazycaridad.es\/","logo":{"@type":"ImageObject","inLanguage":"es","@id":"https:\/\/amorpazycaridad.es\/#\/schema\/logo\/image\/","url":"https:\/\/amorpazycaridad.es\/wp-content\/uploads\/2015\/01\/logo-fav-e1420247830294.jpg","contentUrl":"https:\/\/amorpazycaridad.es\/wp-content\/uploads\/2015\/01\/logo-fav-e1420247830294.jpg","width":144,"height":144,"caption":"Asociaci\u00f3n de Estudios Espirituales Grupo Villena"},"image":{"@id":"https:\/\/amorpazycaridad.es\/#\/schema\/logo\/image\/"},"sameAs":["http:\/\/www.facebook.com\/pages\/Amor-paz-y-caridad\/1594978604096866","https:\/\/x.com\/amorpazycaridad","https:\/\/es.pinterest.com\/amorpazycaridad\/","https:\/\/www.youtube.com\/channel\/UC1GvDIDCLoL02SzOD7NJdrA"]},{"@type":"Person","@id":"https:\/\/amorpazycaridad.es\/#\/schema\/person\/f6b5c8408dab7f2821df157f3b51ce47","name":"Redaccion APC","image":{"@type":"ImageObject","inLanguage":"es","@id":"https:\/\/amorpazycaridad.es\/wp-content\/uploads\/2015\/01\/icono-114-96x96.jpg73ca1ff604f9e7c7607bbbfa84b61c44","url":"https:\/\/amorpazycaridad.es\/wp-content\/uploads\/2015\/01\/icono-114-96x96.jpg","contentUrl":"https:\/\/amorpazycaridad.es\/wp-content\/uploads\/2015\/01\/icono-114-96x96.jpg","caption":"Redaccion APC"},"sameAs":["http:\/\/www.amorpazycaridad.com"],"url":"https:\/\/amorpazy-cp515.wordpresstemporal.com\/amorpazycaridad.es\/author\/redaccion-revista\/"}]}},"authors":[{"term_id":520,"user_id":0,"is_guest":1,"slug":"cap-redaccion-revista","display_name":"Redaccion revista","avatar_url":"https:\/\/secure.gravatar.com\/avatar\/?s=96&d=mm&r=g","0":null,"1":"","2":"","3":"","4":"","5":"","6":"","7":"","8":""}],"_links":{"self":[{"href":"https:\/\/amorpazy-cp515.wordpresstemporal.com\/amorpazycaridad.es\/wp-json\/wp\/v2\/posts\/15223","targetHints":{"allow":["GET"]}}],"collection":[{"href":"https:\/\/amorpazy-cp515.wordpresstemporal.com\/amorpazycaridad.es\/wp-json\/wp\/v2\/posts"}],"about":[{"href":"https:\/\/amorpazy-cp515.wordpresstemporal.com\/amorpazycaridad.es\/wp-json\/wp\/v2\/types\/post"}],"author":[{"embeddable":true,"href":"https:\/\/amorpazy-cp515.wordpresstemporal.com\/amorpazycaridad.es\/wp-json\/wp\/v2\/users\/10"}],"replies":[{"embeddable":true,"href":"https:\/\/amorpazy-cp515.wordpresstemporal.com\/amorpazycaridad.es\/wp-json\/wp\/v2\/comments?post=15223"}],"version-history":[{"count":6,"href":"https:\/\/amorpazy-cp515.wordpresstemporal.com\/amorpazycaridad.es\/wp-json\/wp\/v2\/posts\/15223\/revisions"}],"predecessor-version":[{"id":15232,"href":"https:\/\/amorpazy-cp515.wordpresstemporal.com\/amorpazycaridad.es\/wp-json\/wp\/v2\/posts\/15223\/revisions\/15232"}],"wp:featuredmedia":[{"embeddable":true,"href":"https:\/\/amorpazy-cp515.wordpresstemporal.com\/amorpazycaridad.es\/wp-json\/wp\/v2\/media\/15230"}],"wp:attachment":[{"href":"https:\/\/amorpazy-cp515.wordpresstemporal.com\/amorpazycaridad.es\/wp-json\/wp\/v2\/media?parent=15223"}],"wp:term":[{"taxonomy":"category","embeddable":true,"href":"https:\/\/amorpazy-cp515.wordpresstemporal.com\/amorpazycaridad.es\/wp-json\/wp\/v2\/categories?post=15223"},{"taxonomy":"post_tag","embeddable":true,"href":"https:\/\/amorpazy-cp515.wordpresstemporal.com\/amorpazycaridad.es\/wp-json\/wp\/v2\/tags?post=15223"},{"taxonomy":"author","embeddable":true,"href":"https:\/\/amorpazy-cp515.wordpresstemporal.com\/amorpazycaridad.es\/wp-json\/wp\/v2\/ppma_author?post=15223"}],"curies":[{"name":"wp","href":"https:\/\/api.w.org\/{rel}","templated":true}]}}