{"id":152,"date":"2013-09-23T18:46:00","date_gmt":"2013-09-23T18:46:00","guid":{"rendered":"https:\/\/amorpazycaridad.es\/uncategorized\/fraternidad-en-grupo-11\/"},"modified":"2015-02-18T19:45:05","modified_gmt":"2015-02-18T18:45:05","slug":"amistad-cimientos-del-grupo-espiritual","status":"publish","type":"post","link":"https:\/\/amorpazy-cp515.wordpresstemporal.com\/amorpazycaridad.es\/amistad-cimientos-del-grupo-espiritual\/","title":{"rendered":"AMISTAD:  CIMIENTOS DEL GRUPO ESPIRITUAL"},"content":{"rendered":"<div dir=\"ltr\" style=\"text-align: left;\">\n<h2 style=\"text-align: center;\"><\/h2>\n<div style=\"text-align: justify;\"><span style=\"font-family: Times, 'Times New Roman', serif; font-size: large;\"><i>\u00a0 Entre las bases que cimentan un trabajo s\u00f3lido y de futuro en todo grupo espiritual que se precie, la amistad es uno de los principios esenciales. Quiz\u00e1s no se comprende todav\u00eda la enorme importancia de esta cualidad en la relaci\u00f3n interpersonal. Cuando se acometen proyectos basados en intereses materiales es importante un buen equipo de trabajo, con coordinaci\u00f3n y eficacia para que los objetivos propuestos lleguen a buen t\u00e9rmino.<\/i><\/span><br \/>\n<a name=\"more\"><\/a><br \/>\n<span style=\"font-family: Times, 'Times New Roman', serif; font-size: large;\"><i><br \/>\n<\/i><\/span><\/div>\n<div style=\"text-align: justify;\"><span style=\"font-family: Times, 'Times New Roman', serif; font-size: large;\"><i>\u00a0Pues si en el apartado material es importante el equipo, cuando los proyectos a considerar se basan en el servicio al pr\u00f3jimo de forma totalmente desinteresada, la amistad es la argamasa que logra unir las voluntades para empezar a cimentar las bases de edificios de realizaci\u00f3n superior.<\/i><\/span><\/div>\n<div style=\"text-align: justify;\"><span style=\"font-family: Times, 'Times New Roman', serif; font-size: large;\"><i>\u00a0<\/i><\/span><\/div>\n<div style=\"text-align: justify;\"><span style=\"font-family: Times, 'Times New Roman', serif; font-size: large;\"><i>\u00a0 Cuando hablamos de amistad lo hacemos en la <b>consideraci\u00f3n de este t\u00e9rmino con may\u00fasculas;<\/b> incluyendo dentro de ella en primer lugar la confianza mutua, el respeto total al libre albedr\u00edo y la sinceridad; como pilares esenciales de una relaci\u00f3n fruct\u00edfera, altruista y arm\u00f3nica, alejada de intereses espurios que no sean los del progreso individual y del conjunto.<\/i><\/span><\/div>\n<div style=\"text-align: justify;\"><span style=\"font-family: Times, 'Times New Roman', serif; font-size: large;\"><i>\u00a0<\/i><\/span><\/div>\n<div style=\"text-align: justify;\"><span style=\"font-family: Times, 'Times New Roman', serif; font-size: large;\"><i>\u00a0 Todos comprobamos en nuestras relaciones personales lo dif\u00edcil que es la convivencia entre las personas, donde los egos, las vanidades, las envidias y todo tipo de miserias humanas desvirt\u00faan con frecuencia uniones que se cre\u00edan irrompibles. Pues, si en los afectos familiares hay que redoblar el esfuerzo para evitar las rupturas, incomprensiones y desuniones que llevan a la infelicidad, podemos imaginar en el entorno de un grupo de personas sin lazos familiares que los unan, lo dif\u00edcil que puede resultar conseguir una uni\u00f3n sincera, que permita afrontar grandes retos en conjunto para ayudar al pr\u00f3jimo y a nosotros mismos.<\/i><\/span><\/div>\n<div style=\"text-align: justify;\"><span style=\"font-family: Times, 'Times New Roman', serif; font-size: large;\"><i>\u00a0<\/i><\/span><\/div>\n<div style=\"text-align: justify;\"><span style=\"font-family: Times, 'Times New Roman', serif; font-size: large;\"><i>\u00a0 Este es el reto de todo grupo que se precie, conseguir la armon\u00eda y uni\u00f3n a trav\u00e9s del conocimiento mutuo de sus miembros, mediante la amistad sincera que derive en aut\u00e9ntico sentimiento fraterno. Esto que puede parecer f\u00e1cil es m\u00e1s complejo de lo que se supone. En primer lugar, para conseguir la implicaci\u00f3n y esfuerzo de todos en un proyecto espiritual com\u00fan, hay que definir el proyecto en base a convencimientos personales, doctrinarios, morales y de conocimiento com\u00fan.<\/i><\/span><\/div>\n<div style=\"text-align: justify;\"><span style=\"font-family: Times, 'Times New Roman', serif; font-size: large;\"><i>\u00a0<\/i><\/span><\/div>\n<div style=\"text-align: justify;\"><span style=\"font-family: Times, 'Times New Roman', serif; font-size: large;\"><i>\u00a0 Todos deben comulgar de la misma decisi\u00f3n a la hora de definir los objetivos a conseguir en el grupo; si alguien discrepa deber\u00e1 analizarse la situaci\u00f3n antes de seguir adelante; pues en el respeto al libre albedr\u00edo de cada cual, puede que alguien desee seguir caminos diferentes, para lo cual en base al consenso de la mayor\u00eda se definir\u00e1n las l\u00edneas maestras a seguir y la discrepancia se tratar\u00e1 desde el razonamiento y el respeto. Si al final del an\u00e1lisis existen personas que, en contra de la mayor\u00eda, deciden seguir otros derroteros, es mucho mejor, antes de continuar, invitar a que inicien por s\u00ed mismos sus proyectos y expectativas abandonando la disciplina de la mayor\u00eda y conformando por su parte aquel grupo o nueva c\u00e9lula de trabajo con objetivos diferentes. Esto es muy conveniente pues, una vez avanzado el proceso, si las bases no se han sentado adecuadamente, empiezan las disensiones en cuanto al trabajo y la forma de alcanzar los objetivos que, como vemos en el ejemplo expuesto, son diferentes.<\/i><\/span><br \/>\n<span style=\"font-family: Times, 'Times New Roman', serif; font-size: large;\"><i><br \/>\n<\/i><\/span><\/div>\n<div style=\"text-align: justify;\"><span style=\"font-family: Times, 'Times New Roman', serif; font-size: large;\"><i>\u00a0 Una vez conformes en el consenso; todos los componentes deber\u00e1n alcanzar el conocimiento espiritual <b>preciso,<\/b> (que les otorga un determinado nivel de comprensi\u00f3n) sobre las leyes que rigen el proceso evolutivo del esp\u00edritu y la realidad y el compromiso de su existencia aqu\u00ed y ahora.<\/i><\/span><br \/>\n<span style=\"font-family: Times, 'Times New Roman', serif; font-size: large;\"><i><br \/>\n<\/i><\/span><\/div>\n<div style=\"text-align: justify;\"><span style=\"font-family: Times, 'Times New Roman', serif; font-size: large;\"><i>\u00a0 Como puede observarse he matizado la palabra \u201cpreciso\u201d, porque este no tiene por qu\u00e9 ser extenso o profundo, baste con la buena voluntad por aprender y conocer, para formar parte de cualquier grupo espiritual, por muy avanzado que este se crea a nivel de conocimientos. No podemos olvidar que <b>el mayor conocimiento es la comprensi\u00f3n de la Ley del Amor,<\/b> y en esto los sabios no son los que acumulan o atesoran conocimientos; sino aquellos que por su trabajo y elevaci\u00f3n moral de existencias anteriores, demuestran con sus obras la comprensi\u00f3n de la misma, aunque su nivel cultural sea iletrado o ignorante.<\/i><\/span><br \/>\n<span style=\"font-family: Times, 'Times New Roman', serif; font-size: large;\"><i><br \/>\n<\/i><\/span><\/div>\n<div style=\"text-align: justify;\"><span style=\"font-family: Times, 'Times New Roman', serif; font-size: large;\"><i>\u00a0 Estamos definiendo someramente algunas pautas que, en el principio de formaci\u00f3n de los grupos pueden acarrear problemas de exclusi\u00f3n de las personas, problemas de integraci\u00f3n y desarrollo de los proyectos espirituales de futuro y tambi\u00e9n; como no, los peligros, que corroen los cimientos de los grupos que no se forman debidamente consolidados, no s\u00f3lo en el conocimiento de las bases doctrinarias sino en la relaci\u00f3n de las personas. Es pues conveniente en un principio alcanzar la amistad antes que el compa\u00f1erismo y la tolerancia antes que la imposici\u00f3n.<\/i><\/span><br \/>\n<span style=\"font-family: Times, 'Times New Roman', serif; font-size: large;\"><i><br \/>\n<\/i><\/span><\/div>\n<div style=\"text-align: justify;\"><span style=\"font-family: Times, 'Times New Roman', serif; font-size: large;\"><i>\u00a0Fomentar la amistad en los grupos se consigue mediante el conocimiento personal, no s\u00f3lo de la doctrina; un conocimiento que s\u00f3lo se alcanza conviviendo, compartiendo y trabajando juntos.<\/i><\/span><br \/>\n<span style=\"font-family: Times, 'Times New Roman', serif; font-size: large;\"><i><br \/>\n<\/i><\/span><\/div>\n<div style=\"text-align: justify;\"><span style=\"font-family: Times, 'Times New Roman', serif; font-size: large;\"><i>\u00a0 Una buena base de amistad es la corriente de fraternidad que hace avanzar a los grupos comprendidos en las leyes espirituales con fortaleza inexpugnable. La uni\u00f3n de los elementos materiales, \u00a0permite al mundo espiritual trabajar con \u00a0\u00e9xito esta parte del compromiso; y la renuncia entre todos ellos, aliviando el ego\u00edsmo y las envidias, y colocando como divisa prioritaria la ayuda mutua, permite la comprensi\u00f3n y la tolerancia entre hermanos.<\/i><\/span><br \/>\n<span style=\"font-family: Times, 'Times New Roman', serif; font-size: large;\"><i><br \/>\n<\/i><\/span><\/div>\n<div style=\"text-align: justify;\"><span style=\"font-family: Times, 'Times New Roman', serif; font-size: large;\"><i>\u00a0 De esta forma, en un grupo unido, la fuerza de los pensamientos y sentimientos crece exponencialmente, facilitando enormemente el trabajo de todos, la asistencia espiritual, la protecci\u00f3n ante las celadas de la parte negativa, el desarrollo de las facultades y mediumnidades de forma sencilla y espont\u00e1nea, etc..<\/i><\/span><br \/>\n<span style=\"font-family: Times, 'Times New Roman', serif; font-size: large;\"><i><br \/>\n<\/i><\/span><\/div>\n<div style=\"text-align: justify;\"><span style=\"font-family: Times, 'Times New Roman', serif; font-size: large;\"><i>\u00a0 Si supi\u00e9ramos la necesidad de esforzarnos en este sentido la cantidad de beneficios que reporta a los grupos, ser\u00edamos m\u00e1s conscientes del trabajo que nos toca realizar. Hay quien dice ser m\u00e1s esp\u00edrita que nadie pero se niega a establecer con sus compa\u00f1eros de grupo una relaci\u00f3n m\u00e1s profunda, se trata de personas que, a pesar de lo que digan, no tienen al espiritismo como filosof\u00eda de vida sino que vienen a servirse de esta filosof\u00eda para sus intereses personales; trazando un l\u00edmite que les impedir\u00e1 avanzar en su desarrollo personal pues s\u00f3lo con el conocimiento no se avanza.<\/i><\/span><br \/>\n<span style=\"font-family: Times, 'Times New Roman', serif; font-size: large;\"><i><br \/>\n<\/i><\/span><\/div>\n<div style=\"text-align: justify;\"><span style=\"font-family: Times, 'Times New Roman', serif; font-size: large;\"><i>\u00a0 Dec\u00eda Plat\u00f3n, en el siglo IV antes de cristo:<\/i><\/span><br \/>\n<span style=\"font-family: Times, 'Times New Roman', serif; font-size: large;\"><i><br \/>\n<\/i><\/span><\/div>\n<div style=\"text-align: justify;\"><span style=\"font-family: Times, 'Times New Roman', serif; font-size: large;\"><i>\u00a0 \u00a0<\/i><b>\u00abEl que aprende y aprende y no practica lo que sabe, es como el que ara y ara y no siembra.\u00bb<\/b><\/span><br \/>\n<span style=\"font-family: Times, 'Times New Roman', serif; font-size: large;\"><b><br \/>\n<\/b><\/span><\/div>\n<div style=\"text-align: justify;\"><span style=\"font-family: Times, 'Times New Roman', serif; font-size: large;\"><i>\u00a0 El hombre est\u00e1 destinado a progresar en sociedad; de la relaci\u00f3n con nuestros semejantes aprendemos, nos tropezamos, nos caemos y volvemos a levantarnos. As\u00ed se progresa; el ermita\u00f1o, el que reh\u00faye la relaci\u00f3n fraterna con los dem\u00e1s miembros de un grupo, \u00a0lamentablemente no avanza, se estanca en sus propios l\u00edmites.<\/i><\/span><\/div>\n<div style=\"text-align: justify;\"><span style=\"font-family: Times, 'Times New Roman', serif; font-size: large;\"><i>\u00a0<\/i><\/span><\/div>\n<div style=\"text-align: justify;\"><span style=\"font-family: Times, 'Times New Roman', serif; font-size: large;\"><i>\u00a0 Por ello es tan necesario la relaci\u00f3n con nuestros semejantes; por ello es b\u00e1sico e imprescindible una fraternidad aut\u00e9ntica basada en la amistad sincera, para que un colectivo espiritual pueda lograr metas importantes, que ayuden a nuestros pr\u00f3jimos, y al mismo tiempo nos permitan ser \u00fatiles al progreso de los dem\u00e1s y con ello al nuestro propio.<\/i><\/span><\/div>\n<div style=\"text-align: justify;\"><span style=\"font-family: Times, 'Times New Roman', serif; font-size: large;\"><i>\u00a0<\/i><\/span><\/div>\n<div style=\"text-align: justify;\"><span style=\"font-family: Times, 'Times New Roman', serif; font-size: large;\"><i>\u00a0 Para terminar, aqu\u00ed dejamos dos citas sobre la importancia de la amistad:<\/i><\/span><\/div>\n<div style=\"text-align: justify;\"><span style=\"font-family: Times, 'Times New Roman', serif; font-size: large;\"><i>\u00a0 <b>\u201cPara que pueda trabarse una verdadera amistad, es preciso prescindir de la superioridad que puedan otorgar la edad, los honores, las riquezas o el poder. El \u00fanico motivo que nos debe incitar a la amistad es la b\u00fasqueda de las virtudes y el mutuo perfeccionamiento\u201d<\/b><\/i><\/span><\/div>\n<div style=\"text-align: justify;\"><span style=\"font-family: Times, 'Times New Roman', serif; font-size: large;\"><i><b>\u00a0<\/b><\/i><\/span><\/div>\n<div style=\"text-align: left;\">\n<div style=\"text-align: right;\"><span style=\"font-family: Times, 'Times New Roman', serif; font-size: large;\"><i><b>Confucio<\/b><\/i><\/span><\/div>\n<\/div>\n<div style=\"text-align: right;\"><span style=\"font-family: Times, 'Times New Roman', serif; font-size: large;\"><i>\u00a0<\/i><\/span><\/div>\n<div style=\"text-align: justify;\"><span style=\"font-family: Times, 'Times New Roman', serif; font-size: large;\"><i>\u00a0 <b>La amistad es el \u00fanico cemento que mantendr\u00e1 siempre unido al mundo.<\/b><\/i><\/span><\/div>\n<div style=\"text-align: justify;\"><span style=\"font-family: Times, 'Times New Roman', serif; font-size: large;\"><i>\u00a0<\/i><\/span><\/div>\n<div style=\"text-align: left;\"><span style=\"font-family: Times, 'Times New Roman', serif; font-size: large;\"><i><b>Woodrow Wilson<\/b><\/i><\/span><\/div>\n<div style=\"text-align: right;\"><span style=\"font-family: Times, 'Times New Roman', serif; font-size: large;\"><i>\u00a0<\/i><\/span><\/div>\n<div style=\"text-align: right;\"><span style=\"font-family: Times, 'Times New Roman', serif; font-size: large;\"><i>A.<span style=\"white-space: pre;\">LL.F.<\/span><\/i><\/span><br \/>\n<span style=\"font-family: Times, 'Times New Roman', serif; font-size: large;\"><i><span style=\"white-space: pre;\"><br \/>\n<\/span><\/i><\/span><\/div>\n<div>\n<div style=\"text-align: justify;\">\n<div style=\"text-align: right;\"><span style=\"color: #222222; font-family: Arial, Tahoma, Helvetica, FreeSans, sans-serif; font-size: 13px; line-height: 14px;\"><i>\u00a9 Grupo Villena 2013<\/i><\/span><\/div>\n<\/div>\n<\/div>\n<\/div>\n","protected":false},"excerpt":{"rendered":"<p>\u00a0 Entre las bases que cimentan un trabajo s\u00f3lido y de futuro en todo grupo espiritual que se precie, la amistad es uno de los principios esenciales. Quiz\u00e1s no se comprende todav\u00eda la enorme importancia de esta cualidad en la relaci\u00f3n interpersonal. Cuando se acometen proyectos basados en intereses materiales es importante un buen equipo [&hellip;]<\/p>\n","protected":false},"author":6,"featured_media":0,"comment_status":"open","ping_status":"open","sticky":false,"template":"","format":"standard","meta":{"tdm_status":"","tdm_grid_status":"","footnotes":""},"categories":[26],"tags":[69,188,191,231],"ppma_author":[407],"class_list":{"0":"post-152","1":"post","2":"type-post","3":"status-publish","4":"format-standard","6":"category-fraternidad-en-grupo","7":"tag-amistad","8":"tag-fraternidad-en-grupo-2","9":"tag-grupo-espiritual","10":"tag-ley-del-amor"},"yoast_head":"<!-- This site is optimized with the Yoast SEO plugin v27.7 - https:\/\/yoast.com\/product\/yoast-seo-wordpress\/ -->\n<title>AMISTAD: CIMIENTOS DEL GRUPO ESPIRITUAL | Amor, paz caridad<\/title>\n<meta name=\"robots\" content=\"index, follow, max-snippet:-1, max-image-preview:large, max-video-preview:-1\" \/>\n<link rel=\"canonical\" href=\"https:\/\/amorpazy-cp515.wordpresstemporal.com\/amorpazycaridad.es\/amistad-cimientos-del-grupo-espiritual\/\" \/>\n<meta property=\"og:locale\" content=\"es_ES\" \/>\n<meta property=\"og:type\" content=\"article\" \/>\n<meta property=\"og:title\" content=\"AMISTAD: CIMIENTOS DEL GRUPO ESPIRITUAL | Amor, paz caridad\" \/>\n<meta property=\"og:description\" content=\"\u00a0 Entre las bases que cimentan un trabajo s\u00f3lido y de futuro en todo grupo espiritual que se precie, la amistad es uno de los principios esenciales. Quiz\u00e1s no se comprende todav\u00eda la enorme importancia de esta cualidad en la relaci\u00f3n interpersonal. Cuando se acometen proyectos basados en intereses materiales es importante un buen equipo [&hellip;]\" \/>\n<meta property=\"og:url\" content=\"https:\/\/amorpazy-cp515.wordpresstemporal.com\/amorpazycaridad.es\/amistad-cimientos-del-grupo-espiritual\/\" \/>\n<meta property=\"og:site_name\" content=\"Amor, paz caridad\" \/>\n<meta property=\"article:publisher\" content=\"http:\/\/www.facebook.com\/pages\/Amor-paz-y-caridad\/1594978604096866\" \/>\n<meta property=\"article:published_time\" content=\"2013-09-23T18:46:00+00:00\" \/>\n<meta property=\"article:modified_time\" content=\"2015-02-18T18:45:05+00:00\" \/>\n<meta name=\"author\" content=\"Antonio\" \/>\n<meta name=\"twitter:card\" content=\"summary_large_image\" \/>\n<meta name=\"twitter:creator\" content=\"@amorpazycaridad\" \/>\n<meta name=\"twitter:site\" content=\"@amorpazycaridad\" \/>\n<meta name=\"twitter:label1\" content=\"Escrito por\" \/>\n\t<meta name=\"twitter:data1\" content=\"Antonio Lled\u00f3 Flor\" \/>\n\t<meta name=\"twitter:label2\" content=\"Tiempo de lectura\" \/>\n\t<meta name=\"twitter:data2\" content=\"7 minutos\" \/>\n<script type=\"application\/ld+json\" class=\"yoast-schema-graph\">{\"@context\":\"https:\\\/\\\/schema.org\",\"@graph\":[{\"@type\":\"Article\",\"@id\":\"https:\\\/\\\/amorpazy-cp515.wordpresstemporal.com\\\/amorpazycaridad.es\\\/amistad-cimientos-del-grupo-espiritual\\\/#article\",\"isPartOf\":{\"@id\":\"https:\\\/\\\/amorpazy-cp515.wordpresstemporal.com\\\/amorpazycaridad.es\\\/amistad-cimientos-del-grupo-espiritual\\\/\"},\"author\":{\"name\":\"Antonio Lled\u00f3 Flor\",\"@id\":\"https:\\\/\\\/amorpazycaridad.es\\\/#\\\/schema\\\/person\\\/221ba4fa1195cdcac2bd273305f4b13f\"},\"headline\":\"AMISTAD: CIMIENTOS DEL GRUPO ESPIRITUAL\",\"datePublished\":\"2013-09-23T18:46:00+00:00\",\"dateModified\":\"2015-02-18T18:45:05+00:00\",\"mainEntityOfPage\":{\"@id\":\"https:\\\/\\\/amorpazy-cp515.wordpresstemporal.com\\\/amorpazycaridad.es\\\/amistad-cimientos-del-grupo-espiritual\\\/\"},\"wordCount\":1305,\"commentCount\":0,\"publisher\":{\"@id\":\"https:\\\/\\\/amorpazycaridad.es\\\/#organization\"},\"keywords\":[\"AMISTAD\",\"Fraternidad en Grupo\",\"GRUPO ESPIRITUAL\",\"Ley del Amor\"],\"articleSection\":[\"Fraternidad en grupo\"],\"inLanguage\":\"es\",\"potentialAction\":[{\"@type\":\"CommentAction\",\"name\":\"Comment\",\"target\":[\"https:\\\/\\\/amorpazy-cp515.wordpresstemporal.com\\\/amorpazycaridad.es\\\/amistad-cimientos-del-grupo-espiritual\\\/#respond\"]}]},{\"@type\":\"WebPage\",\"@id\":\"https:\\\/\\\/amorpazy-cp515.wordpresstemporal.com\\\/amorpazycaridad.es\\\/amistad-cimientos-del-grupo-espiritual\\\/\",\"url\":\"https:\\\/\\\/amorpazy-cp515.wordpresstemporal.com\\\/amorpazycaridad.es\\\/amistad-cimientos-del-grupo-espiritual\\\/\",\"name\":\"AMISTAD: CIMIENTOS DEL GRUPO ESPIRITUAL | Amor, paz caridad\",\"isPartOf\":{\"@id\":\"https:\\\/\\\/amorpazycaridad.es\\\/#website\"},\"datePublished\":\"2013-09-23T18:46:00+00:00\",\"dateModified\":\"2015-02-18T18:45:05+00:00\",\"breadcrumb\":{\"@id\":\"https:\\\/\\\/amorpazy-cp515.wordpresstemporal.com\\\/amorpazycaridad.es\\\/amistad-cimientos-del-grupo-espiritual\\\/#breadcrumb\"},\"inLanguage\":\"es\",\"potentialAction\":[{\"@type\":\"ReadAction\",\"target\":[\"https:\\\/\\\/amorpazy-cp515.wordpresstemporal.com\\\/amorpazycaridad.es\\\/amistad-cimientos-del-grupo-espiritual\\\/\"]}]},{\"@type\":\"BreadcrumbList\",\"@id\":\"https:\\\/\\\/amorpazy-cp515.wordpresstemporal.com\\\/amorpazycaridad.es\\\/amistad-cimientos-del-grupo-espiritual\\\/#breadcrumb\",\"itemListElement\":[{\"@type\":\"ListItem\",\"position\":1,\"name\":\"Portada\",\"item\":\"https:\\\/\\\/amorpazy-cp515.wordpresstemporal.com\\\/amorpazycaridad.es\\\/\"},{\"@type\":\"ListItem\",\"position\":2,\"name\":\"AMISTAD: CIMIENTOS DEL GRUPO ESPIRITUAL\"}]},{\"@type\":\"WebSite\",\"@id\":\"https:\\\/\\\/amorpazycaridad.es\\\/#website\",\"url\":\"https:\\\/\\\/amorpazycaridad.es\\\/\",\"name\":\"Amor, paz caridad\",\"description\":\"Conocimiento espiritual, espiritismo, espiritualismo, leyes universales, m\u00e1s all\u00e1, vida despu\u00e9s de la vida,\",\"publisher\":{\"@id\":\"https:\\\/\\\/amorpazycaridad.es\\\/#organization\"},\"potentialAction\":[{\"@type\":\"SearchAction\",\"target\":{\"@type\":\"EntryPoint\",\"urlTemplate\":\"https:\\\/\\\/amorpazycaridad.es\\\/?s={search_term_string}\"},\"query-input\":{\"@type\":\"PropertyValueSpecification\",\"valueRequired\":true,\"valueName\":\"search_term_string\"}}],\"inLanguage\":\"es\"},{\"@type\":\"Organization\",\"@id\":\"https:\\\/\\\/amorpazycaridad.es\\\/#organization\",\"name\":\"Asociaci\u00f3n de Estudios Espirituales Grupo Villena\",\"url\":\"https:\\\/\\\/amorpazycaridad.es\\\/\",\"logo\":{\"@type\":\"ImageObject\",\"inLanguage\":\"es\",\"@id\":\"https:\\\/\\\/amorpazycaridad.es\\\/#\\\/schema\\\/logo\\\/image\\\/\",\"url\":\"https:\\\/\\\/amorpazycaridad.es\\\/wp-content\\\/uploads\\\/2015\\\/01\\\/logo-fav-e1420247830294.jpg\",\"contentUrl\":\"https:\\\/\\\/amorpazycaridad.es\\\/wp-content\\\/uploads\\\/2015\\\/01\\\/logo-fav-e1420247830294.jpg\",\"width\":144,\"height\":144,\"caption\":\"Asociaci\u00f3n de Estudios Espirituales Grupo Villena\"},\"image\":{\"@id\":\"https:\\\/\\\/amorpazycaridad.es\\\/#\\\/schema\\\/logo\\\/image\\\/\"},\"sameAs\":[\"http:\\\/\\\/www.facebook.com\\\/pages\\\/Amor-paz-y-caridad\\\/1594978604096866\",\"https:\\\/\\\/x.com\\\/amorpazycaridad\",\"https:\\\/\\\/es.pinterest.com\\\/amorpazycaridad\\\/\",\"https:\\\/\\\/www.youtube.com\\\/channel\\\/UC1GvDIDCLoL02SzOD7NJdrA\"]},{\"@type\":\"Person\",\"@id\":\"https:\\\/\\\/amorpazycaridad.es\\\/#\\\/schema\\\/person\\\/221ba4fa1195cdcac2bd273305f4b13f\",\"name\":\"Antonio Lled\u00f3 Flor\",\"image\":{\"@type\":\"ImageObject\",\"inLanguage\":\"es\",\"@id\":\"https:\\\/\\\/amorpazy-cp515.wordpresstemporal.com\\\/amorpazycaridad.es\\\/wp-content\\\/uploads\\\/2016\\\/07\\\/IMG_1655-96x96.jpg5b8dbc14a881d27b23191d1f73ee32db\",\"url\":\"https:\\\/\\\/amorpazy-cp515.wordpresstemporal.com\\\/amorpazycaridad.es\\\/wp-content\\\/uploads\\\/2016\\\/07\\\/IMG_1655-96x96.jpg\",\"contentUrl\":\"https:\\\/\\\/amorpazy-cp515.wordpresstemporal.com\\\/amorpazycaridad.es\\\/wp-content\\\/uploads\\\/2016\\\/07\\\/IMG_1655-96x96.jpg\",\"caption\":\"Antonio Lled\u00f3 Flor\"},\"description\":\"D. Antonio Lled\u00f3 Flor, es Licenciado en Filosof\u00eda por la Universidad de Alicante. Ejecutivo de entidad financiera durante 25 a\u00f1os. Escritor, orador, divulgador y miembro del Grupo Villena desde su fundaci\u00f3n, de la que fue presidente. Fue director de la revista Amor Paz y Caridad durante diez a\u00f1os en su anterior etapa, y desde hace m\u00e1s de 35 a\u00f1os viene dictando conferencias y participando en seminarios, simposios, congresos; tanto nacionales como internacionales. Forma parte del equipo de redacci\u00f3n de dicha revista, actualmente en formato web, aportando art\u00edculos de inter\u00e9s y permanente actualidad.\",\"sameAs\":[\"http:\\\/\\\/www.amorpazycaridad.com\"],\"url\":\"https:\\\/\\\/amorpazy-cp515.wordpresstemporal.com\\\/amorpazycaridad.es\\\/author\\\/antonio\\\/\"}]}<\/script>\n<!-- \/ Yoast SEO plugin. -->","yoast_head_json":{"title":"AMISTAD: CIMIENTOS DEL GRUPO ESPIRITUAL | Amor, paz caridad","robots":{"index":"index","follow":"follow","max-snippet":"max-snippet:-1","max-image-preview":"max-image-preview:large","max-video-preview":"max-video-preview:-1"},"canonical":"https:\/\/amorpazy-cp515.wordpresstemporal.com\/amorpazycaridad.es\/amistad-cimientos-del-grupo-espiritual\/","og_locale":"es_ES","og_type":"article","og_title":"AMISTAD: CIMIENTOS DEL GRUPO ESPIRITUAL | Amor, paz caridad","og_description":"\u00a0 Entre las bases que cimentan un trabajo s\u00f3lido y de futuro en todo grupo espiritual que se precie, la amistad es uno de los principios esenciales. Quiz\u00e1s no se comprende todav\u00eda la enorme importancia de esta cualidad en la relaci\u00f3n interpersonal. Cuando se acometen proyectos basados en intereses materiales es importante un buen equipo [&hellip;]","og_url":"https:\/\/amorpazy-cp515.wordpresstemporal.com\/amorpazycaridad.es\/amistad-cimientos-del-grupo-espiritual\/","og_site_name":"Amor, paz caridad","article_publisher":"http:\/\/www.facebook.com\/pages\/Amor-paz-y-caridad\/1594978604096866","article_published_time":"2013-09-23T18:46:00+00:00","article_modified_time":"2015-02-18T18:45:05+00:00","author":"Antonio","twitter_card":"summary_large_image","twitter_creator":"@amorpazycaridad","twitter_site":"@amorpazycaridad","twitter_misc":{"Escrito por":"Antonio Lled\u00f3 Flor","Tiempo de lectura":"7 minutos"},"schema":{"@context":"https:\/\/schema.org","@graph":[{"@type":"Article","@id":"https:\/\/amorpazy-cp515.wordpresstemporal.com\/amorpazycaridad.es\/amistad-cimientos-del-grupo-espiritual\/#article","isPartOf":{"@id":"https:\/\/amorpazy-cp515.wordpresstemporal.com\/amorpazycaridad.es\/amistad-cimientos-del-grupo-espiritual\/"},"author":{"name":"Antonio Lled\u00f3 Flor","@id":"https:\/\/amorpazycaridad.es\/#\/schema\/person\/221ba4fa1195cdcac2bd273305f4b13f"},"headline":"AMISTAD: CIMIENTOS DEL GRUPO ESPIRITUAL","datePublished":"2013-09-23T18:46:00+00:00","dateModified":"2015-02-18T18:45:05+00:00","mainEntityOfPage":{"@id":"https:\/\/amorpazy-cp515.wordpresstemporal.com\/amorpazycaridad.es\/amistad-cimientos-del-grupo-espiritual\/"},"wordCount":1305,"commentCount":0,"publisher":{"@id":"https:\/\/amorpazycaridad.es\/#organization"},"keywords":["AMISTAD","Fraternidad en Grupo","GRUPO ESPIRITUAL","Ley del Amor"],"articleSection":["Fraternidad en grupo"],"inLanguage":"es","potentialAction":[{"@type":"CommentAction","name":"Comment","target":["https:\/\/amorpazy-cp515.wordpresstemporal.com\/amorpazycaridad.es\/amistad-cimientos-del-grupo-espiritual\/#respond"]}]},{"@type":"WebPage","@id":"https:\/\/amorpazy-cp515.wordpresstemporal.com\/amorpazycaridad.es\/amistad-cimientos-del-grupo-espiritual\/","url":"https:\/\/amorpazy-cp515.wordpresstemporal.com\/amorpazycaridad.es\/amistad-cimientos-del-grupo-espiritual\/","name":"AMISTAD: CIMIENTOS DEL GRUPO ESPIRITUAL | Amor, paz caridad","isPartOf":{"@id":"https:\/\/amorpazycaridad.es\/#website"},"datePublished":"2013-09-23T18:46:00+00:00","dateModified":"2015-02-18T18:45:05+00:00","breadcrumb":{"@id":"https:\/\/amorpazy-cp515.wordpresstemporal.com\/amorpazycaridad.es\/amistad-cimientos-del-grupo-espiritual\/#breadcrumb"},"inLanguage":"es","potentialAction":[{"@type":"ReadAction","target":["https:\/\/amorpazy-cp515.wordpresstemporal.com\/amorpazycaridad.es\/amistad-cimientos-del-grupo-espiritual\/"]}]},{"@type":"BreadcrumbList","@id":"https:\/\/amorpazy-cp515.wordpresstemporal.com\/amorpazycaridad.es\/amistad-cimientos-del-grupo-espiritual\/#breadcrumb","itemListElement":[{"@type":"ListItem","position":1,"name":"Portada","item":"https:\/\/amorpazy-cp515.wordpresstemporal.com\/amorpazycaridad.es\/"},{"@type":"ListItem","position":2,"name":"AMISTAD: CIMIENTOS DEL GRUPO ESPIRITUAL"}]},{"@type":"WebSite","@id":"https:\/\/amorpazycaridad.es\/#website","url":"https:\/\/amorpazycaridad.es\/","name":"Amor, paz caridad","description":"Conocimiento espiritual, espiritismo, espiritualismo, leyes universales, m\u00e1s all\u00e1, vida despu\u00e9s de la vida,","publisher":{"@id":"https:\/\/amorpazycaridad.es\/#organization"},"potentialAction":[{"@type":"SearchAction","target":{"@type":"EntryPoint","urlTemplate":"https:\/\/amorpazycaridad.es\/?s={search_term_string}"},"query-input":{"@type":"PropertyValueSpecification","valueRequired":true,"valueName":"search_term_string"}}],"inLanguage":"es"},{"@type":"Organization","@id":"https:\/\/amorpazycaridad.es\/#organization","name":"Asociaci\u00f3n de Estudios Espirituales Grupo Villena","url":"https:\/\/amorpazycaridad.es\/","logo":{"@type":"ImageObject","inLanguage":"es","@id":"https:\/\/amorpazycaridad.es\/#\/schema\/logo\/image\/","url":"https:\/\/amorpazycaridad.es\/wp-content\/uploads\/2015\/01\/logo-fav-e1420247830294.jpg","contentUrl":"https:\/\/amorpazycaridad.es\/wp-content\/uploads\/2015\/01\/logo-fav-e1420247830294.jpg","width":144,"height":144,"caption":"Asociaci\u00f3n de Estudios Espirituales Grupo Villena"},"image":{"@id":"https:\/\/amorpazycaridad.es\/#\/schema\/logo\/image\/"},"sameAs":["http:\/\/www.facebook.com\/pages\/Amor-paz-y-caridad\/1594978604096866","https:\/\/x.com\/amorpazycaridad","https:\/\/es.pinterest.com\/amorpazycaridad\/","https:\/\/www.youtube.com\/channel\/UC1GvDIDCLoL02SzOD7NJdrA"]},{"@type":"Person","@id":"https:\/\/amorpazycaridad.es\/#\/schema\/person\/221ba4fa1195cdcac2bd273305f4b13f","name":"Antonio Lled\u00f3 Flor","image":{"@type":"ImageObject","inLanguage":"es","@id":"https:\/\/amorpazy-cp515.wordpresstemporal.com\/amorpazycaridad.es\/wp-content\/uploads\/2016\/07\/IMG_1655-96x96.jpg5b8dbc14a881d27b23191d1f73ee32db","url":"https:\/\/amorpazy-cp515.wordpresstemporal.com\/amorpazycaridad.es\/wp-content\/uploads\/2016\/07\/IMG_1655-96x96.jpg","contentUrl":"https:\/\/amorpazy-cp515.wordpresstemporal.com\/amorpazycaridad.es\/wp-content\/uploads\/2016\/07\/IMG_1655-96x96.jpg","caption":"Antonio Lled\u00f3 Flor"},"description":"D. Antonio Lled\u00f3 Flor, es Licenciado en Filosof\u00eda por la Universidad de Alicante. Ejecutivo de entidad financiera durante 25 a\u00f1os. Escritor, orador, divulgador y miembro del Grupo Villena desde su fundaci\u00f3n, de la que fue presidente. Fue director de la revista Amor Paz y Caridad durante diez a\u00f1os en su anterior etapa, y desde hace m\u00e1s de 35 a\u00f1os viene dictando conferencias y participando en seminarios, simposios, congresos; tanto nacionales como internacionales. Forma parte del equipo de redacci\u00f3n de dicha revista, actualmente en formato web, aportando art\u00edculos de inter\u00e9s y permanente actualidad.","sameAs":["http:\/\/www.amorpazycaridad.com"],"url":"https:\/\/amorpazy-cp515.wordpresstemporal.com\/amorpazycaridad.es\/author\/antonio\/"}]}},"authors":[{"term_id":407,"user_id":0,"is_guest":1,"slug":"cap-antonio","display_name":"Antonio","avatar_url":"https:\/\/secure.gravatar.com\/avatar\/?s=96&d=mm&r=g","0":null,"1":"","2":"","3":"","4":"","5":"","6":"","7":"","8":""}],"_links":{"self":[{"href":"https:\/\/amorpazy-cp515.wordpresstemporal.com\/amorpazycaridad.es\/wp-json\/wp\/v2\/posts\/152","targetHints":{"allow":["GET"]}}],"collection":[{"href":"https:\/\/amorpazy-cp515.wordpresstemporal.com\/amorpazycaridad.es\/wp-json\/wp\/v2\/posts"}],"about":[{"href":"https:\/\/amorpazy-cp515.wordpresstemporal.com\/amorpazycaridad.es\/wp-json\/wp\/v2\/types\/post"}],"author":[{"embeddable":true,"href":"https:\/\/amorpazy-cp515.wordpresstemporal.com\/amorpazycaridad.es\/wp-json\/wp\/v2\/users\/6"}],"replies":[{"embeddable":true,"href":"https:\/\/amorpazy-cp515.wordpresstemporal.com\/amorpazycaridad.es\/wp-json\/wp\/v2\/comments?post=152"}],"version-history":[{"count":2,"href":"https:\/\/amorpazy-cp515.wordpresstemporal.com\/amorpazycaridad.es\/wp-json\/wp\/v2\/posts\/152\/revisions"}],"predecessor-version":[{"id":2850,"href":"https:\/\/amorpazy-cp515.wordpresstemporal.com\/amorpazycaridad.es\/wp-json\/wp\/v2\/posts\/152\/revisions\/2850"}],"wp:attachment":[{"href":"https:\/\/amorpazy-cp515.wordpresstemporal.com\/amorpazycaridad.es\/wp-json\/wp\/v2\/media?parent=152"}],"wp:term":[{"taxonomy":"category","embeddable":true,"href":"https:\/\/amorpazy-cp515.wordpresstemporal.com\/amorpazycaridad.es\/wp-json\/wp\/v2\/categories?post=152"},{"taxonomy":"post_tag","embeddable":true,"href":"https:\/\/amorpazy-cp515.wordpresstemporal.com\/amorpazycaridad.es\/wp-json\/wp\/v2\/tags?post=152"},{"taxonomy":"author","embeddable":true,"href":"https:\/\/amorpazy-cp515.wordpresstemporal.com\/amorpazycaridad.es\/wp-json\/wp\/v2\/ppma_author?post=152"}],"curies":[{"name":"wp","href":"https:\/\/api.w.org\/{rel}","templated":true}]}}