{"id":14624,"date":"2020-08-06T18:39:24","date_gmt":"2020-08-06T16:39:24","guid":{"rendered":"https:\/\/amorpazycaridad.es\/?p=14624"},"modified":"2025-07-31T16:41:31","modified_gmt":"2025-07-31T14:41:31","slug":"amor-paz-y-caridad-ano-x","status":"publish","type":"post","link":"https:\/\/amorpazy-cp515.wordpresstemporal.com\/amorpazycaridad.es\/amor-paz-y-caridad-ano-x\/","title":{"rendered":"AMOR PAZ Y CARIDAD A\u00d1O X"},"content":{"rendered":"<section class=\"contenedor\">\n<article><!--Cabecera------------><\/p>\n<header>\n<hgroup>\n<h5 style=\"text-align: center;\"><\/h5>\n<h3 style=\"text-align: center;\">Amor Paz y Caridad a\u00f1o X<\/h3>\n<h4 style=\"text-align: center;\">Segunda \u00e9poca<\/h4>\n<h4><\/h4>\n<\/hgroup>\n<\/header>\n<p><!--Imagen del libro y enlace de descarga--><\/p>\n<figure class=\"col-xs-3 \"><\/figure>\n<p><!--Referencia o rese\u00f1a del libro--><\/p>\n<div class=\"col-xs-pull-8 referencia\">\n<p class=\"p1\" style=\"text-align: justify;\"><a href=\"https:\/\/amorpazycaridad.es\/wp-content\/uploads\/2020\/08\/An\u0303o-diez-apc.pdf\"><img decoding=\"async\" class=\"alignleft\" src=\"https:\/\/amorpazycaridad.es\/wp-content\/uploads\/2017\/02\/revista-descarga.png\" alt=\"240\" \/><\/a>En este archivo est\u00e1 recopilado el d\u00e9cimo a\u00f1o de nuestra revista digital, desde el n\u00famero 109 al 120 correspondiente a los meses de mayo 2019 a abril 2020.<\/p>\n<p style=\"text-align: justify;\">Estos son los t\u00edtulos de las diversas secciones:<\/p>\n<p style=\"text-align: justify;\">Editorial, aprendiendo a vivir mejor, Leyes universales, Naturaleza moral del hombre, Trayectoria \u00edntima del alma, P\u00e1gina po\u00e9tica, Cualidades de g\u00e9nero, Consideraciones sobre el m\u00e1s all\u00e1, Bajo la luz del espiritismo, Entrevista, Palabras de aliento, recopiladas en un pdf para que usted pueda imprimirlas y leerlas donde guste.<\/p>\n<p style=\"text-align: center;\"><a href=\"https:\/\/amorpazycaridad.es\/wp-content\/uploads\/2020\/08\/An\u0303o-diez-apc.pdf\"><img loading=\"lazy\" decoding=\"async\" class=\"aligncenter\" src=\"https:\/\/amorpazycaridad.es\/wp-content\/uploads\/2018\/11\/descargar-2.png\" alt=\"\" width=\"119\" height=\"132\" \/><strong>Descargar Amor paz y caridad a\u00f1o IX<\/strong><\/a><\/p>\n<p>Desde este enlace puede ver las \u00faltimas publicaciones: <a href=\"https:\/\/amorpazycaridad.es\/ano-en-curso\/\"><strong>Revista digital mensual<\/strong><\/a><\/p>\n<\/div>\n<\/article>\n<\/section>\n","protected":false},"excerpt":{"rendered":"<p>Amor Paz y Caridad a\u00f1o X Segunda \u00e9poca En este archivo est\u00e1 recopilado el d\u00e9cimo a\u00f1o de nuestra revista digital, desde el n\u00famero 109 al 120 correspondiente a los meses de mayo 2019 a abril 2020. Estos son los t\u00edtulos de las diversas secciones: Editorial, aprendiendo a vivir mejor, Leyes universales, Naturaleza moral del hombre, [&hellip;]<\/p>\n","protected":false},"author":2,"featured_media":1932,"comment_status":"open","ping_status":"open","sticky":false,"template":"","format":"standard","meta":{"tdm_status":"","tdm_grid_status":"","footnotes":""},"categories":[7524],"tags":[5529],"ppma_author":[396],"class_list":{"0":"post-14624","1":"post","2":"type-post","3":"status-publish","4":"format-standard","5":"has-post-thumbnail","7":"category-revista-digital-anual","8":"tag-recopilacion-amor-paz-y-caridad-ano-10"},"yoast_head":"<!-- This site is optimized with the Yoast SEO plugin v27.7 - https:\/\/yoast.com\/product\/yoast-seo-wordpress\/ -->\n<title>AMOR PAZ Y CARIDAD A\u00d1O X | GRUPO VILLENA | APC<\/title>\n<meta name=\"description\" content=\"Amor paz y caridad a\u00f1o X.En este PDF recopilamos desde el n\u00ba 109 al 120 correspondiente a los meses de mayo 2019 a abril 2020.\" \/>\n<meta name=\"robots\" content=\"index, follow, max-snippet:-1, max-image-preview:large, max-video-preview:-1\" \/>\n<link rel=\"canonical\" href=\"https:\/\/amorpazycaridad.es\/amor-paz-y-caridad-ano-x\/\" \/>\n<meta property=\"og:locale\" content=\"es_ES\" \/>\n<meta property=\"og:type\" content=\"article\" \/>\n<meta property=\"og:title\" content=\"AMOR PAZ Y CARIDAD A\u00d1O X | GRUPO VILLENA | APC\" \/>\n<meta property=\"og:description\" content=\"Amor paz y caridad a\u00f1o X.En este PDF recopilamos desde el n\u00ba 109 al 120 correspondiente a los meses de mayo 2019 a abril 2020.\" \/>\n<meta property=\"og:url\" content=\"https:\/\/amorpazycaridad.es\/amor-paz-y-caridad-ano-x\/\" \/>\n<meta property=\"og:site_name\" content=\"Amor, paz caridad\" \/>\n<meta property=\"article:publisher\" content=\"http:\/\/www.facebook.com\/pages\/Amor-paz-y-caridad\/1594978604096866\" \/>\n<meta property=\"article:published_time\" content=\"2020-08-06T16:39:24+00:00\" \/>\n<meta property=\"article:modified_time\" content=\"2025-07-31T14:41:31+00:00\" \/>\n<meta property=\"og:image\" content=\"https:\/\/amorpazycaridad.es\/wp-content\/uploads\/2014\/12\/ano-1-apc.jpg\" \/>\n\t<meta property=\"og:image:width\" content=\"788\" \/>\n\t<meta property=\"og:image:height\" content=\"350\" \/>\n\t<meta property=\"og:image:type\" content=\"image\/jpeg\" \/>\n<meta name=\"author\" content=\"Redaccion\" \/>\n<meta name=\"twitter:card\" content=\"summary_large_image\" \/>\n<meta name=\"twitter:creator\" content=\"@amorpazycaridad\" \/>\n<meta name=\"twitter:site\" content=\"@amorpazycaridad\" \/>\n<meta name=\"twitter:label1\" content=\"Escrito por\" \/>\n\t<meta name=\"twitter:data1\" content=\"Redacci\u00f3n\" \/>\n\t<meta name=\"twitter:label2\" content=\"Tiempo de lectura\" \/>\n\t<meta name=\"twitter:data2\" content=\"2 minutos\" \/>\n<script type=\"application\/ld+json\" class=\"yoast-schema-graph\">{\"@context\":\"https:\\\/\\\/schema.org\",\"@graph\":[{\"@type\":\"Article\",\"@id\":\"https:\\\/\\\/amorpazycaridad.es\\\/amor-paz-y-caridad-ano-x\\\/#article\",\"isPartOf\":{\"@id\":\"https:\\\/\\\/amorpazycaridad.es\\\/amor-paz-y-caridad-ano-x\\\/\"},\"author\":{\"name\":\"Redacci\u00f3n\",\"@id\":\"https:\\\/\\\/amorpazy-cp515.wordpresstemporal.com\\\/amorpazycaridad.es\\\/#\\\/schema\\\/person\\\/44cbc218f1b29f65390e7c8a4fd0c28d\"},\"headline\":\"AMOR PAZ Y CARIDAD A\u00d1O X\",\"datePublished\":\"2020-08-06T16:39:24+00:00\",\"dateModified\":\"2025-07-31T14:41:31+00:00\",\"mainEntityOfPage\":{\"@id\":\"https:\\\/\\\/amorpazycaridad.es\\\/amor-paz-y-caridad-ano-x\\\/\"},\"wordCount\":122,\"commentCount\":0,\"publisher\":{\"@id\":\"https:\\\/\\\/amorpazy-cp515.wordpresstemporal.com\\\/amorpazycaridad.es\\\/#organization\"},\"image\":{\"@id\":\"https:\\\/\\\/amorpazycaridad.es\\\/amor-paz-y-caridad-ano-x\\\/#primaryimage\"},\"thumbnailUrl\":\"https:\\\/\\\/amorpazy-cp515.wordpresstemporal.com\\\/amorpazycaridad.es\\\/wp-content\\\/uploads\\\/2014\\\/12\\\/ano-1-apc.jpg\",\"keywords\":[\"Recopilaci\u00f3n Amor paz y caridad a\u00f1o 10\"],\"articleSection\":[\"Revista digital anual\"],\"inLanguage\":\"es\",\"potentialAction\":[{\"@type\":\"CommentAction\",\"name\":\"Comment\",\"target\":[\"https:\\\/\\\/amorpazycaridad.es\\\/amor-paz-y-caridad-ano-x\\\/#respond\"]}]},{\"@type\":\"WebPage\",\"@id\":\"https:\\\/\\\/amorpazycaridad.es\\\/amor-paz-y-caridad-ano-x\\\/\",\"url\":\"https:\\\/\\\/amorpazycaridad.es\\\/amor-paz-y-caridad-ano-x\\\/\",\"name\":\"AMOR PAZ Y CARIDAD A\u00d1O X | GRUPO VILLENA | APC\",\"isPartOf\":{\"@id\":\"https:\\\/\\\/amorpazy-cp515.wordpresstemporal.com\\\/amorpazycaridad.es\\\/#website\"},\"primaryImageOfPage\":{\"@id\":\"https:\\\/\\\/amorpazycaridad.es\\\/amor-paz-y-caridad-ano-x\\\/#primaryimage\"},\"image\":{\"@id\":\"https:\\\/\\\/amorpazycaridad.es\\\/amor-paz-y-caridad-ano-x\\\/#primaryimage\"},\"thumbnailUrl\":\"https:\\\/\\\/amorpazy-cp515.wordpresstemporal.com\\\/amorpazycaridad.es\\\/wp-content\\\/uploads\\\/2014\\\/12\\\/ano-1-apc.jpg\",\"datePublished\":\"2020-08-06T16:39:24+00:00\",\"dateModified\":\"2025-07-31T14:41:31+00:00\",\"description\":\"Amor paz y caridad a\u00f1o X.En este PDF recopilamos desde el n\u00ba 109 al 120 correspondiente a los meses de mayo 2019 a abril 2020.\",\"breadcrumb\":{\"@id\":\"https:\\\/\\\/amorpazycaridad.es\\\/amor-paz-y-caridad-ano-x\\\/#breadcrumb\"},\"inLanguage\":\"es\",\"potentialAction\":[{\"@type\":\"ReadAction\",\"target\":[\"https:\\\/\\\/amorpazycaridad.es\\\/amor-paz-y-caridad-ano-x\\\/\"]}]},{\"@type\":\"ImageObject\",\"inLanguage\":\"es\",\"@id\":\"https:\\\/\\\/amorpazycaridad.es\\\/amor-paz-y-caridad-ano-x\\\/#primaryimage\",\"url\":\"https:\\\/\\\/amorpazy-cp515.wordpresstemporal.com\\\/amorpazycaridad.es\\\/wp-content\\\/uploads\\\/2014\\\/12\\\/ano-1-apc.jpg\",\"contentUrl\":\"https:\\\/\\\/amorpazy-cp515.wordpresstemporal.com\\\/amorpazycaridad.es\\\/wp-content\\\/uploads\\\/2014\\\/12\\\/ano-1-apc.jpg\",\"width\":788,\"height\":350,\"caption\":\"AMOR PAZ Y CARIDAD A\u00d1O VI\"},{\"@type\":\"BreadcrumbList\",\"@id\":\"https:\\\/\\\/amorpazycaridad.es\\\/amor-paz-y-caridad-ano-x\\\/#breadcrumb\",\"itemListElement\":[{\"@type\":\"ListItem\",\"position\":1,\"name\":\"Portada\",\"item\":\"https:\\\/\\\/amorpazy-cp515.wordpresstemporal.com\\\/amorpazycaridad.es\\\/\"},{\"@type\":\"ListItem\",\"position\":2,\"name\":\"AMOR PAZ Y CARIDAD A\u00d1O X\"}]},{\"@type\":\"WebSite\",\"@id\":\"https:\\\/\\\/amorpazy-cp515.wordpresstemporal.com\\\/amorpazycaridad.es\\\/#website\",\"url\":\"https:\\\/\\\/amorpazy-cp515.wordpresstemporal.com\\\/amorpazycaridad.es\\\/\",\"name\":\"Amor, paz caridad\",\"description\":\"Conocimiento espiritual, espiritismo, espiritualismo, leyes universales, m\u00e1s all\u00e1, vida despu\u00e9s de la vida,\",\"publisher\":{\"@id\":\"https:\\\/\\\/amorpazy-cp515.wordpresstemporal.com\\\/amorpazycaridad.es\\\/#organization\"},\"potentialAction\":[{\"@type\":\"SearchAction\",\"target\":{\"@type\":\"EntryPoint\",\"urlTemplate\":\"https:\\\/\\\/amorpazy-cp515.wordpresstemporal.com\\\/amorpazycaridad.es\\\/?s={search_term_string}\"},\"query-input\":{\"@type\":\"PropertyValueSpecification\",\"valueRequired\":true,\"valueName\":\"search_term_string\"}}],\"inLanguage\":\"es\"},{\"@type\":\"Organization\",\"@id\":\"https:\\\/\\\/amorpazy-cp515.wordpresstemporal.com\\\/amorpazycaridad.es\\\/#organization\",\"name\":\"Asociaci\u00f3n de Estudios Espirituales Grupo Villena\",\"url\":\"https:\\\/\\\/amorpazy-cp515.wordpresstemporal.com\\\/amorpazycaridad.es\\\/\",\"logo\":{\"@type\":\"ImageObject\",\"inLanguage\":\"es\",\"@id\":\"https:\\\/\\\/amorpazy-cp515.wordpresstemporal.com\\\/amorpazycaridad.es\\\/#\\\/schema\\\/logo\\\/image\\\/\",\"url\":\"https:\\\/\\\/amorpazycaridad.es\\\/wp-content\\\/uploads\\\/2015\\\/01\\\/logo-fav-e1420247830294.jpg\",\"contentUrl\":\"https:\\\/\\\/amorpazycaridad.es\\\/wp-content\\\/uploads\\\/2015\\\/01\\\/logo-fav-e1420247830294.jpg\",\"width\":144,\"height\":144,\"caption\":\"Asociaci\u00f3n de Estudios Espirituales Grupo Villena\"},\"image\":{\"@id\":\"https:\\\/\\\/amorpazy-cp515.wordpresstemporal.com\\\/amorpazycaridad.es\\\/#\\\/schema\\\/logo\\\/image\\\/\"},\"sameAs\":[\"http:\\\/\\\/www.facebook.com\\\/pages\\\/Amor-paz-y-caridad\\\/1594978604096866\",\"https:\\\/\\\/x.com\\\/amorpazycaridad\",\"https:\\\/\\\/es.pinterest.com\\\/amorpazycaridad\\\/\",\"https:\\\/\\\/www.youtube.com\\\/channel\\\/UC1GvDIDCLoL02SzOD7NJdrA\"]},{\"@type\":\"Person\",\"@id\":\"https:\\\/\\\/amorpazy-cp515.wordpresstemporal.com\\\/amorpazycaridad.es\\\/#\\\/schema\\\/person\\\/44cbc218f1b29f65390e7c8a4fd0c28d\",\"name\":\"Redacci\u00f3n\",\"image\":{\"@type\":\"ImageObject\",\"inLanguage\":\"es\",\"@id\":\"https:\\\/\\\/amorpazycaridad.es\\\/wp-content\\\/uploads\\\/2015\\\/01\\\/icono-114-96x96.jpg73ca1ff604f9e7c7607bbbfa84b61c44\",\"url\":\"https:\\\/\\\/amorpazycaridad.es\\\/wp-content\\\/uploads\\\/2015\\\/01\\\/icono-114-96x96.jpg\",\"contentUrl\":\"https:\\\/\\\/amorpazycaridad.es\\\/wp-content\\\/uploads\\\/2015\\\/01\\\/icono-114-96x96.jpg\",\"caption\":\"Redacci\u00f3n\"},\"sameAs\":[\"http:\\\/\\\/www.amorpazycaridad.com\"],\"url\":\"https:\\\/\\\/amorpazy-cp515.wordpresstemporal.com\\\/amorpazycaridad.es\\\/author\\\/redaccion\\\/\"}]}<\/script>\n<!-- \/ Yoast SEO plugin. -->","yoast_head_json":{"title":"AMOR PAZ Y CARIDAD A\u00d1O X | GRUPO VILLENA | APC","description":"Amor paz y caridad a\u00f1o X.En este PDF recopilamos desde el n\u00ba 109 al 120 correspondiente a los meses de mayo 2019 a abril 2020.","robots":{"index":"index","follow":"follow","max-snippet":"max-snippet:-1","max-image-preview":"max-image-preview:large","max-video-preview":"max-video-preview:-1"},"canonical":"https:\/\/amorpazycaridad.es\/amor-paz-y-caridad-ano-x\/","og_locale":"es_ES","og_type":"article","og_title":"AMOR PAZ Y CARIDAD A\u00d1O X | GRUPO VILLENA | APC","og_description":"Amor paz y caridad a\u00f1o X.En este PDF recopilamos desde el n\u00ba 109 al 120 correspondiente a los meses de mayo 2019 a abril 2020.","og_url":"https:\/\/amorpazycaridad.es\/amor-paz-y-caridad-ano-x\/","og_site_name":"Amor, paz caridad","article_publisher":"http:\/\/www.facebook.com\/pages\/Amor-paz-y-caridad\/1594978604096866","article_published_time":"2020-08-06T16:39:24+00:00","article_modified_time":"2025-07-31T14:41:31+00:00","og_image":[{"width":788,"height":350,"url":"https:\/\/amorpazycaridad.es\/wp-content\/uploads\/2014\/12\/ano-1-apc.jpg","type":"image\/jpeg"}],"author":"Redaccion","twitter_card":"summary_large_image","twitter_creator":"@amorpazycaridad","twitter_site":"@amorpazycaridad","twitter_misc":{"Escrito por":"Redacci\u00f3n","Tiempo de lectura":"2 minutos"},"schema":{"@context":"https:\/\/schema.org","@graph":[{"@type":"Article","@id":"https:\/\/amorpazycaridad.es\/amor-paz-y-caridad-ano-x\/#article","isPartOf":{"@id":"https:\/\/amorpazycaridad.es\/amor-paz-y-caridad-ano-x\/"},"author":{"name":"Redacci\u00f3n","@id":"https:\/\/amorpazy-cp515.wordpresstemporal.com\/amorpazycaridad.es\/#\/schema\/person\/44cbc218f1b29f65390e7c8a4fd0c28d"},"headline":"AMOR PAZ Y CARIDAD A\u00d1O X","datePublished":"2020-08-06T16:39:24+00:00","dateModified":"2025-07-31T14:41:31+00:00","mainEntityOfPage":{"@id":"https:\/\/amorpazycaridad.es\/amor-paz-y-caridad-ano-x\/"},"wordCount":122,"commentCount":0,"publisher":{"@id":"https:\/\/amorpazy-cp515.wordpresstemporal.com\/amorpazycaridad.es\/#organization"},"image":{"@id":"https:\/\/amorpazycaridad.es\/amor-paz-y-caridad-ano-x\/#primaryimage"},"thumbnailUrl":"https:\/\/amorpazy-cp515.wordpresstemporal.com\/amorpazycaridad.es\/wp-content\/uploads\/2014\/12\/ano-1-apc.jpg","keywords":["Recopilaci\u00f3n Amor paz y caridad a\u00f1o 10"],"articleSection":["Revista digital anual"],"inLanguage":"es","potentialAction":[{"@type":"CommentAction","name":"Comment","target":["https:\/\/amorpazycaridad.es\/amor-paz-y-caridad-ano-x\/#respond"]}]},{"@type":"WebPage","@id":"https:\/\/amorpazycaridad.es\/amor-paz-y-caridad-ano-x\/","url":"https:\/\/amorpazycaridad.es\/amor-paz-y-caridad-ano-x\/","name":"AMOR PAZ Y CARIDAD A\u00d1O X | GRUPO VILLENA | APC","isPartOf":{"@id":"https:\/\/amorpazy-cp515.wordpresstemporal.com\/amorpazycaridad.es\/#website"},"primaryImageOfPage":{"@id":"https:\/\/amorpazycaridad.es\/amor-paz-y-caridad-ano-x\/#primaryimage"},"image":{"@id":"https:\/\/amorpazycaridad.es\/amor-paz-y-caridad-ano-x\/#primaryimage"},"thumbnailUrl":"https:\/\/amorpazy-cp515.wordpresstemporal.com\/amorpazycaridad.es\/wp-content\/uploads\/2014\/12\/ano-1-apc.jpg","datePublished":"2020-08-06T16:39:24+00:00","dateModified":"2025-07-31T14:41:31+00:00","description":"Amor paz y caridad a\u00f1o X.En este PDF recopilamos desde el n\u00ba 109 al 120 correspondiente a los meses de mayo 2019 a abril 2020.","breadcrumb":{"@id":"https:\/\/amorpazycaridad.es\/amor-paz-y-caridad-ano-x\/#breadcrumb"},"inLanguage":"es","potentialAction":[{"@type":"ReadAction","target":["https:\/\/amorpazycaridad.es\/amor-paz-y-caridad-ano-x\/"]}]},{"@type":"ImageObject","inLanguage":"es","@id":"https:\/\/amorpazycaridad.es\/amor-paz-y-caridad-ano-x\/#primaryimage","url":"https:\/\/amorpazy-cp515.wordpresstemporal.com\/amorpazycaridad.es\/wp-content\/uploads\/2014\/12\/ano-1-apc.jpg","contentUrl":"https:\/\/amorpazy-cp515.wordpresstemporal.com\/amorpazycaridad.es\/wp-content\/uploads\/2014\/12\/ano-1-apc.jpg","width":788,"height":350,"caption":"AMOR PAZ Y CARIDAD A\u00d1O VI"},{"@type":"BreadcrumbList","@id":"https:\/\/amorpazycaridad.es\/amor-paz-y-caridad-ano-x\/#breadcrumb","itemListElement":[{"@type":"ListItem","position":1,"name":"Portada","item":"https:\/\/amorpazy-cp515.wordpresstemporal.com\/amorpazycaridad.es\/"},{"@type":"ListItem","position":2,"name":"AMOR PAZ Y CARIDAD A\u00d1O X"}]},{"@type":"WebSite","@id":"https:\/\/amorpazy-cp515.wordpresstemporal.com\/amorpazycaridad.es\/#website","url":"https:\/\/amorpazy-cp515.wordpresstemporal.com\/amorpazycaridad.es\/","name":"Amor, paz caridad","description":"Conocimiento espiritual, espiritismo, espiritualismo, leyes universales, m\u00e1s all\u00e1, vida despu\u00e9s de la vida,","publisher":{"@id":"https:\/\/amorpazy-cp515.wordpresstemporal.com\/amorpazycaridad.es\/#organization"},"potentialAction":[{"@type":"SearchAction","target":{"@type":"EntryPoint","urlTemplate":"https:\/\/amorpazy-cp515.wordpresstemporal.com\/amorpazycaridad.es\/?s={search_term_string}"},"query-input":{"@type":"PropertyValueSpecification","valueRequired":true,"valueName":"search_term_string"}}],"inLanguage":"es"},{"@type":"Organization","@id":"https:\/\/amorpazy-cp515.wordpresstemporal.com\/amorpazycaridad.es\/#organization","name":"Asociaci\u00f3n de Estudios Espirituales Grupo Villena","url":"https:\/\/amorpazy-cp515.wordpresstemporal.com\/amorpazycaridad.es\/","logo":{"@type":"ImageObject","inLanguage":"es","@id":"https:\/\/amorpazy-cp515.wordpresstemporal.com\/amorpazycaridad.es\/#\/schema\/logo\/image\/","url":"https:\/\/amorpazycaridad.es\/wp-content\/uploads\/2015\/01\/logo-fav-e1420247830294.jpg","contentUrl":"https:\/\/amorpazycaridad.es\/wp-content\/uploads\/2015\/01\/logo-fav-e1420247830294.jpg","width":144,"height":144,"caption":"Asociaci\u00f3n de Estudios Espirituales Grupo Villena"},"image":{"@id":"https:\/\/amorpazy-cp515.wordpresstemporal.com\/amorpazycaridad.es\/#\/schema\/logo\/image\/"},"sameAs":["http:\/\/www.facebook.com\/pages\/Amor-paz-y-caridad\/1594978604096866","https:\/\/x.com\/amorpazycaridad","https:\/\/es.pinterest.com\/amorpazycaridad\/","https:\/\/www.youtube.com\/channel\/UC1GvDIDCLoL02SzOD7NJdrA"]},{"@type":"Person","@id":"https:\/\/amorpazy-cp515.wordpresstemporal.com\/amorpazycaridad.es\/#\/schema\/person\/44cbc218f1b29f65390e7c8a4fd0c28d","name":"Redacci\u00f3n","image":{"@type":"ImageObject","inLanguage":"es","@id":"https:\/\/amorpazycaridad.es\/wp-content\/uploads\/2015\/01\/icono-114-96x96.jpg73ca1ff604f9e7c7607bbbfa84b61c44","url":"https:\/\/amorpazycaridad.es\/wp-content\/uploads\/2015\/01\/icono-114-96x96.jpg","contentUrl":"https:\/\/amorpazycaridad.es\/wp-content\/uploads\/2015\/01\/icono-114-96x96.jpg","caption":"Redacci\u00f3n"},"sameAs":["http:\/\/www.amorpazycaridad.com"],"url":"https:\/\/amorpazy-cp515.wordpresstemporal.com\/amorpazycaridad.es\/author\/redaccion\/"}]}},"authors":[{"term_id":396,"user_id":0,"is_guest":1,"slug":"cap-redaccion","display_name":"Redaccion","avatar_url":"https:\/\/secure.gravatar.com\/avatar\/?s=96&d=mm&r=g","0":null,"1":"","2":"","3":"","4":"","5":"","6":"","7":"","8":""}],"_links":{"self":[{"href":"https:\/\/amorpazy-cp515.wordpresstemporal.com\/amorpazycaridad.es\/wp-json\/wp\/v2\/posts\/14624","targetHints":{"allow":["GET"]}}],"collection":[{"href":"https:\/\/amorpazy-cp515.wordpresstemporal.com\/amorpazycaridad.es\/wp-json\/wp\/v2\/posts"}],"about":[{"href":"https:\/\/amorpazy-cp515.wordpresstemporal.com\/amorpazycaridad.es\/wp-json\/wp\/v2\/types\/post"}],"author":[{"embeddable":true,"href":"https:\/\/amorpazy-cp515.wordpresstemporal.com\/amorpazycaridad.es\/wp-json\/wp\/v2\/users\/2"}],"replies":[{"embeddable":true,"href":"https:\/\/amorpazy-cp515.wordpresstemporal.com\/amorpazycaridad.es\/wp-json\/wp\/v2\/comments?post=14624"}],"version-history":[{"count":4,"href":"https:\/\/amorpazy-cp515.wordpresstemporal.com\/amorpazycaridad.es\/wp-json\/wp\/v2\/posts\/14624\/revisions"}],"predecessor-version":[{"id":18933,"href":"https:\/\/amorpazy-cp515.wordpresstemporal.com\/amorpazycaridad.es\/wp-json\/wp\/v2\/posts\/14624\/revisions\/18933"}],"wp:featuredmedia":[{"embeddable":true,"href":"https:\/\/amorpazy-cp515.wordpresstemporal.com\/amorpazycaridad.es\/wp-json\/wp\/v2\/media\/1932"}],"wp:attachment":[{"href":"https:\/\/amorpazy-cp515.wordpresstemporal.com\/amorpazycaridad.es\/wp-json\/wp\/v2\/media?parent=14624"}],"wp:term":[{"taxonomy":"category","embeddable":true,"href":"https:\/\/amorpazy-cp515.wordpresstemporal.com\/amorpazycaridad.es\/wp-json\/wp\/v2\/categories?post=14624"},{"taxonomy":"post_tag","embeddable":true,"href":"https:\/\/amorpazy-cp515.wordpresstemporal.com\/amorpazycaridad.es\/wp-json\/wp\/v2\/tags?post=14624"},{"taxonomy":"author","embeddable":true,"href":"https:\/\/amorpazy-cp515.wordpresstemporal.com\/amorpazycaridad.es\/wp-json\/wp\/v2\/ppma_author?post=14624"}],"curies":[{"name":"wp","href":"https:\/\/api.w.org\/{rel}","templated":true}]}}