{"id":1225,"date":"2014-09-03T05:00:00","date_gmt":"2014-09-03T05:00:00","guid":{"rendered":"http:\/\/grupovillena.org\/amorpazycaridad.es\/leyes-universales-84\/"},"modified":"2015-01-29T20:09:42","modified_gmt":"2015-01-29T20:09:42","slug":"la-vida-en-el-mundo-espiritual-iv","status":"publish","type":"post","link":"https:\/\/amorpazy-cp515.wordpresstemporal.com\/amorpazycaridad.es\/la-vida-en-el-mundo-espiritual-iv\/","title":{"rendered":"LA VIDA EN EL MUNDO ESPIRITUAL IV"},"content":{"rendered":"<div style=\"text-align: center;\"><\/div>\n<div><span style=\"font-size: large;\">\u00a0<\/span><\/div>\n<div style=\"text-align: justify;\"><span style=\"font-size: large;\">Pocas, poqu\u00edsimas son las almas que tienen acceso inmediato y definitivo a los planos superiores. Hay generalmente, un previo condicionamiento seg\u00fan los casos.<\/span><\/div>\n<div style=\"text-align: justify;\"><span style=\"font-size: large;\">\u00a0<\/span><\/div>\n<div style=\"text-align: justify;\">\n<p><span style=\"font-size: large;\">As\u00ed como la gran mayor\u00eda de los desencarnados siguen con las mismas necesidades, deseos y sensaciones que ten\u00edan como humanos, los m\u00e1s evolucionados quedan libres de toda sensaci\u00f3n dolorosa, as\u00ed como de las necesidades del cuerpo, tales como alimentaci\u00f3n, sue\u00f1o, atracciones materiales y preocupaciones humanas. Pero, los seres inferiores llevan consigo, m\u00e1s all\u00e1 de la tumba, sus dolencias, necesidades, preocupaciones materiales y costumbres, por lo que quedan deambulando por el mismo ambiente en que hab\u00edan vivido como humanos, y vuelven a querer participar de la actividad de los humanos en sus diversos aspectos. Sus tendencias, apetitos y pasiones, siempre despiertos, y su imposibilidad de satisfacerlos, por carencia de cuerpo carnal, son motivo de sufrimiento en unos casos y de tortura en otros.<\/span><\/p>\n<\/div>\n<div style=\"text-align: justify;\"><span style=\"font-size: large;\">El encuentro o no con los seres espirituales queridos, depende de varios factores, como son: el grado de evoluci\u00f3n, ya que cada cual pasar\u00e1 a la esfera vibratoria o h\u00e1bitat que le correspondiere, y el deseo que haya de las partes en reunirse, o impedimento, como en los casos de suicidio. Aqu\u00e9llos que llevan una vida social vegetativa, etc., se ver\u00e1n privados de ello por mucho tiempo. Sus percepciones se ver\u00e1n restringidas al ambiente en que han estado viviendo como humanos o zonas de penumbra.<\/span><\/div>\n<div style=\"text-align: justify;\"><span style=\"font-size: large;\">\u00a0<\/span><\/div>\n<div style=\"text-align: justify;\"><span style=\"font-size: large;\">Hay una gama ampl\u00edsima que var\u00eda en cada caso. En la mayor\u00eda de los desencarnados llega un momento (que puede ser pronto o m\u00e1s tarde) en el que ven descorrer en cuadros flu\u00eddicos, como en un cinema, los principales actos de su vida finita -buenos y malos-, lo que les proporciona gozo o motivo de sufrimiento.<\/span><\/div>\n<div style=\"text-align: justify;\"><span style=\"font-size: large;\">\u00a0<\/span><\/div>\n<div style=\"text-align: justify;\"><span style=\"font-size: large;\">M\u00faltiples y diferentes son las situaciones de los seres que pasan al mundo espiritual, como m\u00faltiples y variadas son las condiciones y causas que cada cual ha elaborado por s\u00ed mismo. Dicho de otro modo, todo ser llega al mundo espiritual con los mismos sentimientos, pensamientos, deseos, tendencias y pasiones que ten\u00eda en la vida humana. Y cuando esos estados afectivos y mentales han sido persistentemente malos, las formas mentales creadas en esos casos, pueden ser terribles, pueden tomar formas de entidades fantasmag\u00f3ricas revoloteando en torno suyo, y reaccionando sobre ese ser hasta que la energ\u00eda que en ellas imprimi\u00f3 se haya agotado, lo cual puede durar a\u00f1os o siglos.<\/span><\/div>\n<div style=\"text-align: justify;\"><span style=\"font-size: large;\">\u00a0<\/span><\/div>\n<div style=\"text-align: justify;\"><span style=\"font-size: large;\">Si una persona, durante su vida terrestre ha permitido que un fuerte deseo le haya dominado, si por ejemplo, se ha hecho esclavo de un vicio tal como el sensualismo, alcohol, tabaco, etc., o dej\u00e1ndose dominar por el odio, etc., habr\u00e1 acumulado sobre s\u00ed muchos sufrimientos despu\u00e9s de su desencarnaci\u00f3n; puesto que, al dejar el cuerpo carnal, en modo alguno deja tras s\u00ed esas pasiones y deseos, sino que, por el contrario, persisten tan fuertes como antes y a\u00fan m\u00e1s. Lo que se pierde con el cuerpo carnal, es el poder de saciar esos vicios y pasiones, que persisten m\u00e1s activos, as\u00ed como los deseos no satisfechos o no superados. Ha creado para s\u00ed misma el monstruo con el cual tiene ahora que luchar. Y sea cual fuere la fuerza que posea ahora su enemigo (las pasiones y deseos inferiores), era la misma que como persona le ha dado; siendo, por consiguiente que su destino en el astral no ha sido impuesto por ninguna mano extra\u00f1a, sino que es debido a sus propias creaciones. Y los que las pasan peor de todos son los malvados de toda \u00edndole. Aquellos que, desoyendo la \u00abvoz\u00bb de la conciencia, hayan abusado, estafado, ultrajado o matado, etc., porque, por ley de atracci\u00f3n caen en ambientes tenebrosos y de depuraci\u00f3n dolorosa, que dif\u00edcil resulta imaginar.<\/span><\/div>\n<div style=\"text-align: justify;\"><span style=\"font-size: large;\">\u00a0<\/span><\/div>\n<div style=\"text-align: justify;\"><span style=\"font-size: large;\">Y por el sufrimiento habr\u00e1n de redimirse, habr\u00e1n de extinguir esos deseos y pasiones inferiores, pues \u00e9sa es la ley. E impulsados por la ley de la evoluci\u00f3n volver\u00e1n a encarnar, pero, no habiendo adquirido a\u00fan la fortaleza, subsistiendo todav\u00eda en ellos la debilidad, pueden caer nuevamente. No obstante por intuici\u00f3n, har\u00e1n esfuerzos en las siguientes encarnaciones para dominar sus bajas tendencias. Y as\u00ed una tras otra encarnaci\u00f3n ir\u00e1n fortaleci\u00e9ndose en la lucha hasta la liberaci\u00f3n. Y cuando merezcan nacer con padres buenos, \u00e9stos les ayudar\u00e1n en su esfuerzo. Aqu\u00e9llos que, como nosotros, adquirimos un conocimiento del mundo espiritual, nos damos cuenta al pasar de \u00e9sta a la otra vida, por lo que nos es f\u00e1cil adaptarnos. Mientras aquellos poco o medianamente evolucionados, que no tenemos conocimiento, aun siendo buenos, necesitamos un per\u00edodo de descanso para prepararnos bien nuestra situaci\u00f3n. Es como el reci\u00e9n nacido (aunque m\u00e1s r\u00e1pido) que tiene que ir acostumbr\u00e1ndose a la nueva vida. Pero, los casos m\u00e1s dif\u00edciles, son: los prejuicios equivocados, los de superstici\u00f3n, etc., que no preparan al individuo para la nueva vida. Si bien hay seres en misi\u00f3n de servicio fraterno que ayudan a los desencarnados, especialmente a los seres buenos y medianamente buenos pero poco evolucionados intelectualmente, a los que hayan tenido una vida de sufrimientos, etc. Y al igual que en nuestro mundo, all\u00ed hay cl\u00ednicas, sanatorios y lugares de descanso para atender a los que desencarnan por accidente (no todos, pues depende de las causas), as\u00ed como por larga enfermedad, etc.<\/span><\/div>\n<div style=\"text-align: justify;\"><span style=\"font-size: large;\">\u00a0<\/span><\/div>\n<div style=\"text-align: justify;\"><span style=\"font-size: large;\">Aquellos que creen que cuando mueren todo termina, son los que m\u00e1s tardan en adaptarse; pues, como siguen pensando y sintiendo en el \u00abM\u00e1s All\u00e1\u00bb, creen que no han desencarnado. El tiempo en darse cuenta de la nueva vida, depender\u00e1 del grado de evoluci\u00f3n y de las ayudas que puedan recibir. Ramat\u00eds, en su obra psicografiada \u00abLa supervivencia del Esp\u00edritu\u00bb, dice: \u00abAqu\u00ed, nosotros tenemos una gran conmiseraci\u00f3n a los cient\u00edficos, fil\u00f3sofos y sabios terrenales, que afirman enf\u00e1ticamente que nada existe despu\u00e9s de la muerte del cuerpo. Ellos consideran que la vida real es solamente aquella que se nota en las formas pasajeras del mundo terrenal. Pero cuando ellos retornan a nuestro mundo espiritual, muy grande es su humillaci\u00f3n al comprender la falsedad de sus conceptos\u00bb .<\/span><\/div>\n<div style=\"text-align: justify;\"><span style=\"font-size: large;\">\u00a0<\/span><\/div>\n<div style=\"text-align: justify;\"><span style=\"font-size: large;\">Necesario es conocer tambi\u00e9n que, los seres poco evolucionados contin\u00faan con las mismas creencias que ten\u00edan en la vida humana, lo que influye grandemente en la inadaptaci\u00f3n a la nueva vida. Y aun cuando en el mundo espiritual no existen religiones, esos seres contin\u00faan con las mismas creencias y pr\u00e1cticas religiosas a las que estaban acostumbrados. Naturalmente que, llega un momento en todo ser que la luz espiritual penetra en su mente, y prosiguen el camino de su evoluci\u00f3n.<\/span><\/div>\n<div style=\"text-align: justify;\"><span style=\"font-size: large;\">\u00a0<\/span><\/div>\n<div style=\"text-align: justify;\"><span style=\"font-size: large;\">Por lo expuesto, puede apreciarse que nuestro despertar feliz o doloroso al t\u00e9rmino de la actual existencia humana, depende de nosotros mismos. Por ello es importante meditar sobre lo expuesto.<\/span><\/div>\n<div style=\"text-align: justify;\"><span style=\"font-size: large;\">\u00a0<\/span><\/div>\n<div style=\"text-align: right;\"><span style=\"font-size: large;\">SEBASTI\u00c1N DE ARAUCO<\/span><\/div>\n","protected":false},"excerpt":{"rendered":"<p>\u00a0 Pocas, poqu\u00edsimas son las almas que tienen acceso inmediato y definitivo a los planos superiores. Hay generalmente, un previo condicionamiento seg\u00fan los casos. \u00a0 As\u00ed como la gran mayor\u00eda de los desencarnados siguen con las mismas necesidades, deseos y sensaciones que ten\u00edan como humanos, los m\u00e1s evolucionados quedan libres de toda sensaci\u00f3n dolorosa, as\u00ed [&hellip;]<\/p>\n","protected":false},"author":2,"featured_media":0,"comment_status":"open","ping_status":"open","sticky":false,"template":"","format":"standard","meta":{"tdm_status":"","tdm_grid_status":"","footnotes":""},"categories":[35],"tags":[225,2221,405,288],"ppma_author":[571],"class_list":{"0":"post-1225","1":"post","2":"type-post","3":"status-publish","4":"format-standard","6":"category-leyes-universales","7":"tag-la-vida-en-el-mundo-espiritual","8":"tag-leyes-universales","9":"tag-mas-alla","10":"tag-sebastian-de-arauco"},"yoast_head":"<!-- This site is optimized with the Yoast SEO plugin v27.7 - https:\/\/yoast.com\/product\/yoast-seo-wordpress\/ -->\n<title>LA VIDA EN EL MUNDO ESPIRITUAL IV | Amor, paz caridad<\/title>\n<meta name=\"robots\" content=\"index, follow, max-snippet:-1, max-image-preview:large, max-video-preview:-1\" \/>\n<link rel=\"canonical\" href=\"https:\/\/amorpazycaridad.es\/la-vida-en-el-mundo-espiritual-iv\/\" \/>\n<meta property=\"og:locale\" content=\"es_ES\" \/>\n<meta property=\"og:type\" content=\"article\" \/>\n<meta property=\"og:title\" content=\"LA VIDA EN EL MUNDO ESPIRITUAL IV | Amor, paz caridad\" \/>\n<meta property=\"og:description\" content=\"\u00a0 Pocas, poqu\u00edsimas son las almas que tienen acceso inmediato y definitivo a los planos superiores. Hay generalmente, un previo condicionamiento seg\u00fan los casos. \u00a0 As\u00ed como la gran mayor\u00eda de los desencarnados siguen con las mismas necesidades, deseos y sensaciones que ten\u00edan como humanos, los m\u00e1s evolucionados quedan libres de toda sensaci\u00f3n dolorosa, as\u00ed [&hellip;]\" \/>\n<meta property=\"og:url\" content=\"https:\/\/amorpazycaridad.es\/la-vida-en-el-mundo-espiritual-iv\/\" \/>\n<meta property=\"og:site_name\" content=\"Amor, paz caridad\" \/>\n<meta property=\"article:publisher\" content=\"http:\/\/www.facebook.com\/pages\/Amor-paz-y-caridad\/1594978604096866\" \/>\n<meta property=\"article:published_time\" content=\"2014-09-03T05:00:00+00:00\" \/>\n<meta property=\"article:modified_time\" content=\"2015-01-29T20:09:42+00:00\" \/>\n<meta name=\"author\" content=\"sebastian-de-arauco\" \/>\n<meta name=\"twitter:card\" content=\"summary_large_image\" \/>\n<meta name=\"twitter:creator\" content=\"@amorpazycaridad\" \/>\n<meta name=\"twitter:site\" content=\"@amorpazycaridad\" \/>\n<meta name=\"twitter:label1\" content=\"Escrito por\" \/>\n\t<meta name=\"twitter:data1\" content=\"Redacci\u00f3n\" \/>\n\t<meta name=\"twitter:label2\" content=\"Tiempo de lectura\" \/>\n\t<meta name=\"twitter:data2\" content=\"6 minutos\" \/>\n<script type=\"application\/ld+json\" class=\"yoast-schema-graph\">{\"@context\":\"https:\\\/\\\/schema.org\",\"@graph\":[{\"@type\":\"Article\",\"@id\":\"https:\\\/\\\/amorpazycaridad.es\\\/la-vida-en-el-mundo-espiritual-iv\\\/#article\",\"isPartOf\":{\"@id\":\"https:\\\/\\\/amorpazycaridad.es\\\/la-vida-en-el-mundo-espiritual-iv\\\/\"},\"author\":{\"name\":\"Redacci\u00f3n\",\"@id\":\"https:\\\/\\\/amorpazy-cp515.wordpresstemporal.com\\\/amorpazycaridad.es\\\/#\\\/schema\\\/person\\\/44cbc218f1b29f65390e7c8a4fd0c28d\"},\"headline\":\"LA VIDA EN EL MUNDO ESPIRITUAL IV\",\"datePublished\":\"2014-09-03T05:00:00+00:00\",\"dateModified\":\"2015-01-29T20:09:42+00:00\",\"mainEntityOfPage\":{\"@id\":\"https:\\\/\\\/amorpazycaridad.es\\\/la-vida-en-el-mundo-espiritual-iv\\\/\"},\"wordCount\":1193,\"commentCount\":0,\"publisher\":{\"@id\":\"https:\\\/\\\/amorpazy-cp515.wordpresstemporal.com\\\/amorpazycaridad.es\\\/#organization\"},\"keywords\":[\"LA VIDA EN EL MUNDO ESPIRITUAL\",\"Leyes Universales\",\"m\u00e1s all\u00e1\",\"Sebasti\u00e1n de Arauco\"],\"articleSection\":[\"Leyes Universales\"],\"inLanguage\":\"es\",\"potentialAction\":[{\"@type\":\"CommentAction\",\"name\":\"Comment\",\"target\":[\"https:\\\/\\\/amorpazycaridad.es\\\/la-vida-en-el-mundo-espiritual-iv\\\/#respond\"]}]},{\"@type\":\"WebPage\",\"@id\":\"https:\\\/\\\/amorpazycaridad.es\\\/la-vida-en-el-mundo-espiritual-iv\\\/\",\"url\":\"https:\\\/\\\/amorpazycaridad.es\\\/la-vida-en-el-mundo-espiritual-iv\\\/\",\"name\":\"LA VIDA EN EL MUNDO ESPIRITUAL IV | Amor, paz caridad\",\"isPartOf\":{\"@id\":\"https:\\\/\\\/amorpazy-cp515.wordpresstemporal.com\\\/amorpazycaridad.es\\\/#website\"},\"datePublished\":\"2014-09-03T05:00:00+00:00\",\"dateModified\":\"2015-01-29T20:09:42+00:00\",\"breadcrumb\":{\"@id\":\"https:\\\/\\\/amorpazycaridad.es\\\/la-vida-en-el-mundo-espiritual-iv\\\/#breadcrumb\"},\"inLanguage\":\"es\",\"potentialAction\":[{\"@type\":\"ReadAction\",\"target\":[\"https:\\\/\\\/amorpazycaridad.es\\\/la-vida-en-el-mundo-espiritual-iv\\\/\"]}]},{\"@type\":\"BreadcrumbList\",\"@id\":\"https:\\\/\\\/amorpazycaridad.es\\\/la-vida-en-el-mundo-espiritual-iv\\\/#breadcrumb\",\"itemListElement\":[{\"@type\":\"ListItem\",\"position\":1,\"name\":\"Portada\",\"item\":\"https:\\\/\\\/amorpazy-cp515.wordpresstemporal.com\\\/amorpazycaridad.es\\\/\"},{\"@type\":\"ListItem\",\"position\":2,\"name\":\"LA VIDA EN EL MUNDO ESPIRITUAL IV\"}]},{\"@type\":\"WebSite\",\"@id\":\"https:\\\/\\\/amorpazy-cp515.wordpresstemporal.com\\\/amorpazycaridad.es\\\/#website\",\"url\":\"https:\\\/\\\/amorpazy-cp515.wordpresstemporal.com\\\/amorpazycaridad.es\\\/\",\"name\":\"Amor, paz caridad\",\"description\":\"Conocimiento espiritual, espiritismo, espiritualismo, leyes universales, m\u00e1s all\u00e1, vida despu\u00e9s de la vida,\",\"publisher\":{\"@id\":\"https:\\\/\\\/amorpazy-cp515.wordpresstemporal.com\\\/amorpazycaridad.es\\\/#organization\"},\"potentialAction\":[{\"@type\":\"SearchAction\",\"target\":{\"@type\":\"EntryPoint\",\"urlTemplate\":\"https:\\\/\\\/amorpazy-cp515.wordpresstemporal.com\\\/amorpazycaridad.es\\\/?s={search_term_string}\"},\"query-input\":{\"@type\":\"PropertyValueSpecification\",\"valueRequired\":true,\"valueName\":\"search_term_string\"}}],\"inLanguage\":\"es\"},{\"@type\":\"Organization\",\"@id\":\"https:\\\/\\\/amorpazy-cp515.wordpresstemporal.com\\\/amorpazycaridad.es\\\/#organization\",\"name\":\"Asociaci\u00f3n de Estudios Espirituales Grupo Villena\",\"url\":\"https:\\\/\\\/amorpazy-cp515.wordpresstemporal.com\\\/amorpazycaridad.es\\\/\",\"logo\":{\"@type\":\"ImageObject\",\"inLanguage\":\"es\",\"@id\":\"https:\\\/\\\/amorpazy-cp515.wordpresstemporal.com\\\/amorpazycaridad.es\\\/#\\\/schema\\\/logo\\\/image\\\/\",\"url\":\"https:\\\/\\\/amorpazycaridad.es\\\/wp-content\\\/uploads\\\/2015\\\/01\\\/logo-fav-e1420247830294.jpg\",\"contentUrl\":\"https:\\\/\\\/amorpazycaridad.es\\\/wp-content\\\/uploads\\\/2015\\\/01\\\/logo-fav-e1420247830294.jpg\",\"width\":144,\"height\":144,\"caption\":\"Asociaci\u00f3n de Estudios Espirituales Grupo Villena\"},\"image\":{\"@id\":\"https:\\\/\\\/amorpazy-cp515.wordpresstemporal.com\\\/amorpazycaridad.es\\\/#\\\/schema\\\/logo\\\/image\\\/\"},\"sameAs\":[\"http:\\\/\\\/www.facebook.com\\\/pages\\\/Amor-paz-y-caridad\\\/1594978604096866\",\"https:\\\/\\\/x.com\\\/amorpazycaridad\",\"https:\\\/\\\/es.pinterest.com\\\/amorpazycaridad\\\/\",\"https:\\\/\\\/www.youtube.com\\\/channel\\\/UC1GvDIDCLoL02SzOD7NJdrA\"]},{\"@type\":\"Person\",\"@id\":\"https:\\\/\\\/amorpazy-cp515.wordpresstemporal.com\\\/amorpazycaridad.es\\\/#\\\/schema\\\/person\\\/44cbc218f1b29f65390e7c8a4fd0c28d\",\"name\":\"Redacci\u00f3n\",\"image\":{\"@type\":\"ImageObject\",\"inLanguage\":\"es\",\"@id\":\"https:\\\/\\\/amorpazycaridad.es\\\/wp-content\\\/uploads\\\/2015\\\/01\\\/icono-114-96x96.jpg73ca1ff604f9e7c7607bbbfa84b61c44\",\"url\":\"https:\\\/\\\/amorpazycaridad.es\\\/wp-content\\\/uploads\\\/2015\\\/01\\\/icono-114-96x96.jpg\",\"contentUrl\":\"https:\\\/\\\/amorpazycaridad.es\\\/wp-content\\\/uploads\\\/2015\\\/01\\\/icono-114-96x96.jpg\",\"caption\":\"Redacci\u00f3n\"},\"sameAs\":[\"http:\\\/\\\/www.amorpazycaridad.com\"],\"url\":\"https:\\\/\\\/amorpazy-cp515.wordpresstemporal.com\\\/amorpazycaridad.es\\\/author\\\/redaccion\\\/\"}]}<\/script>\n<!-- \/ Yoast SEO plugin. -->","yoast_head_json":{"title":"LA VIDA EN EL MUNDO ESPIRITUAL IV | Amor, paz caridad","robots":{"index":"index","follow":"follow","max-snippet":"max-snippet:-1","max-image-preview":"max-image-preview:large","max-video-preview":"max-video-preview:-1"},"canonical":"https:\/\/amorpazycaridad.es\/la-vida-en-el-mundo-espiritual-iv\/","og_locale":"es_ES","og_type":"article","og_title":"LA VIDA EN EL MUNDO ESPIRITUAL IV | Amor, paz caridad","og_description":"\u00a0 Pocas, poqu\u00edsimas son las almas que tienen acceso inmediato y definitivo a los planos superiores. Hay generalmente, un previo condicionamiento seg\u00fan los casos. \u00a0 As\u00ed como la gran mayor\u00eda de los desencarnados siguen con las mismas necesidades, deseos y sensaciones que ten\u00edan como humanos, los m\u00e1s evolucionados quedan libres de toda sensaci\u00f3n dolorosa, as\u00ed [&hellip;]","og_url":"https:\/\/amorpazycaridad.es\/la-vida-en-el-mundo-espiritual-iv\/","og_site_name":"Amor, paz caridad","article_publisher":"http:\/\/www.facebook.com\/pages\/Amor-paz-y-caridad\/1594978604096866","article_published_time":"2014-09-03T05:00:00+00:00","article_modified_time":"2015-01-29T20:09:42+00:00","author":"sebastian-de-arauco","twitter_card":"summary_large_image","twitter_creator":"@amorpazycaridad","twitter_site":"@amorpazycaridad","twitter_misc":{"Escrito por":"Redacci\u00f3n","Tiempo de lectura":"6 minutos"},"schema":{"@context":"https:\/\/schema.org","@graph":[{"@type":"Article","@id":"https:\/\/amorpazycaridad.es\/la-vida-en-el-mundo-espiritual-iv\/#article","isPartOf":{"@id":"https:\/\/amorpazycaridad.es\/la-vida-en-el-mundo-espiritual-iv\/"},"author":{"name":"Redacci\u00f3n","@id":"https:\/\/amorpazy-cp515.wordpresstemporal.com\/amorpazycaridad.es\/#\/schema\/person\/44cbc218f1b29f65390e7c8a4fd0c28d"},"headline":"LA VIDA EN EL MUNDO ESPIRITUAL IV","datePublished":"2014-09-03T05:00:00+00:00","dateModified":"2015-01-29T20:09:42+00:00","mainEntityOfPage":{"@id":"https:\/\/amorpazycaridad.es\/la-vida-en-el-mundo-espiritual-iv\/"},"wordCount":1193,"commentCount":0,"publisher":{"@id":"https:\/\/amorpazy-cp515.wordpresstemporal.com\/amorpazycaridad.es\/#organization"},"keywords":["LA VIDA EN EL MUNDO ESPIRITUAL","Leyes Universales","m\u00e1s all\u00e1","Sebasti\u00e1n de Arauco"],"articleSection":["Leyes Universales"],"inLanguage":"es","potentialAction":[{"@type":"CommentAction","name":"Comment","target":["https:\/\/amorpazycaridad.es\/la-vida-en-el-mundo-espiritual-iv\/#respond"]}]},{"@type":"WebPage","@id":"https:\/\/amorpazycaridad.es\/la-vida-en-el-mundo-espiritual-iv\/","url":"https:\/\/amorpazycaridad.es\/la-vida-en-el-mundo-espiritual-iv\/","name":"LA VIDA EN EL MUNDO ESPIRITUAL IV | Amor, paz caridad","isPartOf":{"@id":"https:\/\/amorpazy-cp515.wordpresstemporal.com\/amorpazycaridad.es\/#website"},"datePublished":"2014-09-03T05:00:00+00:00","dateModified":"2015-01-29T20:09:42+00:00","breadcrumb":{"@id":"https:\/\/amorpazycaridad.es\/la-vida-en-el-mundo-espiritual-iv\/#breadcrumb"},"inLanguage":"es","potentialAction":[{"@type":"ReadAction","target":["https:\/\/amorpazycaridad.es\/la-vida-en-el-mundo-espiritual-iv\/"]}]},{"@type":"BreadcrumbList","@id":"https:\/\/amorpazycaridad.es\/la-vida-en-el-mundo-espiritual-iv\/#breadcrumb","itemListElement":[{"@type":"ListItem","position":1,"name":"Portada","item":"https:\/\/amorpazy-cp515.wordpresstemporal.com\/amorpazycaridad.es\/"},{"@type":"ListItem","position":2,"name":"LA VIDA EN EL MUNDO ESPIRITUAL IV"}]},{"@type":"WebSite","@id":"https:\/\/amorpazy-cp515.wordpresstemporal.com\/amorpazycaridad.es\/#website","url":"https:\/\/amorpazy-cp515.wordpresstemporal.com\/amorpazycaridad.es\/","name":"Amor, paz caridad","description":"Conocimiento espiritual, espiritismo, espiritualismo, leyes universales, m\u00e1s all\u00e1, vida despu\u00e9s de la vida,","publisher":{"@id":"https:\/\/amorpazy-cp515.wordpresstemporal.com\/amorpazycaridad.es\/#organization"},"potentialAction":[{"@type":"SearchAction","target":{"@type":"EntryPoint","urlTemplate":"https:\/\/amorpazy-cp515.wordpresstemporal.com\/amorpazycaridad.es\/?s={search_term_string}"},"query-input":{"@type":"PropertyValueSpecification","valueRequired":true,"valueName":"search_term_string"}}],"inLanguage":"es"},{"@type":"Organization","@id":"https:\/\/amorpazy-cp515.wordpresstemporal.com\/amorpazycaridad.es\/#organization","name":"Asociaci\u00f3n de Estudios Espirituales Grupo Villena","url":"https:\/\/amorpazy-cp515.wordpresstemporal.com\/amorpazycaridad.es\/","logo":{"@type":"ImageObject","inLanguage":"es","@id":"https:\/\/amorpazy-cp515.wordpresstemporal.com\/amorpazycaridad.es\/#\/schema\/logo\/image\/","url":"https:\/\/amorpazycaridad.es\/wp-content\/uploads\/2015\/01\/logo-fav-e1420247830294.jpg","contentUrl":"https:\/\/amorpazycaridad.es\/wp-content\/uploads\/2015\/01\/logo-fav-e1420247830294.jpg","width":144,"height":144,"caption":"Asociaci\u00f3n de Estudios Espirituales Grupo Villena"},"image":{"@id":"https:\/\/amorpazy-cp515.wordpresstemporal.com\/amorpazycaridad.es\/#\/schema\/logo\/image\/"},"sameAs":["http:\/\/www.facebook.com\/pages\/Amor-paz-y-caridad\/1594978604096866","https:\/\/x.com\/amorpazycaridad","https:\/\/es.pinterest.com\/amorpazycaridad\/","https:\/\/www.youtube.com\/channel\/UC1GvDIDCLoL02SzOD7NJdrA"]},{"@type":"Person","@id":"https:\/\/amorpazy-cp515.wordpresstemporal.com\/amorpazycaridad.es\/#\/schema\/person\/44cbc218f1b29f65390e7c8a4fd0c28d","name":"Redacci\u00f3n","image":{"@type":"ImageObject","inLanguage":"es","@id":"https:\/\/amorpazycaridad.es\/wp-content\/uploads\/2015\/01\/icono-114-96x96.jpg73ca1ff604f9e7c7607bbbfa84b61c44","url":"https:\/\/amorpazycaridad.es\/wp-content\/uploads\/2015\/01\/icono-114-96x96.jpg","contentUrl":"https:\/\/amorpazycaridad.es\/wp-content\/uploads\/2015\/01\/icono-114-96x96.jpg","caption":"Redacci\u00f3n"},"sameAs":["http:\/\/www.amorpazycaridad.com"],"url":"https:\/\/amorpazy-cp515.wordpresstemporal.com\/amorpazycaridad.es\/author\/redaccion\/"}]}},"authors":[{"term_id":571,"user_id":0,"is_guest":1,"slug":"cap-sebastian-de-arauco","display_name":"sebastian-de-arauco","avatar_url":"https:\/\/secure.gravatar.com\/avatar\/?s=96&d=mm&r=g","0":null,"1":"","2":"","3":"","4":"","5":"","6":"","7":"","8":""}],"_links":{"self":[{"href":"https:\/\/amorpazy-cp515.wordpresstemporal.com\/amorpazycaridad.es\/wp-json\/wp\/v2\/posts\/1225","targetHints":{"allow":["GET"]}}],"collection":[{"href":"https:\/\/amorpazy-cp515.wordpresstemporal.com\/amorpazycaridad.es\/wp-json\/wp\/v2\/posts"}],"about":[{"href":"https:\/\/amorpazy-cp515.wordpresstemporal.com\/amorpazycaridad.es\/wp-json\/wp\/v2\/types\/post"}],"author":[{"embeddable":true,"href":"https:\/\/amorpazy-cp515.wordpresstemporal.com\/amorpazycaridad.es\/wp-json\/wp\/v2\/users\/2"}],"replies":[{"embeddable":true,"href":"https:\/\/amorpazy-cp515.wordpresstemporal.com\/amorpazycaridad.es\/wp-json\/wp\/v2\/comments?post=1225"}],"version-history":[{"count":2,"href":"https:\/\/amorpazy-cp515.wordpresstemporal.com\/amorpazycaridad.es\/wp-json\/wp\/v2\/posts\/1225\/revisions"}],"predecessor-version":[{"id":2320,"href":"https:\/\/amorpazy-cp515.wordpresstemporal.com\/amorpazycaridad.es\/wp-json\/wp\/v2\/posts\/1225\/revisions\/2320"}],"wp:attachment":[{"href":"https:\/\/amorpazy-cp515.wordpresstemporal.com\/amorpazycaridad.es\/wp-json\/wp\/v2\/media?parent=1225"}],"wp:term":[{"taxonomy":"category","embeddable":true,"href":"https:\/\/amorpazy-cp515.wordpresstemporal.com\/amorpazycaridad.es\/wp-json\/wp\/v2\/categories?post=1225"},{"taxonomy":"post_tag","embeddable":true,"href":"https:\/\/amorpazy-cp515.wordpresstemporal.com\/amorpazycaridad.es\/wp-json\/wp\/v2\/tags?post=1225"},{"taxonomy":"author","embeddable":true,"href":"https:\/\/amorpazy-cp515.wordpresstemporal.com\/amorpazycaridad.es\/wp-json\/wp\/v2\/ppma_author?post=1225"}],"curies":[{"name":"wp","href":"https:\/\/api.w.org\/{rel}","templated":true}]}}