{"id":1221,"date":"2014-09-12T05:43:00","date_gmt":"2014-09-12T05:43:00","guid":{"rendered":"http:\/\/grupovillena.org\/amorpazycaridad.es\/pagina-poetica-85\/"},"modified":"2015-01-29T19:59:20","modified_gmt":"2015-01-29T19:59:20","slug":"pagina-poetica-ida-y-vuelta","status":"publish","type":"post","link":"https:\/\/amorpazy-cp515.wordpresstemporal.com\/amorpazycaridad.es\/pagina-poetica-ida-y-vuelta\/","title":{"rendered":"IDA Y VUELTA"},"content":{"rendered":"<div style=\"text-align: center;\"><\/div>\n<div style=\"text-align: right;\"><span style=\"font-family: Helvetica Neue, Arial, Helvetica, sans-serif;\"><b>\u00abLos que nacen, vienen de\u00a0<\/b><\/span><\/div>\n<div style=\"text-align: right;\"><span style=\"font-family: Helvetica Neue, Arial, Helvetica, sans-serif;\"><b>donde van los que mueren\u00bb.<\/b><\/span><\/div>\n<div style=\"text-align: right;\"><span style=\"font-family: Helvetica Neue, Arial, Helvetica, sans-serif;\"><b>\u00a0<\/b><\/span><\/div>\n<div style=\"text-align: right;\"><span style=\"font-family: Helvetica Neue, Arial, Helvetica, sans-serif;\"><b>Del Libro \u00abMarietta\u00bb<\/b><\/span><\/div>\n<div style=\"text-align: right;\"><\/div>\n<div><span style=\"font-size: large;\">Todos los que nacen vienen\u00a0<\/span><\/div>\n<div><span style=\"font-size: large;\">de donde se van los muertos,\u00a0<\/span><\/div>\n<div><span style=\"font-size: large;\">porque las almas retornan al\u00a0<\/span><\/div>\n<div><span style=\"font-size: large;\">mundo con nuevos cuerpos.<\/span><\/div>\n<div><span style=\"font-size: large;\">\u00a0<\/span><\/div>\n<div><span style=\"font-size: large;\">Regresan de su pasado\u00a0<\/span><\/div>\n<div><span style=\"font-size: large;\">al renovado presente,\u00a0<\/span><\/div>\n<div><span style=\"font-size: large;\">para hacer su porvenir\u00a0<\/span><\/div>\n<div><span style=\"font-size: large;\">y modificar su muerte.<\/span><\/div>\n<div><span style=\"font-size: large;\">\u00a0<\/span><\/div>\n<div><span style=\"font-size: large;\">Para acercarse a las cumbres\u00a0<\/span><\/div>\n<div><span style=\"font-size: large;\">del progreso universal por\u00a0<\/span><\/div>\n<div><span style=\"font-size: large;\">las v\u00edas del Amor, del Bien\u00a0<\/span><\/div>\n<div><span style=\"font-size: large;\">y la Caridad.<\/span><\/div>\n<div><span style=\"font-size: large;\">\u00a0<\/span><\/div>\n<div style=\"text-align: left;\"><\/div>\n<div><span style=\"font-size: large;\">La muerte no es un camino\u00a0<\/span><\/div>\n<div><span style=\"font-size: large;\">sin retorno para el alma, el\u00a0<\/span><\/div>\n<div><span style=\"font-size: large;\">t\u00e9rmino de la Vida, sino el\u00a0<\/span><\/div>\n<div><span style=\"font-size: large;\">final de una etapa.<\/span><\/p>\n<div style=\"text-align: left;\"><\/div>\n<div><span style=\"font-size: large;\">Un paso m\u00e1s que se da\u00a0<\/span><\/div>\n<div><span style=\"font-size: large;\">en pos de la Perfecci\u00f3n\u00a0<\/span><\/div>\n<div><span style=\"font-size: large;\">cuando el alma lo aprovecha\u00a0<\/span><\/div>\n<div><span style=\"font-size: large;\">sembrando el Bien y el Amor.<\/span><\/div>\n<div><span style=\"font-size: large;\">\u00a0<\/span><\/div>\n<div><span style=\"font-size: large;\">Perdonando las ofensas,\u00a0<\/span><\/div>\n<div><span style=\"font-size: large;\">devolviendo bien por mal,\u00a0<\/span><\/div>\n<div><span style=\"font-size: large;\">y entreg\u00e1ndose al dolor\u00a0<\/span><\/div>\n<div><span style=\"font-size: large;\">sin maldecir ni abjurar.<\/span><\/div>\n<div><span style=\"font-size: large;\">\u00a0<\/span><\/div>\n<div><span style=\"font-size: large;\">Recogiendo del pasado\u00a0<\/span><\/div>\n<div><span style=\"font-size: large;\">la siembra sin acritud,\u00a0<\/span><\/div>\n<div><span style=\"font-size: large;\">con el coraz\u00f3n abierto\u00a0<\/span><\/div>\n<div><span style=\"font-size: large;\">y la mirada en Jes\u00fas.<\/span><\/div>\n<div><span style=\"font-size: large;\">\u00a0<\/span><\/div>\n<div><span style=\"font-size: large;\">Si el alma nace torcida,\u00a0<\/span><\/div>\n<div><span style=\"font-size: large;\">por el dolor se endereza,\u00a0<\/span><\/div>\n<div><span style=\"font-size: large;\">por el Amor se hace fuerte\u00a0<\/span><\/div>\n<div><span style=\"font-size: large;\">y por la bondad se eleva.<\/span><\/div>\n<div><span style=\"font-size: large;\">\u00a0<\/span><\/div>\n<div><span style=\"font-size: large;\">Recobra de su equilibrio\u00a0<\/span><\/div>\n<div><span style=\"font-size: large;\">el orden y la moral,\u00a0<\/span><\/div>\n<div><span style=\"font-size: large;\">de su infecundo pasado\u00a0<\/span><\/div>\n<div><span style=\"font-size: large;\">las sombras dejando atr\u00e1s.<\/span><\/div>\n<div><span style=\"font-size: large;\">\u00a0<\/span><\/div>\n<div><span style=\"font-size: large;\">Va mejorando su suerte\u00a0<\/span><\/div>\n<div><span style=\"font-size: large;\">a medida que camina\u00a0<\/span><\/div>\n<div><span style=\"font-size: large;\">consciente de su deber\u00a0<\/span><\/div>\n<div><span style=\"font-size: large;\">y sus yerros rectifica.<\/span><\/div>\n<div><span style=\"font-size: large;\">\u00a0<\/span><\/div>\n<div><span style=\"font-size: large;\">Pues se tuerce cuando olvida\u00a0<\/span><\/div>\n<div><span style=\"font-size: large;\">del Bien la superaci\u00f3n,\u00a0<\/span><\/div>\n<div><span style=\"font-size: large;\">cuando se consagra al mal\u00a0<\/span><\/div>\n<div><span style=\"font-size: large;\">y no practica el Amor.<\/span><\/div>\n<div><span style=\"font-size: large;\">\u00a0<\/span><\/div>\n<div><\/div>\n<div><span style=\"font-size: large;\">Cuando de sus semejantes\u00a0<\/span><\/div>\n<div><span style=\"font-size: large;\">no comparte la andadura\u00a0<\/span><\/div>\n<div><span style=\"font-size: large;\">y le vuelve las espaldas\u00a0<\/span><\/div>\n<div><span style=\"font-size: large;\">al procurarles ayuda.<\/span><\/div>\n<div><span style=\"font-size: large;\">\u00a0<\/span><\/div>\n<div><span style=\"font-size: large;\">Nacer y renacer es necesario\u00a0<\/span><\/div>\n<div><span style=\"font-size: large;\">para acercarnos a Dios\u00a0<\/span><\/div>\n<div><span style=\"font-size: large;\">y desandar los caminos\u00a0<\/span><\/div>\n<div><span style=\"font-size: large;\">del mal y la imperfecci\u00f3n.<\/span><\/div>\n<div><span style=\"font-size: large;\">\u00a0<\/span><\/div>\n<div><span style=\"font-size: large;\">Pues una vida no basta\u00a0<\/span><\/div>\n<div><span style=\"font-size: large;\">para hacernos dignos de \u00c9l\u00a0<\/span><\/div>\n<div><span style=\"font-size: large;\">y liberarnos del mal\u00a0<\/span><\/div>\n<div><span style=\"font-size: large;\">en los caminos del Bien.<\/span><\/div>\n<div><span style=\"font-size: large;\">\u00a0<\/span><\/div>\n<div><span style=\"font-size: large;\">Para de nuestro pasado\u00a0<\/span><\/div>\n<div><span style=\"font-size: large;\">dejar las sombras atr\u00e1s\u00a0<\/span><\/div>\n<div><span style=\"font-size: large;\">y acercarnos al crisol\u00a0<\/span><\/div>\n<div><span style=\"font-size: large;\">del Amor y la Verdad.<\/span><\/div>\n<div><span style=\"font-size: large;\">\u00a0<\/span><\/div>\n<div><span style=\"font-size: large;\">La Evoluci\u00f3n se origina\u00a0<\/span><\/div>\n<div><span style=\"font-size: large;\">lentamente, paso a paso,\u00a0<\/span><\/div>\n<div><span style=\"font-size: large;\">y nada puede evadirse\u00a0<\/span><\/div>\n<div><span style=\"font-size: large;\">de su ritmo acompasado.<\/span><\/div>\n<div><span style=\"font-size: large;\">\u00a0<\/span><\/div>\n<div><span style=\"font-size: large;\">Desde el \u00e1tomo a la estrella,\u00a0<\/span><\/div>\n<div><span style=\"font-size: large;\">desde el hombre al animal,\u00a0<\/span><\/div>\n<div><span style=\"font-size: large;\">todo sigue su proceso,\u00a0<\/span><\/div>\n<div><span style=\"font-size: large;\">yendo de menos a m\u00e1s.<\/span><\/div>\n<div><span style=\"font-size: large;\">\u00a0<\/span><\/div>\n<div><span style=\"font-size: large;\">Nada se queda estancado\u00a0<\/span><\/div>\n<div><span style=\"font-size: large;\">ni jam\u00e1s deja de ser,\u00a0<\/span><\/div>\n<div><span style=\"font-size: large;\">porque la Vida es eterna\u00a0<\/span><\/div>\n<div><span style=\"font-size: large;\">y progresar es la Ley.<\/span><\/div>\n<div><span style=\"font-size: large;\">\u00a0<\/span><\/div>\n<div><span style=\"font-size: large;\">\u00a0<\/span><\/div>\n<div><\/div>\n<div style=\"text-align: right;\"><i><span style=\"font-size: large;\">JOS\u00c9 MART\u00cdNEZ FERN\u00c1NDEZ\u00a0<\/span><\/i><\/div>\n<div style=\"text-align: right;\"><span style=\"font-size: large;\">\u00a0<\/span><\/div>\n<div><\/div>\n<div><\/div>\n","protected":false},"excerpt":{"rendered":"<p>\u00abLos que nacen, vienen de\u00a0 donde van los que mueren\u00bb. \u00a0 Del Libro \u00abMarietta\u00bb Todos los que nacen vienen\u00a0 de donde se van los muertos,\u00a0 porque las almas retornan al\u00a0 mundo con nuevos cuerpos. \u00a0 Regresan de su pasado\u00a0 al renovado presente,\u00a0 para hacer su porvenir\u00a0 y modificar su muerte. \u00a0 Para acercarse a las [&hellip;]<\/p>\n","protected":false},"author":2,"featured_media":0,"comment_status":"open","ping_status":"open","sticky":false,"template":"","format":"standard","meta":{"tdm_status":"","tdm_grid_status":"","footnotes":""},"categories":[42],"tags":[592,259,265,591],"ppma_author":[593],"class_list":{"0":"post-1221","1":"post","2":"type-post","3":"status-publish","4":"format-standard","6":"category-pagina-poetica","7":"tag-ida-y-vuelta","8":"tag-pagina-poetica-2","9":"tag-poesia-2","10":"tag-poesia-espirita"},"yoast_head":"<!-- This site is optimized with the Yoast SEO plugin v27.7 - https:\/\/yoast.com\/product\/yoast-seo-wordpress\/ -->\n<title>IDA Y VUELTA | Amor, paz caridad<\/title>\n<meta name=\"robots\" content=\"index, follow, max-snippet:-1, max-image-preview:large, max-video-preview:-1\" \/>\n<link rel=\"canonical\" href=\"https:\/\/amorpazy-cp515.wordpresstemporal.com\/amorpazycaridad.es\/pagina-poetica-ida-y-vuelta\/\" \/>\n<meta property=\"og:locale\" content=\"es_ES\" \/>\n<meta property=\"og:type\" content=\"article\" \/>\n<meta property=\"og:title\" content=\"IDA Y VUELTA | Amor, paz caridad\" \/>\n<meta property=\"og:description\" content=\"\u00abLos que nacen, vienen de\u00a0 donde van los que mueren\u00bb. \u00a0 Del Libro \u00abMarietta\u00bb Todos los que nacen vienen\u00a0 de donde se van los muertos,\u00a0 porque las almas retornan al\u00a0 mundo con nuevos cuerpos. \u00a0 Regresan de su pasado\u00a0 al renovado presente,\u00a0 para hacer su porvenir\u00a0 y modificar su muerte. \u00a0 Para acercarse a las [&hellip;]\" \/>\n<meta property=\"og:url\" content=\"https:\/\/amorpazy-cp515.wordpresstemporal.com\/amorpazycaridad.es\/pagina-poetica-ida-y-vuelta\/\" \/>\n<meta property=\"og:site_name\" content=\"Amor, paz caridad\" \/>\n<meta property=\"article:publisher\" content=\"http:\/\/www.facebook.com\/pages\/Amor-paz-y-caridad\/1594978604096866\" \/>\n<meta property=\"article:published_time\" content=\"2014-09-12T05:43:00+00:00\" \/>\n<meta property=\"article:modified_time\" content=\"2015-01-29T19:59:20+00:00\" \/>\n<meta name=\"author\" content=\"jose-martinez-fernandez\" \/>\n<meta name=\"twitter:card\" content=\"summary_large_image\" \/>\n<meta name=\"twitter:creator\" content=\"@amorpazycaridad\" \/>\n<meta name=\"twitter:site\" content=\"@amorpazycaridad\" \/>\n<meta name=\"twitter:label1\" content=\"Escrito por\" \/>\n\t<meta name=\"twitter:data1\" content=\"Redacci\u00f3n\" \/>\n\t<meta name=\"twitter:label2\" content=\"Tiempo de lectura\" \/>\n\t<meta name=\"twitter:data2\" content=\"2 minutos\" \/>\n<script type=\"application\/ld+json\" class=\"yoast-schema-graph\">{\"@context\":\"https:\\\/\\\/schema.org\",\"@graph\":[{\"@type\":\"Article\",\"@id\":\"https:\\\/\\\/amorpazy-cp515.wordpresstemporal.com\\\/amorpazycaridad.es\\\/pagina-poetica-ida-y-vuelta\\\/#article\",\"isPartOf\":{\"@id\":\"https:\\\/\\\/amorpazy-cp515.wordpresstemporal.com\\\/amorpazycaridad.es\\\/pagina-poetica-ida-y-vuelta\\\/\"},\"author\":{\"name\":\"Redacci\u00f3n\",\"@id\":\"https:\\\/\\\/amorpazycaridad.es\\\/#\\\/schema\\\/person\\\/44cbc218f1b29f65390e7c8a4fd0c28d\"},\"headline\":\"IDA Y VUELTA\",\"datePublished\":\"2014-09-12T05:43:00+00:00\",\"dateModified\":\"2015-01-29T19:59:20+00:00\",\"mainEntityOfPage\":{\"@id\":\"https:\\\/\\\/amorpazy-cp515.wordpresstemporal.com\\\/amorpazycaridad.es\\\/pagina-poetica-ida-y-vuelta\\\/\"},\"wordCount\":362,\"commentCount\":0,\"publisher\":{\"@id\":\"https:\\\/\\\/amorpazycaridad.es\\\/#organization\"},\"keywords\":[\"ida y vuelta\",\"P\u00c1GINA P\u00d3ETICA\",\"Poes\u00eda\",\"poesia espirita\"],\"articleSection\":[\"P\u00e1gina p\u00f3etica\"],\"inLanguage\":\"es\",\"potentialAction\":[{\"@type\":\"CommentAction\",\"name\":\"Comment\",\"target\":[\"https:\\\/\\\/amorpazy-cp515.wordpresstemporal.com\\\/amorpazycaridad.es\\\/pagina-poetica-ida-y-vuelta\\\/#respond\"]}]},{\"@type\":\"WebPage\",\"@id\":\"https:\\\/\\\/amorpazy-cp515.wordpresstemporal.com\\\/amorpazycaridad.es\\\/pagina-poetica-ida-y-vuelta\\\/\",\"url\":\"https:\\\/\\\/amorpazy-cp515.wordpresstemporal.com\\\/amorpazycaridad.es\\\/pagina-poetica-ida-y-vuelta\\\/\",\"name\":\"IDA Y VUELTA | Amor, paz caridad\",\"isPartOf\":{\"@id\":\"https:\\\/\\\/amorpazycaridad.es\\\/#website\"},\"datePublished\":\"2014-09-12T05:43:00+00:00\",\"dateModified\":\"2015-01-29T19:59:20+00:00\",\"breadcrumb\":{\"@id\":\"https:\\\/\\\/amorpazy-cp515.wordpresstemporal.com\\\/amorpazycaridad.es\\\/pagina-poetica-ida-y-vuelta\\\/#breadcrumb\"},\"inLanguage\":\"es\",\"potentialAction\":[{\"@type\":\"ReadAction\",\"target\":[\"https:\\\/\\\/amorpazy-cp515.wordpresstemporal.com\\\/amorpazycaridad.es\\\/pagina-poetica-ida-y-vuelta\\\/\"]}]},{\"@type\":\"BreadcrumbList\",\"@id\":\"https:\\\/\\\/amorpazy-cp515.wordpresstemporal.com\\\/amorpazycaridad.es\\\/pagina-poetica-ida-y-vuelta\\\/#breadcrumb\",\"itemListElement\":[{\"@type\":\"ListItem\",\"position\":1,\"name\":\"Portada\",\"item\":\"https:\\\/\\\/amorpazy-cp515.wordpresstemporal.com\\\/amorpazycaridad.es\\\/\"},{\"@type\":\"ListItem\",\"position\":2,\"name\":\"IDA Y VUELTA\"}]},{\"@type\":\"WebSite\",\"@id\":\"https:\\\/\\\/amorpazycaridad.es\\\/#website\",\"url\":\"https:\\\/\\\/amorpazycaridad.es\\\/\",\"name\":\"Amor, paz caridad\",\"description\":\"Conocimiento espiritual, espiritismo, espiritualismo, leyes universales, m\u00e1s all\u00e1, vida despu\u00e9s de la vida,\",\"publisher\":{\"@id\":\"https:\\\/\\\/amorpazycaridad.es\\\/#organization\"},\"potentialAction\":[{\"@type\":\"SearchAction\",\"target\":{\"@type\":\"EntryPoint\",\"urlTemplate\":\"https:\\\/\\\/amorpazycaridad.es\\\/?s={search_term_string}\"},\"query-input\":{\"@type\":\"PropertyValueSpecification\",\"valueRequired\":true,\"valueName\":\"search_term_string\"}}],\"inLanguage\":\"es\"},{\"@type\":\"Organization\",\"@id\":\"https:\\\/\\\/amorpazycaridad.es\\\/#organization\",\"name\":\"Asociaci\u00f3n de Estudios Espirituales Grupo Villena\",\"url\":\"https:\\\/\\\/amorpazycaridad.es\\\/\",\"logo\":{\"@type\":\"ImageObject\",\"inLanguage\":\"es\",\"@id\":\"https:\\\/\\\/amorpazycaridad.es\\\/#\\\/schema\\\/logo\\\/image\\\/\",\"url\":\"https:\\\/\\\/amorpazycaridad.es\\\/wp-content\\\/uploads\\\/2015\\\/01\\\/logo-fav-e1420247830294.jpg\",\"contentUrl\":\"https:\\\/\\\/amorpazycaridad.es\\\/wp-content\\\/uploads\\\/2015\\\/01\\\/logo-fav-e1420247830294.jpg\",\"width\":144,\"height\":144,\"caption\":\"Asociaci\u00f3n de Estudios Espirituales Grupo Villena\"},\"image\":{\"@id\":\"https:\\\/\\\/amorpazycaridad.es\\\/#\\\/schema\\\/logo\\\/image\\\/\"},\"sameAs\":[\"http:\\\/\\\/www.facebook.com\\\/pages\\\/Amor-paz-y-caridad\\\/1594978604096866\",\"https:\\\/\\\/x.com\\\/amorpazycaridad\",\"https:\\\/\\\/es.pinterest.com\\\/amorpazycaridad\\\/\",\"https:\\\/\\\/www.youtube.com\\\/channel\\\/UC1GvDIDCLoL02SzOD7NJdrA\"]},{\"@type\":\"Person\",\"@id\":\"https:\\\/\\\/amorpazycaridad.es\\\/#\\\/schema\\\/person\\\/44cbc218f1b29f65390e7c8a4fd0c28d\",\"name\":\"Redacci\u00f3n\",\"image\":{\"@type\":\"ImageObject\",\"inLanguage\":\"es\",\"@id\":\"https:\\\/\\\/amorpazycaridad.es\\\/wp-content\\\/uploads\\\/2015\\\/01\\\/icono-114-96x96.jpg73ca1ff604f9e7c7607bbbfa84b61c44\",\"url\":\"https:\\\/\\\/amorpazycaridad.es\\\/wp-content\\\/uploads\\\/2015\\\/01\\\/icono-114-96x96.jpg\",\"contentUrl\":\"https:\\\/\\\/amorpazycaridad.es\\\/wp-content\\\/uploads\\\/2015\\\/01\\\/icono-114-96x96.jpg\",\"caption\":\"Redacci\u00f3n\"},\"sameAs\":[\"http:\\\/\\\/www.amorpazycaridad.com\"],\"url\":\"https:\\\/\\\/amorpazy-cp515.wordpresstemporal.com\\\/amorpazycaridad.es\\\/author\\\/redaccion\\\/\"}]}<\/script>\n<!-- \/ Yoast SEO plugin. -->","yoast_head_json":{"title":"IDA Y VUELTA | Amor, paz caridad","robots":{"index":"index","follow":"follow","max-snippet":"max-snippet:-1","max-image-preview":"max-image-preview:large","max-video-preview":"max-video-preview:-1"},"canonical":"https:\/\/amorpazy-cp515.wordpresstemporal.com\/amorpazycaridad.es\/pagina-poetica-ida-y-vuelta\/","og_locale":"es_ES","og_type":"article","og_title":"IDA Y VUELTA | Amor, paz caridad","og_description":"\u00abLos que nacen, vienen de\u00a0 donde van los que mueren\u00bb. \u00a0 Del Libro \u00abMarietta\u00bb Todos los que nacen vienen\u00a0 de donde se van los muertos,\u00a0 porque las almas retornan al\u00a0 mundo con nuevos cuerpos. \u00a0 Regresan de su pasado\u00a0 al renovado presente,\u00a0 para hacer su porvenir\u00a0 y modificar su muerte. \u00a0 Para acercarse a las [&hellip;]","og_url":"https:\/\/amorpazy-cp515.wordpresstemporal.com\/amorpazycaridad.es\/pagina-poetica-ida-y-vuelta\/","og_site_name":"Amor, paz caridad","article_publisher":"http:\/\/www.facebook.com\/pages\/Amor-paz-y-caridad\/1594978604096866","article_published_time":"2014-09-12T05:43:00+00:00","article_modified_time":"2015-01-29T19:59:20+00:00","author":"jose-martinez-fernandez","twitter_card":"summary_large_image","twitter_creator":"@amorpazycaridad","twitter_site":"@amorpazycaridad","twitter_misc":{"Escrito por":"Redacci\u00f3n","Tiempo de lectura":"2 minutos"},"schema":{"@context":"https:\/\/schema.org","@graph":[{"@type":"Article","@id":"https:\/\/amorpazy-cp515.wordpresstemporal.com\/amorpazycaridad.es\/pagina-poetica-ida-y-vuelta\/#article","isPartOf":{"@id":"https:\/\/amorpazy-cp515.wordpresstemporal.com\/amorpazycaridad.es\/pagina-poetica-ida-y-vuelta\/"},"author":{"name":"Redacci\u00f3n","@id":"https:\/\/amorpazycaridad.es\/#\/schema\/person\/44cbc218f1b29f65390e7c8a4fd0c28d"},"headline":"IDA Y VUELTA","datePublished":"2014-09-12T05:43:00+00:00","dateModified":"2015-01-29T19:59:20+00:00","mainEntityOfPage":{"@id":"https:\/\/amorpazy-cp515.wordpresstemporal.com\/amorpazycaridad.es\/pagina-poetica-ida-y-vuelta\/"},"wordCount":362,"commentCount":0,"publisher":{"@id":"https:\/\/amorpazycaridad.es\/#organization"},"keywords":["ida y vuelta","P\u00c1GINA P\u00d3ETICA","Poes\u00eda","poesia espirita"],"articleSection":["P\u00e1gina p\u00f3etica"],"inLanguage":"es","potentialAction":[{"@type":"CommentAction","name":"Comment","target":["https:\/\/amorpazy-cp515.wordpresstemporal.com\/amorpazycaridad.es\/pagina-poetica-ida-y-vuelta\/#respond"]}]},{"@type":"WebPage","@id":"https:\/\/amorpazy-cp515.wordpresstemporal.com\/amorpazycaridad.es\/pagina-poetica-ida-y-vuelta\/","url":"https:\/\/amorpazy-cp515.wordpresstemporal.com\/amorpazycaridad.es\/pagina-poetica-ida-y-vuelta\/","name":"IDA Y VUELTA | Amor, paz caridad","isPartOf":{"@id":"https:\/\/amorpazycaridad.es\/#website"},"datePublished":"2014-09-12T05:43:00+00:00","dateModified":"2015-01-29T19:59:20+00:00","breadcrumb":{"@id":"https:\/\/amorpazy-cp515.wordpresstemporal.com\/amorpazycaridad.es\/pagina-poetica-ida-y-vuelta\/#breadcrumb"},"inLanguage":"es","potentialAction":[{"@type":"ReadAction","target":["https:\/\/amorpazy-cp515.wordpresstemporal.com\/amorpazycaridad.es\/pagina-poetica-ida-y-vuelta\/"]}]},{"@type":"BreadcrumbList","@id":"https:\/\/amorpazy-cp515.wordpresstemporal.com\/amorpazycaridad.es\/pagina-poetica-ida-y-vuelta\/#breadcrumb","itemListElement":[{"@type":"ListItem","position":1,"name":"Portada","item":"https:\/\/amorpazy-cp515.wordpresstemporal.com\/amorpazycaridad.es\/"},{"@type":"ListItem","position":2,"name":"IDA Y VUELTA"}]},{"@type":"WebSite","@id":"https:\/\/amorpazycaridad.es\/#website","url":"https:\/\/amorpazycaridad.es\/","name":"Amor, paz caridad","description":"Conocimiento espiritual, espiritismo, espiritualismo, leyes universales, m\u00e1s all\u00e1, vida despu\u00e9s de la vida,","publisher":{"@id":"https:\/\/amorpazycaridad.es\/#organization"},"potentialAction":[{"@type":"SearchAction","target":{"@type":"EntryPoint","urlTemplate":"https:\/\/amorpazycaridad.es\/?s={search_term_string}"},"query-input":{"@type":"PropertyValueSpecification","valueRequired":true,"valueName":"search_term_string"}}],"inLanguage":"es"},{"@type":"Organization","@id":"https:\/\/amorpazycaridad.es\/#organization","name":"Asociaci\u00f3n de Estudios Espirituales Grupo Villena","url":"https:\/\/amorpazycaridad.es\/","logo":{"@type":"ImageObject","inLanguage":"es","@id":"https:\/\/amorpazycaridad.es\/#\/schema\/logo\/image\/","url":"https:\/\/amorpazycaridad.es\/wp-content\/uploads\/2015\/01\/logo-fav-e1420247830294.jpg","contentUrl":"https:\/\/amorpazycaridad.es\/wp-content\/uploads\/2015\/01\/logo-fav-e1420247830294.jpg","width":144,"height":144,"caption":"Asociaci\u00f3n de Estudios Espirituales Grupo Villena"},"image":{"@id":"https:\/\/amorpazycaridad.es\/#\/schema\/logo\/image\/"},"sameAs":["http:\/\/www.facebook.com\/pages\/Amor-paz-y-caridad\/1594978604096866","https:\/\/x.com\/amorpazycaridad","https:\/\/es.pinterest.com\/amorpazycaridad\/","https:\/\/www.youtube.com\/channel\/UC1GvDIDCLoL02SzOD7NJdrA"]},{"@type":"Person","@id":"https:\/\/amorpazycaridad.es\/#\/schema\/person\/44cbc218f1b29f65390e7c8a4fd0c28d","name":"Redacci\u00f3n","image":{"@type":"ImageObject","inLanguage":"es","@id":"https:\/\/amorpazycaridad.es\/wp-content\/uploads\/2015\/01\/icono-114-96x96.jpg73ca1ff604f9e7c7607bbbfa84b61c44","url":"https:\/\/amorpazycaridad.es\/wp-content\/uploads\/2015\/01\/icono-114-96x96.jpg","contentUrl":"https:\/\/amorpazycaridad.es\/wp-content\/uploads\/2015\/01\/icono-114-96x96.jpg","caption":"Redacci\u00f3n"},"sameAs":["http:\/\/www.amorpazycaridad.com"],"url":"https:\/\/amorpazy-cp515.wordpresstemporal.com\/amorpazycaridad.es\/author\/redaccion\/"}]}},"authors":[{"term_id":593,"user_id":0,"is_guest":1,"slug":"cap-jose-martinez-fernandez","display_name":"jose-martinez-fernandez","avatar_url":"https:\/\/secure.gravatar.com\/avatar\/?s=96&d=mm&r=g","0":null,"1":"","2":"","3":"","4":"","5":"","6":"","7":"","8":""}],"_links":{"self":[{"href":"https:\/\/amorpazy-cp515.wordpresstemporal.com\/amorpazycaridad.es\/wp-json\/wp\/v2\/posts\/1221","targetHints":{"allow":["GET"]}}],"collection":[{"href":"https:\/\/amorpazy-cp515.wordpresstemporal.com\/amorpazycaridad.es\/wp-json\/wp\/v2\/posts"}],"about":[{"href":"https:\/\/amorpazy-cp515.wordpresstemporal.com\/amorpazycaridad.es\/wp-json\/wp\/v2\/types\/post"}],"author":[{"embeddable":true,"href":"https:\/\/amorpazy-cp515.wordpresstemporal.com\/amorpazycaridad.es\/wp-json\/wp\/v2\/users\/2"}],"replies":[{"embeddable":true,"href":"https:\/\/amorpazy-cp515.wordpresstemporal.com\/amorpazycaridad.es\/wp-json\/wp\/v2\/comments?post=1221"}],"version-history":[{"count":3,"href":"https:\/\/amorpazy-cp515.wordpresstemporal.com\/amorpazycaridad.es\/wp-json\/wp\/v2\/posts\/1221\/revisions"}],"predecessor-version":[{"id":2313,"href":"https:\/\/amorpazy-cp515.wordpresstemporal.com\/amorpazycaridad.es\/wp-json\/wp\/v2\/posts\/1221\/revisions\/2313"}],"wp:attachment":[{"href":"https:\/\/amorpazy-cp515.wordpresstemporal.com\/amorpazycaridad.es\/wp-json\/wp\/v2\/media?parent=1221"}],"wp:term":[{"taxonomy":"category","embeddable":true,"href":"https:\/\/amorpazy-cp515.wordpresstemporal.com\/amorpazycaridad.es\/wp-json\/wp\/v2\/categories?post=1221"},{"taxonomy":"post_tag","embeddable":true,"href":"https:\/\/amorpazy-cp515.wordpresstemporal.com\/amorpazycaridad.es\/wp-json\/wp\/v2\/tags?post=1221"},{"taxonomy":"author","embeddable":true,"href":"https:\/\/amorpazy-cp515.wordpresstemporal.com\/amorpazycaridad.es\/wp-json\/wp\/v2\/ppma_author?post=1221"}],"curies":[{"name":"wp","href":"https:\/\/api.w.org\/{rel}","templated":true}]}}