{"id":1211,"date":"2014-10-03T04:48:00","date_gmt":"2014-10-03T04:48:00","guid":{"rendered":"http:\/\/grupovillena.org\/amorpazycaridad.es\/leyes-universales-83\/"},"modified":"2015-01-29T05:55:58","modified_gmt":"2015-01-29T05:55:58","slug":"la-vida-en-el-mundo-espiritual-v","status":"publish","type":"post","link":"https:\/\/amorpazy-cp515.wordpresstemporal.com\/amorpazycaridad.es\/la-vida-en-el-mundo-espiritual-v\/","title":{"rendered":"LA VIDA EN EL MUNDO ESPIRITUAL V"},"content":{"rendered":"<p style=\"text-align: justify;\">Como ha sido expuesto en los n\u00fameros anteriores, la funci\u00f3n de la llamada muerte, es facilitar al esp\u00edritu el desprendimiento de su cuerpo f\u00edsico, que le ha sido facilitado por las Leyes de la Vida, para realizar un programa en La Tierra, de acuerdo con su necesidad evolutiva, y volver a la vida del espacio, a la cual pertenece; aun cuando en nuestra ignorancia, esta verdad sea desconocida.<\/p>\n<p style=\"text-align: justify;\">Y as\u00ed como el nacimiento de un ni\u00f1o es el comienzo de una vida f\u00edsica, la muerte f\u00edsica, es el nacimiento a la vida espiritual, es la resurrecci\u00f3n a una vida m\u00e1s real ya que, libre el esp\u00edritu de la prisi\u00f3n de la carne, se siente m\u00e1s ligero y con capacidad para manifestarse m\u00e1s libremente, siendo el pensamiento el lenguaje para una m\u00e1s r\u00e1pida comunicaci\u00f3n de las ideas. Y el esp\u00edritu, con su cuerpo astral, puede trasladarse a grandes distancias con la rapidez del pensamiento, ya que la mente es la fuerza motora, siempre que no le sea impedido por la Ley.<\/p>\n<p style=\"text-align: justify;\">Como quiera que al dejar el cuerpo f\u00edsico, en nada se modifica el estado mental y afectivo del desencarnante, las primeras fases de la vida en la cuarta dimensi\u00f3n son an\u00e1logas en la gran mayor\u00eda de los humanos. Y dado el escaso grado de evoluci\u00f3n, una gran parte de los desencarnados quedan apegados al ambiente en donde han vivido, intentando intervenir en la vida y actuaciones de los humanos, hasta que la luz penetre en sus mentes y se den cuenta de su condici\u00f3n. Entonces comienzan a buscar el modo de liberarse. Y si tienen ansias de progreso, buscan por todos los medios a su alcance, hasta encontrar el modo y manera para alcanzar el camino del progreso.<br \/>\nY con esta actitud mental, vibrando en esa sinton\u00eda que es percibida por seres espirituales que est\u00e1n en misi\u00f3n fraterna de auxilio y cooperaci\u00f3n en el progreso de los desencarnados, vienen en su ayuda para orientarlos.<br \/>\nY los seres de escasa evoluci\u00f3n, cuando est\u00e1n dominados por alguna pasi\u00f3n, tratan de atacar, perturbar u obsesionar a aquellas personas motivo de su pasi\u00f3n; para lo cual pueden penetrar en su hogares a trav\u00e9s de las puertas y paredes, pudiendo ver en la oscuridad f\u00edsica, que no afecta a la vista ps\u00edquica. Pero, no as\u00ed a aquellos que est\u00e1n en las tinieblas, ya que no pueden ver aunque les atraviese la luz del sol; porque la penumbra es ps\u00edquica, est\u00e1 en su mente.<\/p>\n<p style=\"text-align: justify;\">Los seres desencarnados son sensibles a los colores, olores y sonidos del mundo f\u00edsico, pero no a las temperaturas; aunque algunos se sienten arder, como efecto de la catarsis depuradora del magnetismo delet\u00e9reo del que las almas malvadas estan impregnadas, as\u00ed como el fr\u00edo que sienten las ego\u00edstas, condiciones \u00e9stas que son de orden ps\u00edquico-magn\u00e9tico. En los planos superiores del astral, la temperatura es siempre deliciosa, sin cambios.<\/p>\n<p style=\"text-align: justify;\">\u00abLa casa de mi Padre tiene muchas moradas\u00bb,\u00a0dijo el Maestro Jes\u00fas. M\u00faltiples y variados son los\u00a0ambientes o moradas del mundo espiritual, como m\u00faltiples y variadas son las condiciones humanas o estados de la conciencia.<\/p>\n<p style=\"text-align: justify;\">La vida en la cuarta dimensi\u00f3n del espacio, es an\u00e1loga a la vida terrena, aunque no igual. Diremos mejor, nuestra vida terrena es una manifestaci\u00f3n material de la vida espiritual; con la diferencia de que, aqu\u00ed estamos todos en el mismo plano, aunque separados seg\u00fan el valor cultural y econ\u00f3mico. Y aun cuando hay escuelas espirituales y d\u00f3ctrinas como la Teosofica y Rosacruz, entre otras, que establecen un n\u00famero determinado de planos y subplanos del mundo espiritual, nosotros consideramos aventurado hacerlo; pues, es una escala, una progresi\u00f3n, cuyo limite nadie ha encontrado a\u00fan. Pero, de acuerdo con el programa de estas leyes, diremos que hay:<\/p>\n<p style=\"text-align: justify;\">1-.- Planos astrales altos o superiores y bajos o inferiores, que corresponden a la dimensi\u00f3n o mundos de las almas.<\/p>\n<p style=\"text-align: justify;\">2.- Planos elevados, m\u00e1s all\u00e1 del astral o influencia del planeta, que hemos venido identificando como 5\u00aa, 6\u00aa o 7\u00aa dimensi\u00f3n, en los que no existen las formas, tal como los humanos conocemos. Esos planos son la Gloria del Cristianismo o el Nirvana del Budismo; moradas sutiles o reinos para los esp\u00edritus puros, y que nosotros tambi\u00e9n podremos alcanzar y alcanzaremos, cuando hayamos conquistado la perfecci\u00f3n.<\/p>\n<p style=\"text-align: justify;\">3.-Planos siderales, dimensiones incomprensibles a nuestra mentalidad humana, cuyo alcance no nos es posible imaginar. Es esa parte del Universo en donde act\u00faan los llamados ingenieros, arquitectos y directores siderales, que dirigen la formaci\u00f3n y evoluci\u00f3n de los mundos y sus humanidades.<\/p>\n<p style=\"text-align: right;\">SEBASTI\u00c1N DE ARAUCO<\/p>\n","protected":false},"excerpt":{"rendered":"<p>Como ha sido expuesto en los n\u00fameros anteriores, la funci\u00f3n de la llamada muerte, es facilitar al esp\u00edritu el desprendimiento de su cuerpo f\u00edsico, que le ha sido facilitado por las Leyes de la Vida, para realizar un programa en La Tierra, de acuerdo con su necesidad evolutiva, y volver a la vida del espacio, [&hellip;]<\/p>\n","protected":false},"author":2,"featured_media":1248,"comment_status":"open","ping_status":"open","sticky":false,"template":"","format":"standard","meta":{"tdm_status":"","tdm_grid_status":"","footnotes":""},"categories":[35],"tags":[2221,405,277,288,318],"ppma_author":[571],"class_list":{"0":"post-1211","1":"post","2":"type-post","3":"status-publish","4":"format-standard","5":"has-post-thumbnail","7":"category-leyes-universales","8":"tag-leyes-universales","9":"tag-mas-alla","10":"tag-reencarnacion-2","11":"tag-sebastian-de-arauco","12":"tag-vida-despues-de-la-vida"},"yoast_head":"<!-- This site is optimized with the Yoast SEO plugin v27.7 - https:\/\/yoast.com\/product\/yoast-seo-wordpress\/ -->\n<title>LA VIDA EN EL MUNDO ESPIRITUAL V | Amor, paz caridad<\/title>\n<meta name=\"robots\" content=\"index, follow, max-snippet:-1, max-image-preview:large, max-video-preview:-1\" \/>\n<link rel=\"canonical\" href=\"https:\/\/amorpazycaridad.es\/la-vida-en-el-mundo-espiritual-v\/\" \/>\n<meta property=\"og:locale\" content=\"es_ES\" \/>\n<meta property=\"og:type\" content=\"article\" \/>\n<meta property=\"og:title\" content=\"LA VIDA EN EL MUNDO ESPIRITUAL V | Amor, paz caridad\" \/>\n<meta property=\"og:description\" content=\"Como ha sido expuesto en los n\u00fameros anteriores, la funci\u00f3n de la llamada muerte, es facilitar al esp\u00edritu el desprendimiento de su cuerpo f\u00edsico, que le ha sido facilitado por las Leyes de la Vida, para realizar un programa en La Tierra, de acuerdo con su necesidad evolutiva, y volver a la vida del espacio, [&hellip;]\" \/>\n<meta property=\"og:url\" content=\"https:\/\/amorpazycaridad.es\/la-vida-en-el-mundo-espiritual-v\/\" \/>\n<meta property=\"og:site_name\" content=\"Amor, paz caridad\" \/>\n<meta property=\"article:publisher\" content=\"http:\/\/www.facebook.com\/pages\/Amor-paz-y-caridad\/1594978604096866\" \/>\n<meta property=\"article:published_time\" content=\"2014-10-03T04:48:00+00:00\" \/>\n<meta property=\"article:modified_time\" content=\"2015-01-29T05:55:58+00:00\" \/>\n<meta property=\"og:image\" content=\"https:\/\/amorpazycaridad.es\/wp-content\/uploads\/2014\/10\/nuestro-2Bhogar-2Bla-2Bvida-2Bdespues-2B.jpg\" \/>\n\t<meta property=\"og:image:width\" content=\"400\" \/>\n\t<meta property=\"og:image:height\" content=\"220\" \/>\n\t<meta property=\"og:image:type\" content=\"image\/jpeg\" \/>\n<meta name=\"author\" content=\"sebastian-de-arauco\" \/>\n<meta name=\"twitter:card\" content=\"summary_large_image\" \/>\n<meta name=\"twitter:creator\" content=\"@amorpazycaridad\" \/>\n<meta name=\"twitter:site\" content=\"@amorpazycaridad\" \/>\n<meta name=\"twitter:label1\" content=\"Escrito por\" \/>\n\t<meta name=\"twitter:data1\" content=\"Redacci\u00f3n\" \/>\n\t<meta name=\"twitter:label2\" content=\"Tiempo de lectura\" \/>\n\t<meta name=\"twitter:data2\" content=\"4 minutos\" \/>\n<script type=\"application\/ld+json\" class=\"yoast-schema-graph\">{\"@context\":\"https:\\\/\\\/schema.org\",\"@graph\":[{\"@type\":\"Article\",\"@id\":\"https:\\\/\\\/amorpazycaridad.es\\\/la-vida-en-el-mundo-espiritual-v\\\/#article\",\"isPartOf\":{\"@id\":\"https:\\\/\\\/amorpazycaridad.es\\\/la-vida-en-el-mundo-espiritual-v\\\/\"},\"author\":{\"name\":\"Redacci\u00f3n\",\"@id\":\"https:\\\/\\\/amorpazy-cp515.wordpresstemporal.com\\\/amorpazycaridad.es\\\/#\\\/schema\\\/person\\\/44cbc218f1b29f65390e7c8a4fd0c28d\"},\"headline\":\"LA VIDA EN EL MUNDO ESPIRITUAL V\",\"datePublished\":\"2014-10-03T04:48:00+00:00\",\"dateModified\":\"2015-01-29T05:55:58+00:00\",\"mainEntityOfPage\":{\"@id\":\"https:\\\/\\\/amorpazycaridad.es\\\/la-vida-en-el-mundo-espiritual-v\\\/\"},\"wordCount\":817,\"commentCount\":0,\"publisher\":{\"@id\":\"https:\\\/\\\/amorpazy-cp515.wordpresstemporal.com\\\/amorpazycaridad.es\\\/#organization\"},\"image\":{\"@id\":\"https:\\\/\\\/amorpazycaridad.es\\\/la-vida-en-el-mundo-espiritual-v\\\/#primaryimage\"},\"thumbnailUrl\":\"https:\\\/\\\/amorpazy-cp515.wordpresstemporal.com\\\/amorpazycaridad.es\\\/wp-content\\\/uploads\\\/2014\\\/10\\\/nuestro-2Bhogar-2Bla-2Bvida-2Bdespues-2B.jpg\",\"keywords\":[\"Leyes Universales\",\"m\u00e1s all\u00e1\",\"Reencarnaci\u00f3n\",\"Sebasti\u00e1n de Arauco\",\"VIDA DESPU\u00c9S DE LA VIDA\"],\"articleSection\":[\"Leyes Universales\"],\"inLanguage\":\"es\",\"potentialAction\":[{\"@type\":\"CommentAction\",\"name\":\"Comment\",\"target\":[\"https:\\\/\\\/amorpazycaridad.es\\\/la-vida-en-el-mundo-espiritual-v\\\/#respond\"]}]},{\"@type\":\"WebPage\",\"@id\":\"https:\\\/\\\/amorpazycaridad.es\\\/la-vida-en-el-mundo-espiritual-v\\\/\",\"url\":\"https:\\\/\\\/amorpazycaridad.es\\\/la-vida-en-el-mundo-espiritual-v\\\/\",\"name\":\"LA VIDA EN EL MUNDO ESPIRITUAL V | Amor, paz caridad\",\"isPartOf\":{\"@id\":\"https:\\\/\\\/amorpazy-cp515.wordpresstemporal.com\\\/amorpazycaridad.es\\\/#website\"},\"primaryImageOfPage\":{\"@id\":\"https:\\\/\\\/amorpazycaridad.es\\\/la-vida-en-el-mundo-espiritual-v\\\/#primaryimage\"},\"image\":{\"@id\":\"https:\\\/\\\/amorpazycaridad.es\\\/la-vida-en-el-mundo-espiritual-v\\\/#primaryimage\"},\"thumbnailUrl\":\"https:\\\/\\\/amorpazy-cp515.wordpresstemporal.com\\\/amorpazycaridad.es\\\/wp-content\\\/uploads\\\/2014\\\/10\\\/nuestro-2Bhogar-2Bla-2Bvida-2Bdespues-2B.jpg\",\"datePublished\":\"2014-10-03T04:48:00+00:00\",\"dateModified\":\"2015-01-29T05:55:58+00:00\",\"breadcrumb\":{\"@id\":\"https:\\\/\\\/amorpazycaridad.es\\\/la-vida-en-el-mundo-espiritual-v\\\/#breadcrumb\"},\"inLanguage\":\"es\",\"potentialAction\":[{\"@type\":\"ReadAction\",\"target\":[\"https:\\\/\\\/amorpazycaridad.es\\\/la-vida-en-el-mundo-espiritual-v\\\/\"]}]},{\"@type\":\"ImageObject\",\"inLanguage\":\"es\",\"@id\":\"https:\\\/\\\/amorpazycaridad.es\\\/la-vida-en-el-mundo-espiritual-v\\\/#primaryimage\",\"url\":\"https:\\\/\\\/amorpazy-cp515.wordpresstemporal.com\\\/amorpazycaridad.es\\\/wp-content\\\/uploads\\\/2014\\\/10\\\/nuestro-2Bhogar-2Bla-2Bvida-2Bdespues-2B.jpg\",\"contentUrl\":\"https:\\\/\\\/amorpazy-cp515.wordpresstemporal.com\\\/amorpazycaridad.es\\\/wp-content\\\/uploads\\\/2014\\\/10\\\/nuestro-2Bhogar-2Bla-2Bvida-2Bdespues-2B.jpg\",\"width\":400,\"height\":220},{\"@type\":\"BreadcrumbList\",\"@id\":\"https:\\\/\\\/amorpazycaridad.es\\\/la-vida-en-el-mundo-espiritual-v\\\/#breadcrumb\",\"itemListElement\":[{\"@type\":\"ListItem\",\"position\":1,\"name\":\"Portada\",\"item\":\"https:\\\/\\\/amorpazy-cp515.wordpresstemporal.com\\\/amorpazycaridad.es\\\/\"},{\"@type\":\"ListItem\",\"position\":2,\"name\":\"LA VIDA EN EL MUNDO ESPIRITUAL V\"}]},{\"@type\":\"WebSite\",\"@id\":\"https:\\\/\\\/amorpazy-cp515.wordpresstemporal.com\\\/amorpazycaridad.es\\\/#website\",\"url\":\"https:\\\/\\\/amorpazy-cp515.wordpresstemporal.com\\\/amorpazycaridad.es\\\/\",\"name\":\"Amor, paz caridad\",\"description\":\"Conocimiento espiritual, espiritismo, espiritualismo, leyes universales, m\u00e1s all\u00e1, vida despu\u00e9s de la vida,\",\"publisher\":{\"@id\":\"https:\\\/\\\/amorpazy-cp515.wordpresstemporal.com\\\/amorpazycaridad.es\\\/#organization\"},\"potentialAction\":[{\"@type\":\"SearchAction\",\"target\":{\"@type\":\"EntryPoint\",\"urlTemplate\":\"https:\\\/\\\/amorpazy-cp515.wordpresstemporal.com\\\/amorpazycaridad.es\\\/?s={search_term_string}\"},\"query-input\":{\"@type\":\"PropertyValueSpecification\",\"valueRequired\":true,\"valueName\":\"search_term_string\"}}],\"inLanguage\":\"es\"},{\"@type\":\"Organization\",\"@id\":\"https:\\\/\\\/amorpazy-cp515.wordpresstemporal.com\\\/amorpazycaridad.es\\\/#organization\",\"name\":\"Asociaci\u00f3n de Estudios Espirituales Grupo Villena\",\"url\":\"https:\\\/\\\/amorpazy-cp515.wordpresstemporal.com\\\/amorpazycaridad.es\\\/\",\"logo\":{\"@type\":\"ImageObject\",\"inLanguage\":\"es\",\"@id\":\"https:\\\/\\\/amorpazy-cp515.wordpresstemporal.com\\\/amorpazycaridad.es\\\/#\\\/schema\\\/logo\\\/image\\\/\",\"url\":\"https:\\\/\\\/amorpazycaridad.es\\\/wp-content\\\/uploads\\\/2015\\\/01\\\/logo-fav-e1420247830294.jpg\",\"contentUrl\":\"https:\\\/\\\/amorpazycaridad.es\\\/wp-content\\\/uploads\\\/2015\\\/01\\\/logo-fav-e1420247830294.jpg\",\"width\":144,\"height\":144,\"caption\":\"Asociaci\u00f3n de Estudios Espirituales Grupo Villena\"},\"image\":{\"@id\":\"https:\\\/\\\/amorpazy-cp515.wordpresstemporal.com\\\/amorpazycaridad.es\\\/#\\\/schema\\\/logo\\\/image\\\/\"},\"sameAs\":[\"http:\\\/\\\/www.facebook.com\\\/pages\\\/Amor-paz-y-caridad\\\/1594978604096866\",\"https:\\\/\\\/x.com\\\/amorpazycaridad\",\"https:\\\/\\\/es.pinterest.com\\\/amorpazycaridad\\\/\",\"https:\\\/\\\/www.youtube.com\\\/channel\\\/UC1GvDIDCLoL02SzOD7NJdrA\"]},{\"@type\":\"Person\",\"@id\":\"https:\\\/\\\/amorpazy-cp515.wordpresstemporal.com\\\/amorpazycaridad.es\\\/#\\\/schema\\\/person\\\/44cbc218f1b29f65390e7c8a4fd0c28d\",\"name\":\"Redacci\u00f3n\",\"image\":{\"@type\":\"ImageObject\",\"inLanguage\":\"es\",\"@id\":\"https:\\\/\\\/amorpazycaridad.es\\\/wp-content\\\/uploads\\\/2015\\\/01\\\/icono-114-96x96.jpg73ca1ff604f9e7c7607bbbfa84b61c44\",\"url\":\"https:\\\/\\\/amorpazycaridad.es\\\/wp-content\\\/uploads\\\/2015\\\/01\\\/icono-114-96x96.jpg\",\"contentUrl\":\"https:\\\/\\\/amorpazycaridad.es\\\/wp-content\\\/uploads\\\/2015\\\/01\\\/icono-114-96x96.jpg\",\"caption\":\"Redacci\u00f3n\"},\"sameAs\":[\"http:\\\/\\\/www.amorpazycaridad.com\"],\"url\":\"https:\\\/\\\/amorpazy-cp515.wordpresstemporal.com\\\/amorpazycaridad.es\\\/author\\\/redaccion\\\/\"}]}<\/script>\n<!-- \/ Yoast SEO plugin. -->","yoast_head_json":{"title":"LA VIDA EN EL MUNDO ESPIRITUAL V | Amor, paz caridad","robots":{"index":"index","follow":"follow","max-snippet":"max-snippet:-1","max-image-preview":"max-image-preview:large","max-video-preview":"max-video-preview:-1"},"canonical":"https:\/\/amorpazycaridad.es\/la-vida-en-el-mundo-espiritual-v\/","og_locale":"es_ES","og_type":"article","og_title":"LA VIDA EN EL MUNDO ESPIRITUAL V | Amor, paz caridad","og_description":"Como ha sido expuesto en los n\u00fameros anteriores, la funci\u00f3n de la llamada muerte, es facilitar al esp\u00edritu el desprendimiento de su cuerpo f\u00edsico, que le ha sido facilitado por las Leyes de la Vida, para realizar un programa en La Tierra, de acuerdo con su necesidad evolutiva, y volver a la vida del espacio, [&hellip;]","og_url":"https:\/\/amorpazycaridad.es\/la-vida-en-el-mundo-espiritual-v\/","og_site_name":"Amor, paz caridad","article_publisher":"http:\/\/www.facebook.com\/pages\/Amor-paz-y-caridad\/1594978604096866","article_published_time":"2014-10-03T04:48:00+00:00","article_modified_time":"2015-01-29T05:55:58+00:00","og_image":[{"width":400,"height":220,"url":"https:\/\/amorpazycaridad.es\/wp-content\/uploads\/2014\/10\/nuestro-2Bhogar-2Bla-2Bvida-2Bdespues-2B.jpg","type":"image\/jpeg"}],"author":"sebastian-de-arauco","twitter_card":"summary_large_image","twitter_creator":"@amorpazycaridad","twitter_site":"@amorpazycaridad","twitter_misc":{"Escrito por":"Redacci\u00f3n","Tiempo de lectura":"4 minutos"},"schema":{"@context":"https:\/\/schema.org","@graph":[{"@type":"Article","@id":"https:\/\/amorpazycaridad.es\/la-vida-en-el-mundo-espiritual-v\/#article","isPartOf":{"@id":"https:\/\/amorpazycaridad.es\/la-vida-en-el-mundo-espiritual-v\/"},"author":{"name":"Redacci\u00f3n","@id":"https:\/\/amorpazy-cp515.wordpresstemporal.com\/amorpazycaridad.es\/#\/schema\/person\/44cbc218f1b29f65390e7c8a4fd0c28d"},"headline":"LA VIDA EN EL MUNDO ESPIRITUAL V","datePublished":"2014-10-03T04:48:00+00:00","dateModified":"2015-01-29T05:55:58+00:00","mainEntityOfPage":{"@id":"https:\/\/amorpazycaridad.es\/la-vida-en-el-mundo-espiritual-v\/"},"wordCount":817,"commentCount":0,"publisher":{"@id":"https:\/\/amorpazy-cp515.wordpresstemporal.com\/amorpazycaridad.es\/#organization"},"image":{"@id":"https:\/\/amorpazycaridad.es\/la-vida-en-el-mundo-espiritual-v\/#primaryimage"},"thumbnailUrl":"https:\/\/amorpazy-cp515.wordpresstemporal.com\/amorpazycaridad.es\/wp-content\/uploads\/2014\/10\/nuestro-2Bhogar-2Bla-2Bvida-2Bdespues-2B.jpg","keywords":["Leyes Universales","m\u00e1s all\u00e1","Reencarnaci\u00f3n","Sebasti\u00e1n de Arauco","VIDA DESPU\u00c9S DE LA VIDA"],"articleSection":["Leyes Universales"],"inLanguage":"es","potentialAction":[{"@type":"CommentAction","name":"Comment","target":["https:\/\/amorpazycaridad.es\/la-vida-en-el-mundo-espiritual-v\/#respond"]}]},{"@type":"WebPage","@id":"https:\/\/amorpazycaridad.es\/la-vida-en-el-mundo-espiritual-v\/","url":"https:\/\/amorpazycaridad.es\/la-vida-en-el-mundo-espiritual-v\/","name":"LA VIDA EN EL MUNDO ESPIRITUAL V | Amor, paz caridad","isPartOf":{"@id":"https:\/\/amorpazy-cp515.wordpresstemporal.com\/amorpazycaridad.es\/#website"},"primaryImageOfPage":{"@id":"https:\/\/amorpazycaridad.es\/la-vida-en-el-mundo-espiritual-v\/#primaryimage"},"image":{"@id":"https:\/\/amorpazycaridad.es\/la-vida-en-el-mundo-espiritual-v\/#primaryimage"},"thumbnailUrl":"https:\/\/amorpazy-cp515.wordpresstemporal.com\/amorpazycaridad.es\/wp-content\/uploads\/2014\/10\/nuestro-2Bhogar-2Bla-2Bvida-2Bdespues-2B.jpg","datePublished":"2014-10-03T04:48:00+00:00","dateModified":"2015-01-29T05:55:58+00:00","breadcrumb":{"@id":"https:\/\/amorpazycaridad.es\/la-vida-en-el-mundo-espiritual-v\/#breadcrumb"},"inLanguage":"es","potentialAction":[{"@type":"ReadAction","target":["https:\/\/amorpazycaridad.es\/la-vida-en-el-mundo-espiritual-v\/"]}]},{"@type":"ImageObject","inLanguage":"es","@id":"https:\/\/amorpazycaridad.es\/la-vida-en-el-mundo-espiritual-v\/#primaryimage","url":"https:\/\/amorpazy-cp515.wordpresstemporal.com\/amorpazycaridad.es\/wp-content\/uploads\/2014\/10\/nuestro-2Bhogar-2Bla-2Bvida-2Bdespues-2B.jpg","contentUrl":"https:\/\/amorpazy-cp515.wordpresstemporal.com\/amorpazycaridad.es\/wp-content\/uploads\/2014\/10\/nuestro-2Bhogar-2Bla-2Bvida-2Bdespues-2B.jpg","width":400,"height":220},{"@type":"BreadcrumbList","@id":"https:\/\/amorpazycaridad.es\/la-vida-en-el-mundo-espiritual-v\/#breadcrumb","itemListElement":[{"@type":"ListItem","position":1,"name":"Portada","item":"https:\/\/amorpazy-cp515.wordpresstemporal.com\/amorpazycaridad.es\/"},{"@type":"ListItem","position":2,"name":"LA VIDA EN EL MUNDO ESPIRITUAL V"}]},{"@type":"WebSite","@id":"https:\/\/amorpazy-cp515.wordpresstemporal.com\/amorpazycaridad.es\/#website","url":"https:\/\/amorpazy-cp515.wordpresstemporal.com\/amorpazycaridad.es\/","name":"Amor, paz caridad","description":"Conocimiento espiritual, espiritismo, espiritualismo, leyes universales, m\u00e1s all\u00e1, vida despu\u00e9s de la vida,","publisher":{"@id":"https:\/\/amorpazy-cp515.wordpresstemporal.com\/amorpazycaridad.es\/#organization"},"potentialAction":[{"@type":"SearchAction","target":{"@type":"EntryPoint","urlTemplate":"https:\/\/amorpazy-cp515.wordpresstemporal.com\/amorpazycaridad.es\/?s={search_term_string}"},"query-input":{"@type":"PropertyValueSpecification","valueRequired":true,"valueName":"search_term_string"}}],"inLanguage":"es"},{"@type":"Organization","@id":"https:\/\/amorpazy-cp515.wordpresstemporal.com\/amorpazycaridad.es\/#organization","name":"Asociaci\u00f3n de Estudios Espirituales Grupo Villena","url":"https:\/\/amorpazy-cp515.wordpresstemporal.com\/amorpazycaridad.es\/","logo":{"@type":"ImageObject","inLanguage":"es","@id":"https:\/\/amorpazy-cp515.wordpresstemporal.com\/amorpazycaridad.es\/#\/schema\/logo\/image\/","url":"https:\/\/amorpazycaridad.es\/wp-content\/uploads\/2015\/01\/logo-fav-e1420247830294.jpg","contentUrl":"https:\/\/amorpazycaridad.es\/wp-content\/uploads\/2015\/01\/logo-fav-e1420247830294.jpg","width":144,"height":144,"caption":"Asociaci\u00f3n de Estudios Espirituales Grupo Villena"},"image":{"@id":"https:\/\/amorpazy-cp515.wordpresstemporal.com\/amorpazycaridad.es\/#\/schema\/logo\/image\/"},"sameAs":["http:\/\/www.facebook.com\/pages\/Amor-paz-y-caridad\/1594978604096866","https:\/\/x.com\/amorpazycaridad","https:\/\/es.pinterest.com\/amorpazycaridad\/","https:\/\/www.youtube.com\/channel\/UC1GvDIDCLoL02SzOD7NJdrA"]},{"@type":"Person","@id":"https:\/\/amorpazy-cp515.wordpresstemporal.com\/amorpazycaridad.es\/#\/schema\/person\/44cbc218f1b29f65390e7c8a4fd0c28d","name":"Redacci\u00f3n","image":{"@type":"ImageObject","inLanguage":"es","@id":"https:\/\/amorpazycaridad.es\/wp-content\/uploads\/2015\/01\/icono-114-96x96.jpg73ca1ff604f9e7c7607bbbfa84b61c44","url":"https:\/\/amorpazycaridad.es\/wp-content\/uploads\/2015\/01\/icono-114-96x96.jpg","contentUrl":"https:\/\/amorpazycaridad.es\/wp-content\/uploads\/2015\/01\/icono-114-96x96.jpg","caption":"Redacci\u00f3n"},"sameAs":["http:\/\/www.amorpazycaridad.com"],"url":"https:\/\/amorpazy-cp515.wordpresstemporal.com\/amorpazycaridad.es\/author\/redaccion\/"}]}},"authors":[{"term_id":571,"user_id":0,"is_guest":1,"slug":"cap-sebastian-de-arauco","display_name":"sebastian-de-arauco","avatar_url":"https:\/\/secure.gravatar.com\/avatar\/?s=96&d=mm&r=g","0":null,"1":"","2":"","3":"","4":"","5":"","6":"","7":"","8":""}],"_links":{"self":[{"href":"https:\/\/amorpazy-cp515.wordpresstemporal.com\/amorpazycaridad.es\/wp-json\/wp\/v2\/posts\/1211","targetHints":{"allow":["GET"]}}],"collection":[{"href":"https:\/\/amorpazy-cp515.wordpresstemporal.com\/amorpazycaridad.es\/wp-json\/wp\/v2\/posts"}],"about":[{"href":"https:\/\/amorpazy-cp515.wordpresstemporal.com\/amorpazycaridad.es\/wp-json\/wp\/v2\/types\/post"}],"author":[{"embeddable":true,"href":"https:\/\/amorpazy-cp515.wordpresstemporal.com\/amorpazycaridad.es\/wp-json\/wp\/v2\/users\/2"}],"replies":[{"embeddable":true,"href":"https:\/\/amorpazy-cp515.wordpresstemporal.com\/amorpazycaridad.es\/wp-json\/wp\/v2\/comments?post=1211"}],"version-history":[{"count":8,"href":"https:\/\/amorpazy-cp515.wordpresstemporal.com\/amorpazycaridad.es\/wp-json\/wp\/v2\/posts\/1211\/revisions"}],"predecessor-version":[{"id":2150,"href":"https:\/\/amorpazy-cp515.wordpresstemporal.com\/amorpazycaridad.es\/wp-json\/wp\/v2\/posts\/1211\/revisions\/2150"}],"wp:featuredmedia":[{"embeddable":true,"href":"https:\/\/amorpazy-cp515.wordpresstemporal.com\/amorpazycaridad.es\/wp-json\/wp\/v2\/media\/1248"}],"wp:attachment":[{"href":"https:\/\/amorpazy-cp515.wordpresstemporal.com\/amorpazycaridad.es\/wp-json\/wp\/v2\/media?parent=1211"}],"wp:term":[{"taxonomy":"category","embeddable":true,"href":"https:\/\/amorpazy-cp515.wordpresstemporal.com\/amorpazycaridad.es\/wp-json\/wp\/v2\/categories?post=1211"},{"taxonomy":"post_tag","embeddable":true,"href":"https:\/\/amorpazy-cp515.wordpresstemporal.com\/amorpazycaridad.es\/wp-json\/wp\/v2\/tags?post=1211"},{"taxonomy":"author","embeddable":true,"href":"https:\/\/amorpazy-cp515.wordpresstemporal.com\/amorpazycaridad.es\/wp-json\/wp\/v2\/ppma_author?post=1211"}],"curies":[{"name":"wp","href":"https:\/\/api.w.org\/{rel}","templated":true}]}}