{"id":11697,"date":"2019-03-29T06:30:55","date_gmt":"2019-03-29T05:30:55","guid":{"rendered":"https:\/\/amorpazycaridad.es\/?p=11697"},"modified":"2019-03-28T23:55:07","modified_gmt":"2019-03-28T22:55:07","slug":"entrevista-a-waldo-vieira","status":"publish","type":"post","link":"https:\/\/amorpazy-cp515.wordpresstemporal.com\/amorpazycaridad.es\/entrevista-a-waldo-vieira\/","title":{"rendered":"ENTREVISTA A WALDO VIEIRA"},"content":{"rendered":"<p style=\"text-align: justify;\">Waldo Vieira (1932-2015) fue m\u00e9dico, investigador y escritor. Fue tambi\u00e9n m\u00e9dium, psicografiando varias obras, algunas conjuntamente con Francisco C\u00e1ndido Xavier durante varios a\u00f1os.\u00a0 A principios de los a\u00f1os 70 se interes\u00f3 por la experiencia extra corporal o proyecci\u00f3n astral, fen\u00f3meno que consider\u00f3 clave para el desarrollo integral de la conciencia. En el <strong><em>verano de 1988 visit\u00f3 al Grupo de Villena<\/em><\/strong>, impartiendo una serie de conferencias sobre su trabajo en relaci\u00f3n a la Proyecciolog\u00eda. Reproducimos aqu\u00ed parte de la entrevista que se le realiz\u00f3, y que fue publicada en la revista de la Asociaci\u00f3n en el mes de septiembre de ese mismo a\u00f1o.<\/p>\n<p style=\"text-align: justify;\"><strong>1\u00aa.<\/strong><strong>\u00a0APC.- Las conferencias que ha impartido durante estos d\u00edas han sido muy provechosas para todos; hemos conocido esta ciencia y sus innumerables ventajas. \u00bfPodr\u00eda resumir brevemente qu\u00e9 es la Proyecciolog\u00eda y qu\u00e9 beneficios puede ofrecer al hombre del siglo XX?<\/strong><\/p>\n<p style=\"text-align: justify;\"><strong>Waldo Vieira.-<\/strong> La Proyecciolog\u00eda no es nada m\u00e1s que una reuni\u00f3n de principios y estudios que se han conocido por la humanidad desde tiempos inmemoriales. Estudia la salida de la conciencia de su estado natural dentro del cerebro para otras dimensiones de realidad y vida. Por tal raz\u00f3n, en sus inicios se caracteriz\u00f3 dentro de la Parapsicolog\u00eda y se llev\u00f3 a una proposici\u00f3n natural como ciencia aut\u00f3noma para el estudio del tercer estado de conciencia, que es el estado proyectado.<\/p>\n<p style=\"text-align: justify;\">Las ventajas de la proyecci\u00f3n consciente son muy grandes. A partir del principio de que el fen\u00f3meno de la proyecci\u00f3n consciente es parafisiol\u00f3gico, es algo que no se puede evitar, entonces es necesario saber convivir con \u00e9l y tambi\u00e9n buscar las ventajas que el mismo pueda ofrecer. En mi libro tenemos ventajas, utilidades y aplicaciones de diversas cualidades, son m\u00e1s de 80 las diversas l\u00edneas de inter\u00e9s humano.<\/p>\n<p style=\"text-align: justify;\"><strong>2\u00aa.\u00a0APC.- La<\/strong><strong> proyecci\u00f3n astral es una cualidad del ser humano; cuando dormimos en muchas ocasiones nos proyectamos de forma m\u00e1s o menos consciente. \u00bfLlegar\u00e1 un d\u00eda en que la mayor\u00eda de los seres humanos encarnados puedan proyectarse de forma totalmente consciente?<\/strong><\/p>\n<p style=\"text-align: justify;\"><strong>Waldo Vieira.-\u00a0<\/strong>Llevamos junto con nosotros apenas nuestra proposici\u00f3n y opini\u00f3n, que es un reflejo del pensamiento internacional, y puesto que se trata de una cuesti\u00f3n con ra\u00edces parafisiol\u00f3gicas de la personalidad humana, dir\u00edamos que la proyecci\u00f3n en el futuro tender\u00e1 a ser, normal y racionalmente, una consecuencia natural y objeto de utilizaci\u00f3n normal de todas las conciencias encarnadas, que se realizar\u00e1 con m\u00e1s facilidad, con conciencia y lucidez, buscando objetivos cada vez m\u00e1s amplios, productivos, edificantes, constructivos para s\u00ed mismo, cada personalidad, y para toda la humanidad de una manera globalizante.<\/p>\n<p style=\"text-align: justify;\"><strong>3\u00aa.\u00a0APC.- La<\/strong><strong> investigaci\u00f3n cient\u00edfica de la existencia de una parte inmaterial que supervive a la muerte se acerca cada d\u00eda m\u00e1s a la demostraci\u00f3n de esta realidad hist\u00f3rica. \u00bfA trav\u00e9s del ejercicio de la proyecci\u00f3n astral podr\u00edamos tomar conciencia, a nivel individual, de la supervivencia del esp\u00edritu m\u00e1s all\u00e1 de la muerte f\u00edsica?<\/strong><\/p>\n<p style=\"text-align: justify;\"><strong>Waldo Vieira.-\u00a0<\/strong>Sin duda, la proyecci\u00f3n comprueba para la persona interesada la supervivencia de la conciencia humana. El primer aspecto dentro de la fenomenolog\u00eda, el completo fenomenol\u00f3gico que la Proyecciolog\u00eda ofrece al interesado, al proyector, al principiante de las pr\u00e1cticas proyectivas, es la autobilocaci\u00f3n conciencial; es decir, la conciencia proyectada ve de manera definitiva y comprueba la existencia de su cuerpo descansando en reposo sobre el lecho, y verifica que tiene otro cuerpo con el cual se manifiesta en otra dimensi\u00f3n diferente. Por ello, no es necesario con el tiempo ninguna b\u00fasqueda m\u00e1s para la comprobaci\u00f3n de la vida despu\u00e9s de la muerte del cuerpo humano.<\/p>\n<p style=\"text-align: justify;\">La proyecci\u00f3n es auto persuasiva para la propia persona. Hasta ahora, en los d\u00edas actuales, no tenemos en la ciencia una instrumentaci\u00f3n capaz de ofrecer condiciones de localizaci\u00f3n e identificaci\u00f3n de la existencia de este segundo cuerpo; mas la propia conciencia interesada consigue f\u00e1cilmente, si lo desea, comprobar para s\u00ed misma esta existencia de modo definitivo.<\/p>\n<p style=\"text-align: justify;\">La replicabilidad de la Proyecciolog\u00eda es dif\u00edcil, porque la ciencia humana estudia solamente el cuerpo humano, siendo que nosotros tenemos, cuanto menos, cuatro veh\u00edculos de manifestaci\u00f3n conciencial: el cuerpo humano, el cuerpo energ\u00e9tico, el cuerpo emocional y el cuerpo mental. Como la ciencia f\u00edsica y las ciencias humanas, inclusive la psicolog\u00eda, solamente estudian los aspectos celulares de los \u00f3rganos humanos, es pr\u00e1cticamente imposible, impracticable, que se vengan a comprobar otras dimensiones solamente con esta instrumentaci\u00f3n superficial, que no alcanza un par\u00e1metro m\u00e1s all\u00e1 de la materia de los \u00f3rganos normales humanos.<\/p>\n<p style=\"text-align: justify;\">La proyecci\u00f3n consciente es tambi\u00e9n llamada de \u00abminimuerte temporaria\u00bb o \u00abtr\u00e1iler de la muerte f\u00edsica\u00bb, porque la persona se va a otras dimensiones y ve por s\u00ed misma, sin intermediarios, sin ning\u00fan tipo de dioses, mitolog\u00edas, folclores, arquetipos o personalidades divinizadas por la humanidad.<\/p>\n<p style=\"text-align: justify;\">La madurez de la conciencia entonces se realza, se torna muy importante y todas las ventajas superficiales de la vida f\u00edsica de 70, 80 \u00f3 90 a\u00f1os se caen por tierra, porque el esp\u00edritu empieza a trabajar por s\u00ed mismo para su evoluci\u00f3n, conscientemente, fuera solamente de una vida humana, se prepara para la pr\u00f3xima encarnaci\u00f3n y se prepara para su futuro inmediato.<\/p>\n<p style=\"text-align: justify;\"><strong>4\u00aa.\u00a0APC.- Es<\/strong><strong> fundamental el estudio paulatino de este ampl\u00edsimo tema, su libro \u00abPROJECCIOLOGIA\u00bb constituye una buena gu\u00eda para tal fin. \u00bfQu\u00e9 consejos iniciales podr\u00eda dar a todos aquellos que deseen adentrarse en el campo del estudio y la experimentaci\u00f3n de la proyecciolog\u00eda?<\/strong><\/p>\n<p style=\"text-align: justify;\"><strong>Waldo Vieira.-\u00a0<\/strong>El primer aspecto que siempre indico es que la persona necesita de dos cosas para mejorarse a s\u00ed misma. Para alcanzar el alto conocimiento se precisa, primero la teor\u00eda, segundo la pr\u00e1ctica. En la Proyecciolog\u00eda es muy importante que la persona estudie por un lado y practique por otro, para eso el primer paso es descubrir, identificar y trabajar con sus bioenerg\u00edas individuales. Nosotros conocemos que todo el universo tiene una energ\u00eda que llamamos energ\u00eda inmanente que fluye en todo \u00e9l. Cuando la conciencia lanza sus manos para actuar y movilizar esta energ\u00eda inmanente, nosotros la denominamos energ\u00eda conciencial. Nuestro libro \u00abPROJECCIOLOGIA\u00bb tiene m\u00e1s de 170 nombres, expresiones dentro de la sinonimia para este tipo de energ\u00eda inmanente conciencial. Despu\u00e9s de descubrir y aplicar la energ\u00eda, la persona empieza a hacer todas las pr\u00e1cticas, procesos y t\u00e9cnicas indicadas en el libro de acuerdo con sus posibilidades, temperamento, el cuerpo humano, la biotipolog\u00eda en que se caracteriza la personalidad, sus trabajos, ocupaciones e intereses humanos. Pongamos un ejemplo: una persona que est\u00e1 ocupada en una industria que mata a los animales; cuando esta persona se vaya a proyectar va a tener problemas, porque su trabajo, sus intereses humanos van a acarrear para s\u00ed misma una influencia e impresi\u00f3n interdimensional muy grande. Este ha sido un ejemplo negativo. Un ejemplo positivo: una persona que hace asistencia social en su trabajo, esta persona debe buscar trabajar diecis\u00e9is horas en la vigilia f\u00edsica con su asistencia social y las ocho restantes con la asistencia social interdimensional. Esa persona va a conseguir realizar un trabajo m\u00e1s completo, integral y de consecuencias interdimensionales.<\/p>\n<p style=\"text-align: justify;\"><strong>5\u00aa.\u00a0APC.- \u00bf<\/strong><strong>Es importante el aspecto moral de la persona que desea proyectarse espiritualmente?<\/strong><\/p>\n<p style=\"text-align: justify;\"><strong>Waldo Vieira.-\u00a0<\/strong>El aspecto moral es importante para la conciencia en grupo, es un requisito inevitable en todas sus manifestaciones, en cualquiera de sus condiciones, sea encarnada, desencarnada o proyectada. Mas ahora le sucede que el desarrollo evidente de la proyecci\u00f3n, de la conciencia en una personalidad, solamente se obtiene si \u00e9sta se acerca y profundiza sus pensamientos, emociones e inter\u00e9s dentro de la moral c\u00f3smica, que nosotros denominamos \u00ab<em><strong>cosmo\u00e9tica<\/strong><\/em>\u00ab, que tiene vigencia en todas las dimensiones b\u00e1sicas de la existencia, cuando el principio espiritual est\u00e1 m\u00e1s o menos despierto en este nivel evolutivo que atravesamos hoy. Bas\u00e1ndonos en eso, es pr\u00e1cticamente imposible que la persona vaya a utilizar la proyecci\u00f3n para hacer cosas indebidas e ilegales ante la cosmo\u00e9tica, porque hay un retorno de consecuencias inevitables que son tambi\u00e9n negativas. Entonces, la persona que desea hacer alguna cosa negativa, irreversiblemente cargar\u00e1 con las consecuencias, tarde o temprano. La persona desea hacer la proyecci\u00f3n, mas no lo consigue, porque ella ha cerrado su libre arbitrio interdimensional, su libertad condicionada se torna estricta y ella tiene dificultad para superar sus propios problemas.<\/p>\n<p style=\"text-align: justify;\">Cerrando nuestra entrevista, yo deseo agradecer a todos los amigos de Villena y de las ciudades que comparecieron en Villena durante nuestra estancia, en mi nombre y en el de mis compa\u00f1eros, de mi esposa e hijo que est\u00e1n con nosotros, yo deseo agradecerles todo lo que han hecho, y no sabemos c\u00f3mo vamos a mostrar realmente ese reconocimiento que sentimos. Pretendemos en un futuro donar lo que podamos de material, palabras y todo lo que podamos hacer por los compa\u00f1eros de Villena, en el sentido de que todo ese trabajo, bonito, de presentaci\u00f3n internacional, de trabajo sustancial con ese personal tan eficiente, pueda ser cada vez m\u00e1s amplio, profundo y m\u00e1s feliz para la humanidad, la colectividad, para todos los que participamos de ello. Para todos aquellos que puedan leer estas respuestas, muy agradecido, muchas gracias de nuestra parte.<\/p>\n<p style=\"text-align: justify;\"><strong><em>Entrevista a <a href=\"https:\/\/es.wikipedia.org\/wiki\/Waldo_Vieira\">Waldo Vieira<\/a>, extra\u00edda de la revista Amor, Paz y Caridad &#8211;\u00a0 A\u00f1o VII, septiembre 1988 \u2013 n\u00ba 74, p\u00e1g. 36<\/em><\/strong><\/p>\n","protected":false},"excerpt":{"rendered":"<p>Waldo Vieira (1932-2015) fue m\u00e9dico, investigador y escritor. Fue tambi\u00e9n m\u00e9dium, psicografiando varias obras, algunas conjuntamente con Francisco C\u00e1ndido Xavier durante varios a\u00f1os.\u00a0 A principios de los a\u00f1os 70 se interes\u00f3 por la experiencia extra corporal o proyecci\u00f3n astral, fen\u00f3meno que consider\u00f3 clave para el desarrollo integral de la conciencia. En el verano de 1988 [&hellip;]<\/p>\n","protected":false},"author":10,"featured_media":11745,"comment_status":"open","ping_status":"open","sticky":false,"template":"","format":"standard","meta":{"tdm_status":"","tdm_grid_status":"","footnotes":""},"categories":[4303],"tags":[4649,186,4651,2142,425,4650,2141],"ppma_author":[520],"class_list":{"0":"post-11697","1":"post","2":"type-post","3":"status-publish","4":"format-standard","5":"has-post-thumbnail","7":"category-entrevistas-con-historia","8":"tag-cosmoetica","9":"tag-francisco-candido-xavier","10":"tag-madurez-de-la-conciencia","11":"tag-proyecciologia","12":"tag-psicografia","13":"tag-salida-de-la-conciencia","14":"tag-waldo-vieira"},"yoast_head":"<!-- This site is optimized with the Yoast SEO plugin v27.7 - https:\/\/yoast.com\/product\/yoast-seo-wordpress\/ -->\n<title>ENTREVISTA A WALDO VIEIRA | AMOR, PAZ Y CARIDAD | WALDO V.<\/title>\n<meta name=\"description\" content=\"Waldo Vieira entrevistado por Amor, paz y caridad en el verano de 1988 cuando visit\u00f3 al Grupo de Villena en una gira realizada por nuestro pa\u00eds.\" \/>\n<meta name=\"robots\" content=\"index, follow, max-snippet:-1, max-image-preview:large, max-video-preview:-1\" \/>\n<link rel=\"canonical\" href=\"https:\/\/amorpazy-cp515.wordpresstemporal.com\/amorpazycaridad.es\/entrevista-a-waldo-vieira\/\" \/>\n<meta property=\"og:locale\" content=\"es_ES\" \/>\n<meta property=\"og:type\" content=\"article\" \/>\n<meta property=\"og:title\" content=\"ENTREVISTA A WALDO VIEIRA | AMOR, PAZ Y CARIDAD | WALDO V.\" \/>\n<meta property=\"og:description\" content=\"Waldo Vieira entrevistado por Amor, paz y caridad en el verano de 1988 cuando visit\u00f3 al Grupo de Villena en una gira realizada por nuestro pa\u00eds.\" \/>\n<meta property=\"og:url\" content=\"https:\/\/amorpazy-cp515.wordpresstemporal.com\/amorpazycaridad.es\/entrevista-a-waldo-vieira\/\" \/>\n<meta property=\"og:site_name\" content=\"Amor, paz caridad\" \/>\n<meta property=\"article:publisher\" content=\"http:\/\/www.facebook.com\/pages\/Amor-paz-y-caridad\/1594978604096866\" \/>\n<meta property=\"article:published_time\" content=\"2019-03-29T05:30:55+00:00\" \/>\n<meta property=\"og:image\" content=\"https:\/\/amorpazy-cp515.wordpresstemporal.com\/amorpazycaridad.es\/wp-content\/uploads\/2019\/03\/waldo-vieira.jpg\" \/>\n\t<meta property=\"og:image:width\" content=\"750\" \/>\n\t<meta property=\"og:image:height\" content=\"470\" \/>\n\t<meta property=\"og:image:type\" content=\"image\/jpeg\" \/>\n<meta name=\"author\" content=\"Redaccion revista\" \/>\n<meta name=\"twitter:card\" content=\"summary_large_image\" \/>\n<meta name=\"twitter:creator\" content=\"@amorpazycaridad\" \/>\n<meta name=\"twitter:site\" content=\"@amorpazycaridad\" \/>\n<meta name=\"twitter:label1\" content=\"Escrito por\" \/>\n\t<meta name=\"twitter:data1\" content=\"Redaccion APC\" \/>\n\t<meta name=\"twitter:label2\" content=\"Tiempo de lectura\" \/>\n\t<meta name=\"twitter:data2\" content=\"8 minutos\" \/>\n<script type=\"application\/ld+json\" class=\"yoast-schema-graph\">{\"@context\":\"https:\\\/\\\/schema.org\",\"@graph\":[{\"@type\":\"Article\",\"@id\":\"https:\\\/\\\/amorpazy-cp515.wordpresstemporal.com\\\/amorpazycaridad.es\\\/entrevista-a-waldo-vieira\\\/#article\",\"isPartOf\":{\"@id\":\"https:\\\/\\\/amorpazy-cp515.wordpresstemporal.com\\\/amorpazycaridad.es\\\/entrevista-a-waldo-vieira\\\/\"},\"author\":{\"name\":\"Redaccion APC\",\"@id\":\"https:\\\/\\\/amorpazy-cp515.wordpresstemporal.com\\\/amorpazycaridad.es\\\/#\\\/schema\\\/person\\\/f6b5c8408dab7f2821df157f3b51ce47\"},\"headline\":\"ENTREVISTA A WALDO VIEIRA\",\"datePublished\":\"2019-03-29T05:30:55+00:00\",\"mainEntityOfPage\":{\"@id\":\"https:\\\/\\\/amorpazy-cp515.wordpresstemporal.com\\\/amorpazycaridad.es\\\/entrevista-a-waldo-vieira\\\/\"},\"wordCount\":1647,\"commentCount\":0,\"publisher\":{\"@id\":\"https:\\\/\\\/amorpazy-cp515.wordpresstemporal.com\\\/amorpazycaridad.es\\\/#organization\"},\"image\":{\"@id\":\"https:\\\/\\\/amorpazy-cp515.wordpresstemporal.com\\\/amorpazycaridad.es\\\/entrevista-a-waldo-vieira\\\/#primaryimage\"},\"thumbnailUrl\":\"https:\\\/\\\/amorpazy-cp515.wordpresstemporal.com\\\/amorpazycaridad.es\\\/wp-content\\\/uploads\\\/2019\\\/03\\\/waldo-vieira.jpg\",\"keywords\":[\"Cosmo\u00e9tica\",\"Francisco C\u00e1ndido Xavier\",\"madurez de la conciencia\",\"Proyecciolog\u00eda\",\"Psicograf\u00eda\",\"salida de la conciencia\",\"Waldo Vieira\"],\"articleSection\":[\"Entrevistas con historia\"],\"inLanguage\":\"es\",\"potentialAction\":[{\"@type\":\"CommentAction\",\"name\":\"Comment\",\"target\":[\"https:\\\/\\\/amorpazy-cp515.wordpresstemporal.com\\\/amorpazycaridad.es\\\/entrevista-a-waldo-vieira\\\/#respond\"]}]},{\"@type\":\"WebPage\",\"@id\":\"https:\\\/\\\/amorpazy-cp515.wordpresstemporal.com\\\/amorpazycaridad.es\\\/entrevista-a-waldo-vieira\\\/\",\"url\":\"https:\\\/\\\/amorpazy-cp515.wordpresstemporal.com\\\/amorpazycaridad.es\\\/entrevista-a-waldo-vieira\\\/\",\"name\":\"ENTREVISTA A WALDO VIEIRA | AMOR, PAZ Y CARIDAD | WALDO V.\",\"isPartOf\":{\"@id\":\"https:\\\/\\\/amorpazy-cp515.wordpresstemporal.com\\\/amorpazycaridad.es\\\/#website\"},\"primaryImageOfPage\":{\"@id\":\"https:\\\/\\\/amorpazy-cp515.wordpresstemporal.com\\\/amorpazycaridad.es\\\/entrevista-a-waldo-vieira\\\/#primaryimage\"},\"image\":{\"@id\":\"https:\\\/\\\/amorpazy-cp515.wordpresstemporal.com\\\/amorpazycaridad.es\\\/entrevista-a-waldo-vieira\\\/#primaryimage\"},\"thumbnailUrl\":\"https:\\\/\\\/amorpazy-cp515.wordpresstemporal.com\\\/amorpazycaridad.es\\\/wp-content\\\/uploads\\\/2019\\\/03\\\/waldo-vieira.jpg\",\"datePublished\":\"2019-03-29T05:30:55+00:00\",\"description\":\"Waldo Vieira entrevistado por Amor, paz y caridad en el verano de 1988 cuando visit\u00f3 al Grupo de Villena en una gira realizada por nuestro pa\u00eds.\",\"breadcrumb\":{\"@id\":\"https:\\\/\\\/amorpazy-cp515.wordpresstemporal.com\\\/amorpazycaridad.es\\\/entrevista-a-waldo-vieira\\\/#breadcrumb\"},\"inLanguage\":\"es\",\"potentialAction\":[{\"@type\":\"ReadAction\",\"target\":[\"https:\\\/\\\/amorpazy-cp515.wordpresstemporal.com\\\/amorpazycaridad.es\\\/entrevista-a-waldo-vieira\\\/\"]}]},{\"@type\":\"ImageObject\",\"inLanguage\":\"es\",\"@id\":\"https:\\\/\\\/amorpazy-cp515.wordpresstemporal.com\\\/amorpazycaridad.es\\\/entrevista-a-waldo-vieira\\\/#primaryimage\",\"url\":\"https:\\\/\\\/amorpazy-cp515.wordpresstemporal.com\\\/amorpazycaridad.es\\\/wp-content\\\/uploads\\\/2019\\\/03\\\/waldo-vieira.jpg\",\"contentUrl\":\"https:\\\/\\\/amorpazy-cp515.wordpresstemporal.com\\\/amorpazycaridad.es\\\/wp-content\\\/uploads\\\/2019\\\/03\\\/waldo-vieira.jpg\",\"width\":750,\"height\":470,\"caption\":\"Waldo Vieira firmando en el libro de visitas del Grupo Villena durante su visita en 1988.\"},{\"@type\":\"BreadcrumbList\",\"@id\":\"https:\\\/\\\/amorpazy-cp515.wordpresstemporal.com\\\/amorpazycaridad.es\\\/entrevista-a-waldo-vieira\\\/#breadcrumb\",\"itemListElement\":[{\"@type\":\"ListItem\",\"position\":1,\"name\":\"Portada\",\"item\":\"https:\\\/\\\/amorpazy-cp515.wordpresstemporal.com\\\/amorpazycaridad.es\\\/\"},{\"@type\":\"ListItem\",\"position\":2,\"name\":\"ENTREVISTA A WALDO VIEIRA\"}]},{\"@type\":\"WebSite\",\"@id\":\"https:\\\/\\\/amorpazy-cp515.wordpresstemporal.com\\\/amorpazycaridad.es\\\/#website\",\"url\":\"https:\\\/\\\/amorpazy-cp515.wordpresstemporal.com\\\/amorpazycaridad.es\\\/\",\"name\":\"Amor, paz caridad\",\"description\":\"Conocimiento espiritual, espiritismo, espiritualismo, leyes universales, m\u00e1s all\u00e1, vida despu\u00e9s de la vida,\",\"publisher\":{\"@id\":\"https:\\\/\\\/amorpazy-cp515.wordpresstemporal.com\\\/amorpazycaridad.es\\\/#organization\"},\"potentialAction\":[{\"@type\":\"SearchAction\",\"target\":{\"@type\":\"EntryPoint\",\"urlTemplate\":\"https:\\\/\\\/amorpazy-cp515.wordpresstemporal.com\\\/amorpazycaridad.es\\\/?s={search_term_string}\"},\"query-input\":{\"@type\":\"PropertyValueSpecification\",\"valueRequired\":true,\"valueName\":\"search_term_string\"}}],\"inLanguage\":\"es\"},{\"@type\":\"Organization\",\"@id\":\"https:\\\/\\\/amorpazy-cp515.wordpresstemporal.com\\\/amorpazycaridad.es\\\/#organization\",\"name\":\"Asociaci\u00f3n de Estudios Espirituales Grupo Villena\",\"url\":\"https:\\\/\\\/amorpazy-cp515.wordpresstemporal.com\\\/amorpazycaridad.es\\\/\",\"logo\":{\"@type\":\"ImageObject\",\"inLanguage\":\"es\",\"@id\":\"https:\\\/\\\/amorpazy-cp515.wordpresstemporal.com\\\/amorpazycaridad.es\\\/#\\\/schema\\\/logo\\\/image\\\/\",\"url\":\"https:\\\/\\\/amorpazycaridad.es\\\/wp-content\\\/uploads\\\/2015\\\/01\\\/logo-fav-e1420247830294.jpg\",\"contentUrl\":\"https:\\\/\\\/amorpazycaridad.es\\\/wp-content\\\/uploads\\\/2015\\\/01\\\/logo-fav-e1420247830294.jpg\",\"width\":144,\"height\":144,\"caption\":\"Asociaci\u00f3n de Estudios Espirituales Grupo Villena\"},\"image\":{\"@id\":\"https:\\\/\\\/amorpazy-cp515.wordpresstemporal.com\\\/amorpazycaridad.es\\\/#\\\/schema\\\/logo\\\/image\\\/\"},\"sameAs\":[\"http:\\\/\\\/www.facebook.com\\\/pages\\\/Amor-paz-y-caridad\\\/1594978604096866\",\"https:\\\/\\\/x.com\\\/amorpazycaridad\",\"https:\\\/\\\/es.pinterest.com\\\/amorpazycaridad\\\/\",\"https:\\\/\\\/www.youtube.com\\\/channel\\\/UC1GvDIDCLoL02SzOD7NJdrA\"]},{\"@type\":\"Person\",\"@id\":\"https:\\\/\\\/amorpazy-cp515.wordpresstemporal.com\\\/amorpazycaridad.es\\\/#\\\/schema\\\/person\\\/f6b5c8408dab7f2821df157f3b51ce47\",\"name\":\"Redaccion APC\",\"image\":{\"@type\":\"ImageObject\",\"inLanguage\":\"es\",\"@id\":\"https:\\\/\\\/amorpazycaridad.es\\\/wp-content\\\/uploads\\\/2015\\\/01\\\/icono-114-96x96.jpg73ca1ff604f9e7c7607bbbfa84b61c44\",\"url\":\"https:\\\/\\\/amorpazycaridad.es\\\/wp-content\\\/uploads\\\/2015\\\/01\\\/icono-114-96x96.jpg\",\"contentUrl\":\"https:\\\/\\\/amorpazycaridad.es\\\/wp-content\\\/uploads\\\/2015\\\/01\\\/icono-114-96x96.jpg\",\"caption\":\"Redaccion APC\"},\"sameAs\":[\"http:\\\/\\\/www.amorpazycaridad.com\"],\"url\":\"https:\\\/\\\/amorpazy-cp515.wordpresstemporal.com\\\/amorpazycaridad.es\\\/author\\\/redaccion-revista\\\/\"}]}<\/script>\n<!-- \/ Yoast SEO plugin. -->","yoast_head_json":{"title":"ENTREVISTA A WALDO VIEIRA | AMOR, PAZ Y CARIDAD | WALDO V.","description":"Waldo Vieira entrevistado por Amor, paz y caridad en el verano de 1988 cuando visit\u00f3 al Grupo de Villena en una gira realizada por nuestro pa\u00eds.","robots":{"index":"index","follow":"follow","max-snippet":"max-snippet:-1","max-image-preview":"max-image-preview:large","max-video-preview":"max-video-preview:-1"},"canonical":"https:\/\/amorpazy-cp515.wordpresstemporal.com\/amorpazycaridad.es\/entrevista-a-waldo-vieira\/","og_locale":"es_ES","og_type":"article","og_title":"ENTREVISTA A WALDO VIEIRA | AMOR, PAZ Y CARIDAD | WALDO V.","og_description":"Waldo Vieira entrevistado por Amor, paz y caridad en el verano de 1988 cuando visit\u00f3 al Grupo de Villena en una gira realizada por nuestro pa\u00eds.","og_url":"https:\/\/amorpazy-cp515.wordpresstemporal.com\/amorpazycaridad.es\/entrevista-a-waldo-vieira\/","og_site_name":"Amor, paz caridad","article_publisher":"http:\/\/www.facebook.com\/pages\/Amor-paz-y-caridad\/1594978604096866","article_published_time":"2019-03-29T05:30:55+00:00","og_image":[{"width":750,"height":470,"url":"https:\/\/amorpazy-cp515.wordpresstemporal.com\/amorpazycaridad.es\/wp-content\/uploads\/2019\/03\/waldo-vieira.jpg","type":"image\/jpeg"}],"author":"Redaccion revista","twitter_card":"summary_large_image","twitter_creator":"@amorpazycaridad","twitter_site":"@amorpazycaridad","twitter_misc":{"Escrito por":"Redaccion APC","Tiempo de lectura":"8 minutos"},"schema":{"@context":"https:\/\/schema.org","@graph":[{"@type":"Article","@id":"https:\/\/amorpazy-cp515.wordpresstemporal.com\/amorpazycaridad.es\/entrevista-a-waldo-vieira\/#article","isPartOf":{"@id":"https:\/\/amorpazy-cp515.wordpresstemporal.com\/amorpazycaridad.es\/entrevista-a-waldo-vieira\/"},"author":{"name":"Redaccion APC","@id":"https:\/\/amorpazy-cp515.wordpresstemporal.com\/amorpazycaridad.es\/#\/schema\/person\/f6b5c8408dab7f2821df157f3b51ce47"},"headline":"ENTREVISTA A WALDO VIEIRA","datePublished":"2019-03-29T05:30:55+00:00","mainEntityOfPage":{"@id":"https:\/\/amorpazy-cp515.wordpresstemporal.com\/amorpazycaridad.es\/entrevista-a-waldo-vieira\/"},"wordCount":1647,"commentCount":0,"publisher":{"@id":"https:\/\/amorpazy-cp515.wordpresstemporal.com\/amorpazycaridad.es\/#organization"},"image":{"@id":"https:\/\/amorpazy-cp515.wordpresstemporal.com\/amorpazycaridad.es\/entrevista-a-waldo-vieira\/#primaryimage"},"thumbnailUrl":"https:\/\/amorpazy-cp515.wordpresstemporal.com\/amorpazycaridad.es\/wp-content\/uploads\/2019\/03\/waldo-vieira.jpg","keywords":["Cosmo\u00e9tica","Francisco C\u00e1ndido Xavier","madurez de la conciencia","Proyecciolog\u00eda","Psicograf\u00eda","salida de la conciencia","Waldo Vieira"],"articleSection":["Entrevistas con historia"],"inLanguage":"es","potentialAction":[{"@type":"CommentAction","name":"Comment","target":["https:\/\/amorpazy-cp515.wordpresstemporal.com\/amorpazycaridad.es\/entrevista-a-waldo-vieira\/#respond"]}]},{"@type":"WebPage","@id":"https:\/\/amorpazy-cp515.wordpresstemporal.com\/amorpazycaridad.es\/entrevista-a-waldo-vieira\/","url":"https:\/\/amorpazy-cp515.wordpresstemporal.com\/amorpazycaridad.es\/entrevista-a-waldo-vieira\/","name":"ENTREVISTA A WALDO VIEIRA | AMOR, PAZ Y CARIDAD | WALDO V.","isPartOf":{"@id":"https:\/\/amorpazy-cp515.wordpresstemporal.com\/amorpazycaridad.es\/#website"},"primaryImageOfPage":{"@id":"https:\/\/amorpazy-cp515.wordpresstemporal.com\/amorpazycaridad.es\/entrevista-a-waldo-vieira\/#primaryimage"},"image":{"@id":"https:\/\/amorpazy-cp515.wordpresstemporal.com\/amorpazycaridad.es\/entrevista-a-waldo-vieira\/#primaryimage"},"thumbnailUrl":"https:\/\/amorpazy-cp515.wordpresstemporal.com\/amorpazycaridad.es\/wp-content\/uploads\/2019\/03\/waldo-vieira.jpg","datePublished":"2019-03-29T05:30:55+00:00","description":"Waldo Vieira entrevistado por Amor, paz y caridad en el verano de 1988 cuando visit\u00f3 al Grupo de Villena en una gira realizada por nuestro pa\u00eds.","breadcrumb":{"@id":"https:\/\/amorpazy-cp515.wordpresstemporal.com\/amorpazycaridad.es\/entrevista-a-waldo-vieira\/#breadcrumb"},"inLanguage":"es","potentialAction":[{"@type":"ReadAction","target":["https:\/\/amorpazy-cp515.wordpresstemporal.com\/amorpazycaridad.es\/entrevista-a-waldo-vieira\/"]}]},{"@type":"ImageObject","inLanguage":"es","@id":"https:\/\/amorpazy-cp515.wordpresstemporal.com\/amorpazycaridad.es\/entrevista-a-waldo-vieira\/#primaryimage","url":"https:\/\/amorpazy-cp515.wordpresstemporal.com\/amorpazycaridad.es\/wp-content\/uploads\/2019\/03\/waldo-vieira.jpg","contentUrl":"https:\/\/amorpazy-cp515.wordpresstemporal.com\/amorpazycaridad.es\/wp-content\/uploads\/2019\/03\/waldo-vieira.jpg","width":750,"height":470,"caption":"Waldo Vieira firmando en el libro de visitas del Grupo Villena durante su visita en 1988."},{"@type":"BreadcrumbList","@id":"https:\/\/amorpazy-cp515.wordpresstemporal.com\/amorpazycaridad.es\/entrevista-a-waldo-vieira\/#breadcrumb","itemListElement":[{"@type":"ListItem","position":1,"name":"Portada","item":"https:\/\/amorpazy-cp515.wordpresstemporal.com\/amorpazycaridad.es\/"},{"@type":"ListItem","position":2,"name":"ENTREVISTA A WALDO VIEIRA"}]},{"@type":"WebSite","@id":"https:\/\/amorpazy-cp515.wordpresstemporal.com\/amorpazycaridad.es\/#website","url":"https:\/\/amorpazy-cp515.wordpresstemporal.com\/amorpazycaridad.es\/","name":"Amor, paz caridad","description":"Conocimiento espiritual, espiritismo, espiritualismo, leyes universales, m\u00e1s all\u00e1, vida despu\u00e9s de la vida,","publisher":{"@id":"https:\/\/amorpazy-cp515.wordpresstemporal.com\/amorpazycaridad.es\/#organization"},"potentialAction":[{"@type":"SearchAction","target":{"@type":"EntryPoint","urlTemplate":"https:\/\/amorpazy-cp515.wordpresstemporal.com\/amorpazycaridad.es\/?s={search_term_string}"},"query-input":{"@type":"PropertyValueSpecification","valueRequired":true,"valueName":"search_term_string"}}],"inLanguage":"es"},{"@type":"Organization","@id":"https:\/\/amorpazy-cp515.wordpresstemporal.com\/amorpazycaridad.es\/#organization","name":"Asociaci\u00f3n de Estudios Espirituales Grupo Villena","url":"https:\/\/amorpazy-cp515.wordpresstemporal.com\/amorpazycaridad.es\/","logo":{"@type":"ImageObject","inLanguage":"es","@id":"https:\/\/amorpazy-cp515.wordpresstemporal.com\/amorpazycaridad.es\/#\/schema\/logo\/image\/","url":"https:\/\/amorpazycaridad.es\/wp-content\/uploads\/2015\/01\/logo-fav-e1420247830294.jpg","contentUrl":"https:\/\/amorpazycaridad.es\/wp-content\/uploads\/2015\/01\/logo-fav-e1420247830294.jpg","width":144,"height":144,"caption":"Asociaci\u00f3n de Estudios Espirituales Grupo Villena"},"image":{"@id":"https:\/\/amorpazy-cp515.wordpresstemporal.com\/amorpazycaridad.es\/#\/schema\/logo\/image\/"},"sameAs":["http:\/\/www.facebook.com\/pages\/Amor-paz-y-caridad\/1594978604096866","https:\/\/x.com\/amorpazycaridad","https:\/\/es.pinterest.com\/amorpazycaridad\/","https:\/\/www.youtube.com\/channel\/UC1GvDIDCLoL02SzOD7NJdrA"]},{"@type":"Person","@id":"https:\/\/amorpazy-cp515.wordpresstemporal.com\/amorpazycaridad.es\/#\/schema\/person\/f6b5c8408dab7f2821df157f3b51ce47","name":"Redaccion APC","image":{"@type":"ImageObject","inLanguage":"es","@id":"https:\/\/amorpazycaridad.es\/wp-content\/uploads\/2015\/01\/icono-114-96x96.jpg73ca1ff604f9e7c7607bbbfa84b61c44","url":"https:\/\/amorpazycaridad.es\/wp-content\/uploads\/2015\/01\/icono-114-96x96.jpg","contentUrl":"https:\/\/amorpazycaridad.es\/wp-content\/uploads\/2015\/01\/icono-114-96x96.jpg","caption":"Redaccion APC"},"sameAs":["http:\/\/www.amorpazycaridad.com"],"url":"https:\/\/amorpazy-cp515.wordpresstemporal.com\/amorpazycaridad.es\/author\/redaccion-revista\/"}]}},"authors":[{"term_id":520,"user_id":0,"is_guest":1,"slug":"cap-redaccion-revista","display_name":"Redaccion revista","avatar_url":"https:\/\/secure.gravatar.com\/avatar\/?s=96&d=mm&r=g","0":null,"1":"","2":"","3":"","4":"","5":"","6":"","7":"","8":""}],"_links":{"self":[{"href":"https:\/\/amorpazy-cp515.wordpresstemporal.com\/amorpazycaridad.es\/wp-json\/wp\/v2\/posts\/11697","targetHints":{"allow":["GET"]}}],"collection":[{"href":"https:\/\/amorpazy-cp515.wordpresstemporal.com\/amorpazycaridad.es\/wp-json\/wp\/v2\/posts"}],"about":[{"href":"https:\/\/amorpazy-cp515.wordpresstemporal.com\/amorpazycaridad.es\/wp-json\/wp\/v2\/types\/post"}],"author":[{"embeddable":true,"href":"https:\/\/amorpazy-cp515.wordpresstemporal.com\/amorpazycaridad.es\/wp-json\/wp\/v2\/users\/10"}],"replies":[{"embeddable":true,"href":"https:\/\/amorpazy-cp515.wordpresstemporal.com\/amorpazycaridad.es\/wp-json\/wp\/v2\/comments?post=11697"}],"version-history":[{"count":6,"href":"https:\/\/amorpazy-cp515.wordpresstemporal.com\/amorpazycaridad.es\/wp-json\/wp\/v2\/posts\/11697\/revisions"}],"predecessor-version":[{"id":11741,"href":"https:\/\/amorpazy-cp515.wordpresstemporal.com\/amorpazycaridad.es\/wp-json\/wp\/v2\/posts\/11697\/revisions\/11741"}],"wp:featuredmedia":[{"embeddable":true,"href":"https:\/\/amorpazy-cp515.wordpresstemporal.com\/amorpazycaridad.es\/wp-json\/wp\/v2\/media\/11745"}],"wp:attachment":[{"href":"https:\/\/amorpazy-cp515.wordpresstemporal.com\/amorpazycaridad.es\/wp-json\/wp\/v2\/media?parent=11697"}],"wp:term":[{"taxonomy":"category","embeddable":true,"href":"https:\/\/amorpazy-cp515.wordpresstemporal.com\/amorpazycaridad.es\/wp-json\/wp\/v2\/categories?post=11697"},{"taxonomy":"post_tag","embeddable":true,"href":"https:\/\/amorpazy-cp515.wordpresstemporal.com\/amorpazycaridad.es\/wp-json\/wp\/v2\/tags?post=11697"},{"taxonomy":"author","embeddable":true,"href":"https:\/\/amorpazy-cp515.wordpresstemporal.com\/amorpazycaridad.es\/wp-json\/wp\/v2\/ppma_author?post=11697"}],"curies":[{"name":"wp","href":"https:\/\/api.w.org\/{rel}","templated":true}]}}