{"id":10834,"date":"2018-12-17T06:30:31","date_gmt":"2018-12-17T05:30:31","guid":{"rendered":"https:\/\/amorpazycaridad.es\/?p=10750"},"modified":"2020-01-01T15:33:48","modified_gmt":"2020-01-01T14:33:48","slug":"la-gratitud-fuente-de-alegria","status":"publish","type":"post","link":"https:\/\/amorpazy-cp515.wordpresstemporal.com\/amorpazycaridad.es\/la-gratitud-fuente-de-alegria\/","title":{"rendered":"LA GRATITUD FUENTE DE ALEGR\u00cdA"},"content":{"rendered":"<p style=\"text-align: justify;\"><i>En el Libro de los Esp\u00edritus podemos leer: <\/i><\/p>\n<p style=\"text-align: justify;\"><i>937\u2013 Los desenga\u00f1os que nos hacen experimentar la ingratitud y la fragilidad de los lazos de la amistad, \u00bfno son tambi\u00e9n para el hombre de coraz\u00f3n origen de amargura?<\/i><\/p>\n<p style=\"text-align: justify;\">\u2013 <strong><i>S\u00ed; pero nosotros os ense\u00f1amos que sint\u00e1is l\u00e1stima por los ingratos y a los amigos infieles, porque ser\u00e1n m\u00e1s desgraciados que vosotros. La ingratitud es hija del ego\u00edsmo, y el ego\u00edsta \u00a0ha de encontrar m\u00e1s tarde corazones insensibles, como \u00e9l mismo lo fue. Pensad en todos aquellos que realizaron m\u00e1s suma de bien que vosotros, que m\u00e1s que vosotros valieron y a quienes se pag\u00f3 con el desagradecimiento. Pensad que Jes\u00fas mismo en la tierra fue escarnecido y despreciado, tratado de embaucador e impostor, y no os \u00a0asombr\u00e9is que os suceda lo propio. Que el bien que hab\u00e9is hecho sea vuestra recompensa en el mundo, y no tom\u00e9is en consideraci\u00f3n lo que digan de \u00e9l, quienes lo recibieron. La ingratitud representa una prueba para vuestra persistencia en realizar el bien. Se os tendr\u00e1 en cuenta y los que os han negado ser\u00e1n castigados, tanto m\u00e1s, cuanto mayor haya sido su desagradecimiento. <\/i><\/strong><\/p>\n<p style=\"text-align: right;\">El Libro de los Esp\u00edritus<\/p>\n<p style=\"text-align: justify;\">La ingratitud, hija del ego\u00edsmo, junto al orgullo y la envidia, forman una nube que impide ver todo lo que el Padre, en su infinito amor, pone a nuestra disposici\u00f3n. Adem\u00e1s, olvida o ignora con facilidad las acciones de buena voluntad y de ayuda que se le ofrecen, mostrando no solo indiferencia sino una actitud de autosuficiencia que puede herir la sensibilidad de los dem\u00e1s. Tampoco es capaz de ponerse en el lugar del otro, pues carece de la necesaria empat\u00eda. Las expresiones \u201cpor favor\u201d, \u201cgracias\u201d o \u201cperd\u00f3n\u201d, no viven dentro de su vocabulario.<\/p>\n<p style=\"text-align: justify;\">Esta conducta nociva desprecia todo el m\u00e9rito de las acciones ajenas, ya que demuestra que solo se piensa en las necesidades personales y en uno mismo, sin prestar atenci\u00f3n a lo que se recibe, incapaces de ser agradecidos ante un acto solidario, un buen consejo o una correcci\u00f3n fraterna que puedan recibir. Es m\u00e1s, no solo no aprecian lo que se hace por ellos, sino todo lo contrario, pueden llegar a creer que es su derecho.<\/p>\n<p style=\"text-align: justify;\">Esa ingratitud hace incluso olvidar el origen de los parabienes recibidos, sean en forma de sugerencias, colaboraciones o soluciones a conflictos, adue\u00f1\u00e1ndose de todo el m\u00e9rito. El ingrato piensa que merece toda la ayuda recibida.<\/p>\n<p style=\"text-align: justify;\">Adem\u00e1s, como somos seres imperfectos, cualquier ofensa o menoscabo que nos pudieran hacer es m\u00e1s f\u00e1cil que se nos queden grabados a fuego, y que este recuerdo nos influya en el comportamiento hacia aquellos que nos lo infringieron; por el contrario, cualquier acto de ayuda o apoyo que nos puedan brindar nos resulta muy f\u00e1cil apartarlo de nuestro pensamiento. Por eso Lope de Vega dec\u00eda: <strong>\u201cEl bien que se escribe en agua y el mal que se talla en piedra\u201d<\/strong>.<\/p>\n<p style=\"text-align: justify;\">Tambi\u00e9n en la educaci\u00f3n queda plasmado en ocasiones el exceso de amor propio que muchos padres llevan en su interior. Educan a sus hijos con un exceso de premios, de alabanzas, sin poner en valor aquello que reciben los peque\u00f1os o j\u00f3venes, a veces ganado con mucho esfuerzo. Les inculcan err\u00f3neamente que todo lo que se les brinda es un derecho natural, y que les corresponde por ser quienes son, eliminando toda posibilidad de valorizaci\u00f3n y agradecimiento.<\/p>\n<p style=\"text-align: justify;\">Estas actitudes de desapego, queja, indiferencia, altaner\u00eda\u2026 muestran un esp\u00edritu con poco amor que dar. Consiguen que cada vez su coraz\u00f3n se vaya helando, creando una barrera infranqueable hacia los dem\u00e1s. Pero el transcurrir del tiempo y la experiencia le ir\u00e1n mostrando que ese no es el camino, y esa barrera que levant\u00f3 tendr\u00e1 que ir derrumb\u00e1ndola poco a poco.<\/p>\n<p style=\"text-align: justify;\">As\u00ed ir\u00e1 apareciendo la gratitud, que es un sentimiento que no nace de repente, requiere un trabajo interior diario; ser\u00e1 la consecuencia del desarrollo de un conjunto de valores \u00e9ticos que rigen nuestros comportamientos, que nos ense\u00f1an a discernir el bien del mal.<\/p>\n<p style=\"text-align: justify;\">La gratitud carga de sentido a los verbos <strong>dar<\/strong> y <strong>recibir.<\/strong><\/p>\n<p style=\"text-align: justify;\">El diccionario define agradecer como el sentimiento de estima y reconocimiento que una persona tiene hacia quien le ha hecho un favor o prestado un servicio, por el cual desea corresponderle. Y esa gratitud la podemos manifestar tanto a las personas como a la Divinidad.<\/p>\n<p style=\"text-align: justify;\">Mientras m\u00e1s desarrollemos esta virtud, m\u00e1s nos acercaremos a cualidades como la alegr\u00eda, esperanza, bondad, generosidad, indulgencia\u2026 por lo tanto, el ego\u00edsmo, as\u00ed como el orgullo, teniendo mucho o poco, ir\u00e1n debilit\u00e1ndose hasta desaparecer.<\/p>\n<div class=\"content-box-blue\">\n<p style=\"text-align: justify;\"><strong><br \/>\n\u201cLa gratitud no solo es la m\u00e1s grande de las virtudes, sino que engendra todas las dem\u00e1s\u201d<\/strong>.<\/p>\n<p style=\"text-align: right;\"><a href=\"https:\/\/es.wikipedia.org\/wiki\/Cicer%C3%B3n\"><strong>Cicer\u00f3n<\/strong><\/a><\/p>\n<\/div>\n<p style=\"text-align: justify;\">Los seres humanos nos necesitamos los unos de los otros para poder realizarnos como personas. Nos enfrentamos a multitud de pruebas y obst\u00e1culos, y en esas vicisitudes generalmente necesitamos apoyarnos en alguien, una mano amiga que nos asista, y en esos actos sientes el valor incalculable de la ayuda prestada de forma desinteresada.<\/p>\n<p style=\"text-align: justify;\">No somos autosuficientes, en absoluto. Precisamos de las relaciones de colaboraci\u00f3n mutua, y en ese marco de solidaridad va surgiendo la gratitud, alejando, por el contrario, actitudes de enfrentamiento que tanto da\u00f1o pueden hacer. Este sentimiento permite tambi\u00e9n captar lo mejor de la otra persona, valorarla y apoyarla.<\/p>\n<p style=\"text-align: justify;\">El alma agradecida te hace ver las cosas con optimismo, actitud que nos ayuda a mantener y fortalecer las relaciones establecidas y nos estimula para crear otras nuevas que nos enriquecer\u00e1n igualmente. Tambi\u00e9n impulsa la fuerza del pensamiento positivo, que permite desarrollar la ilusi\u00f3n y la confianza en nosotros y en el porvenir.<\/p>\n<p style=\"text-align: justify;\">Tambi\u00e9n nos desarrolla la capacidad del trabajo, volvi\u00e9ndonos m\u00e1s perceptivos a las necesidades de nuestro pr\u00f3jimo, como por ejemplo, hacernos entender de qu\u00e9 forma podemos honrar a nuestros padres. Esa cualidad hace que, cuando ellos se hagan mayores, no los sintamos como una carga sino como un deber llevado con alegr\u00eda.<\/p>\n<p style=\"text-align: justify;\">Nos permite entender que las personas que nos aman se han preocupado por nosotros, han hecho sacrificios y esfuerzos para darnos en cada momento lo que necesit\u00e1bamos, sin pedir nada a cambio, tan solo por la alegr\u00eda de vernos bien.<\/p>\n<p style=\"text-align: justify;\">Si aprendemos de los que nos aman y llevamos esa ense\u00f1anza a la acci\u00f3n, nos volvemos \u00fatiles a la sociedad, y si lo hacemos un h\u00e1bito en nuestro d\u00eda a d\u00eda, conseguiremos ser m\u00e1s optimistas, lo que nos llevar\u00e1 a alejar de nosotros el estr\u00e9s, la ansiedad, la depresi\u00f3n\u2026 y conseguiremos el equilibrio necesario para conseguir la alegr\u00eda y la felicidad.<\/p>\n<p style=\"text-align: justify;\">Todas las pruebas de la vida tienen un porqu\u00e9 y un para qu\u00e9, en nuestro adelantamiento moral, la mayor\u00eda de las cuales fueron programadas antes de nacer y las aceptamos\u00a0 libremente. Debemos agradecer todo el bien y el mal que nos ocurre. Cuando nos enfrentamos a las dificultades y entendemos que detr\u00e1s del sufrimiento, del dolor, hay una ense\u00f1anza, nos sensibilizamos y nos hacen ser mejores personas, volvi\u00e9ndonos m\u00e1s comprensivos con el sufrimiento ajeno y consiguiendo encontrar, en toda situaci\u00f3n mala, lo bueno que tiene.<\/p>\n<p style=\"text-align: justify;\">Es bajo la amarra de la adversidad como surge la causa m\u00e1s profunda que nos ense\u00f1a a agradecer lo bueno y lo malo que vivimos; es cuando verdaderamente nos acordamos de Aqu\u00e9l que realmente nos puede ayudar, poni\u00e9ndonos en sus manos y orando para que nos llegue su ayuda.<\/p>\n<p style=\"text-align: justify;\">Porque el verdadero da\u00f1o que nos podemos hacer es despreciar las oportunidades de crecimiento y no querer ser conscientes de por qu\u00e9 nos ocurre. Seamos d\u00f3ciles ante las adversidades y no dejemos que la incomprensi\u00f3n o la rebeld\u00eda nos vuelva ingratos, pues estas taras no nos dejan ver la realidad y nos vuelven ego\u00edstas.<\/p>\n<p style=\"text-align: justify;\">El conocimiento espiritual y la exploraci\u00f3n de nuestro interior nos puede ayudar a situarnos mejor en el concierto social que nos ha tocado vivir. Nos necesitamos los unos a los otros, y hemos de saber descubrir nuestras potencialidades, pero desde el reconocimiento de la grandeza que tambi\u00e9n existe en los dem\u00e1s.<\/p>\n<p style=\"text-align: justify;\">Por eso, si el agradecimiento es propio del conocimiento de quien ha vivido mucho, \u00a1qu\u00e9 bueno es acabar el d\u00eda agradeciendo todo lo que recibimos!<\/p>\n<div class=\"content-box-blue\">\n<p style=\"text-align: justify;\"><strong>\u201cLa gratitud se da cuando la memoria se almacena en el coraz\u00f3n y no en la mente\u201d<\/strong>.<\/p>\n<p style=\"text-align: right;\"><strong><a href=\"https:\/\/es.wikipedia.org\/wiki\/Lionel_Hampton\">Lionel Hampton<\/a><\/strong><\/p>\n<\/div>\n<p>&nbsp;<\/p>\n<p>&nbsp;<\/p>\n<p style=\"text-align: right;\"><strong>La gratitud fuente de alegr\u00eda por:\u00a0 <\/strong><a href=\"https:\/\/amorpazycaridad.es\/author\/gloria\/\"><strong>Gloria Quel<\/strong><\/a><\/p>\n<p style=\"text-align: right;\"><i>\u00a9 Amor, Paz y Caridad, 2018<\/i><\/p>\n","protected":false},"excerpt":{"rendered":"<p>En el Libro de los Esp\u00edritus podemos leer: 937\u2013 Los desenga\u00f1os que nos hacen experimentar la ingratitud y la fragilidad de los lazos de la amistad, \u00bfno son tambi\u00e9n para el hombre de coraz\u00f3n origen de amargura? \u2013 S\u00ed; pero nosotros os ense\u00f1amos que sint\u00e1is l\u00e1stima por los ingratos y a los amigos infieles, porque [&hellip;]<\/p>\n","protected":false},"author":103,"featured_media":10756,"comment_status":"open","ping_status":"open","sticky":false,"template":"","format":"standard","meta":{"tdm_status":"","tdm_grid_status":"","footnotes":""},"categories":[2303],"tags":[896,70,4489,190,3766,553],"ppma_author":[2317],"class_list":{"0":"post-10834","1":"post","2":"type-post","3":"status-publish","4":"format-standard","5":"has-post-thumbnail","7":"category-trabajo-interior","8":"tag-alegria","9":"tag-amor-2","10":"tag-dar-y-recibir","11":"tag-gratitud","12":"tag-ingratitud","13":"tag-virtudes"},"yoast_head":"<!-- This site is optimized with the Yoast SEO plugin v27.7 - https:\/\/yoast.com\/product\/yoast-seo-wordpress\/ -->\n<title>LA GRATITUD FUENTE DE ALEGR\u00cdA | AMOR, PAZ Y CARIDAD |<\/title>\n<meta name=\"description\" content=\"La gratitud fuente de alegr\u00eda. La RAE define agradecer como el sentimiento de estima y reconocimiento que una persona tiene hacia quien le ha hecho un favor\" \/>\n<meta name=\"robots\" content=\"index, follow, max-snippet:-1, max-image-preview:large, max-video-preview:-1\" \/>\n<link rel=\"canonical\" href=\"https:\/\/amorpazy-cp515.wordpresstemporal.com\/amorpazycaridad.es\/la-gratitud-fuente-de-alegria\/\" \/>\n<meta property=\"og:locale\" content=\"es_ES\" \/>\n<meta property=\"og:type\" content=\"article\" \/>\n<meta property=\"og:title\" content=\"LA GRATITUD FUENTE DE ALEGR\u00cdA | AMOR, PAZ Y CARIDAD |\" \/>\n<meta property=\"og:description\" content=\"La gratitud fuente de alegr\u00eda. La RAE define agradecer como el sentimiento de estima y reconocimiento que una persona tiene hacia quien le ha hecho un favor\" \/>\n<meta property=\"og:url\" content=\"https:\/\/amorpazy-cp515.wordpresstemporal.com\/amorpazycaridad.es\/la-gratitud-fuente-de-alegria\/\" \/>\n<meta property=\"og:site_name\" content=\"Amor, paz caridad\" \/>\n<meta property=\"article:publisher\" content=\"http:\/\/www.facebook.com\/pages\/Amor-paz-y-caridad\/1594978604096866\" \/>\n<meta property=\"article:published_time\" content=\"2018-12-17T05:30:31+00:00\" \/>\n<meta property=\"article:modified_time\" content=\"2020-01-01T14:33:48+00:00\" \/>\n<meta property=\"og:image\" content=\"https:\/\/amorpazy-cp515.wordpresstemporal.com\/amorpazycaridad.es\/wp-content\/uploads\/2018\/12\/Gratitud.png\" \/>\n\t<meta property=\"og:image:width\" content=\"750\" \/>\n\t<meta property=\"og:image:height\" content=\"350\" \/>\n\t<meta property=\"og:image:type\" content=\"image\/png\" \/>\n<meta name=\"author\" content=\"Gloria\" \/>\n<meta name=\"twitter:card\" content=\"summary_large_image\" \/>\n<meta name=\"twitter:creator\" content=\"@amorpazycaridad\" \/>\n<meta name=\"twitter:site\" content=\"@amorpazycaridad\" \/>\n<meta name=\"twitter:label1\" content=\"Escrito por\" \/>\n\t<meta name=\"twitter:data1\" content=\"Gloria Quel\" \/>\n\t<meta name=\"twitter:label2\" content=\"Tiempo de lectura\" \/>\n\t<meta name=\"twitter:data2\" content=\"7 minutos\" \/>\n<script type=\"application\/ld+json\" class=\"yoast-schema-graph\">{\"@context\":\"https:\\\/\\\/schema.org\",\"@graph\":[{\"@type\":\"Article\",\"@id\":\"https:\\\/\\\/amorpazy-cp515.wordpresstemporal.com\\\/amorpazycaridad.es\\\/la-gratitud-fuente-de-alegria\\\/#article\",\"isPartOf\":{\"@id\":\"https:\\\/\\\/amorpazy-cp515.wordpresstemporal.com\\\/amorpazycaridad.es\\\/la-gratitud-fuente-de-alegria\\\/\"},\"author\":{\"name\":\"Gloria Quel\",\"@id\":\"https:\\\/\\\/amorpazycaridad.es\\\/#\\\/schema\\\/person\\\/7987b988126ef78d53bc382530ad92c2\"},\"headline\":\"LA GRATITUD FUENTE DE ALEGR\u00cdA\",\"datePublished\":\"2018-12-17T05:30:31+00:00\",\"dateModified\":\"2020-01-01T14:33:48+00:00\",\"mainEntityOfPage\":{\"@id\":\"https:\\\/\\\/amorpazy-cp515.wordpresstemporal.com\\\/amorpazycaridad.es\\\/la-gratitud-fuente-de-alegria\\\/\"},\"wordCount\":1479,\"commentCount\":0,\"publisher\":{\"@id\":\"https:\\\/\\\/amorpazycaridad.es\\\/#organization\"},\"image\":{\"@id\":\"https:\\\/\\\/amorpazy-cp515.wordpresstemporal.com\\\/amorpazycaridad.es\\\/la-gratitud-fuente-de-alegria\\\/#primaryimage\"},\"thumbnailUrl\":\"https:\\\/\\\/amorpazy-cp515.wordpresstemporal.com\\\/amorpazycaridad.es\\\/wp-content\\\/uploads\\\/2018\\\/12\\\/Gratitud.png\",\"keywords\":[\"Alegria\",\"Amor\",\"dar y recibir\",\"GRATITUD\",\"ingratitud\",\"virtudes\"],\"articleSection\":[\"Trabajo Interior\"],\"inLanguage\":\"es\",\"potentialAction\":[{\"@type\":\"CommentAction\",\"name\":\"Comment\",\"target\":[\"https:\\\/\\\/amorpazy-cp515.wordpresstemporal.com\\\/amorpazycaridad.es\\\/la-gratitud-fuente-de-alegria\\\/#respond\"]}]},{\"@type\":\"WebPage\",\"@id\":\"https:\\\/\\\/amorpazy-cp515.wordpresstemporal.com\\\/amorpazycaridad.es\\\/la-gratitud-fuente-de-alegria\\\/\",\"url\":\"https:\\\/\\\/amorpazy-cp515.wordpresstemporal.com\\\/amorpazycaridad.es\\\/la-gratitud-fuente-de-alegria\\\/\",\"name\":\"LA GRATITUD FUENTE DE ALEGR\u00cdA | AMOR, PAZ Y CARIDAD |\",\"isPartOf\":{\"@id\":\"https:\\\/\\\/amorpazycaridad.es\\\/#website\"},\"primaryImageOfPage\":{\"@id\":\"https:\\\/\\\/amorpazy-cp515.wordpresstemporal.com\\\/amorpazycaridad.es\\\/la-gratitud-fuente-de-alegria\\\/#primaryimage\"},\"image\":{\"@id\":\"https:\\\/\\\/amorpazy-cp515.wordpresstemporal.com\\\/amorpazycaridad.es\\\/la-gratitud-fuente-de-alegria\\\/#primaryimage\"},\"thumbnailUrl\":\"https:\\\/\\\/amorpazy-cp515.wordpresstemporal.com\\\/amorpazycaridad.es\\\/wp-content\\\/uploads\\\/2018\\\/12\\\/Gratitud.png\",\"datePublished\":\"2018-12-17T05:30:31+00:00\",\"dateModified\":\"2020-01-01T14:33:48+00:00\",\"description\":\"La gratitud fuente de alegr\u00eda. La RAE define agradecer como el sentimiento de estima y reconocimiento que una persona tiene hacia quien le ha hecho un favor\",\"breadcrumb\":{\"@id\":\"https:\\\/\\\/amorpazy-cp515.wordpresstemporal.com\\\/amorpazycaridad.es\\\/la-gratitud-fuente-de-alegria\\\/#breadcrumb\"},\"inLanguage\":\"es\",\"potentialAction\":[{\"@type\":\"ReadAction\",\"target\":[\"https:\\\/\\\/amorpazy-cp515.wordpresstemporal.com\\\/amorpazycaridad.es\\\/la-gratitud-fuente-de-alegria\\\/\"]}]},{\"@type\":\"ImageObject\",\"inLanguage\":\"es\",\"@id\":\"https:\\\/\\\/amorpazy-cp515.wordpresstemporal.com\\\/amorpazycaridad.es\\\/la-gratitud-fuente-de-alegria\\\/#primaryimage\",\"url\":\"https:\\\/\\\/amorpazy-cp515.wordpresstemporal.com\\\/amorpazycaridad.es\\\/wp-content\\\/uploads\\\/2018\\\/12\\\/Gratitud.png\",\"contentUrl\":\"https:\\\/\\\/amorpazy-cp515.wordpresstemporal.com\\\/amorpazycaridad.es\\\/wp-content\\\/uploads\\\/2018\\\/12\\\/Gratitud.png\",\"width\":750,\"height\":350,\"caption\":\"La gratitud fuente de alegr\u00eda\"},{\"@type\":\"BreadcrumbList\",\"@id\":\"https:\\\/\\\/amorpazy-cp515.wordpresstemporal.com\\\/amorpazycaridad.es\\\/la-gratitud-fuente-de-alegria\\\/#breadcrumb\",\"itemListElement\":[{\"@type\":\"ListItem\",\"position\":1,\"name\":\"Portada\",\"item\":\"https:\\\/\\\/amorpazycaridad.es\\\/\"},{\"@type\":\"ListItem\",\"position\":2,\"name\":\"LA GRATITUD FUENTE DE ALEGR\u00cdA\"}]},{\"@type\":\"WebSite\",\"@id\":\"https:\\\/\\\/amorpazycaridad.es\\\/#website\",\"url\":\"https:\\\/\\\/amorpazycaridad.es\\\/\",\"name\":\"Amor, paz caridad\",\"description\":\"Conocimiento espiritual, espiritismo, espiritualismo, leyes universales, m\u00e1s all\u00e1, vida despu\u00e9s de la vida,\",\"publisher\":{\"@id\":\"https:\\\/\\\/amorpazycaridad.es\\\/#organization\"},\"potentialAction\":[{\"@type\":\"SearchAction\",\"target\":{\"@type\":\"EntryPoint\",\"urlTemplate\":\"https:\\\/\\\/amorpazycaridad.es\\\/?s={search_term_string}\"},\"query-input\":{\"@type\":\"PropertyValueSpecification\",\"valueRequired\":true,\"valueName\":\"search_term_string\"}}],\"inLanguage\":\"es\"},{\"@type\":\"Organization\",\"@id\":\"https:\\\/\\\/amorpazycaridad.es\\\/#organization\",\"name\":\"Asociaci\u00f3n de Estudios Espirituales Grupo Villena\",\"url\":\"https:\\\/\\\/amorpazycaridad.es\\\/\",\"logo\":{\"@type\":\"ImageObject\",\"inLanguage\":\"es\",\"@id\":\"https:\\\/\\\/amorpazycaridad.es\\\/#\\\/schema\\\/logo\\\/image\\\/\",\"url\":\"https:\\\/\\\/amorpazycaridad.es\\\/wp-content\\\/uploads\\\/2015\\\/01\\\/logo-fav-e1420247830294.jpg\",\"contentUrl\":\"https:\\\/\\\/amorpazycaridad.es\\\/wp-content\\\/uploads\\\/2015\\\/01\\\/logo-fav-e1420247830294.jpg\",\"width\":144,\"height\":144,\"caption\":\"Asociaci\u00f3n de Estudios Espirituales Grupo Villena\"},\"image\":{\"@id\":\"https:\\\/\\\/amorpazycaridad.es\\\/#\\\/schema\\\/logo\\\/image\\\/\"},\"sameAs\":[\"http:\\\/\\\/www.facebook.com\\\/pages\\\/Amor-paz-y-caridad\\\/1594978604096866\",\"https:\\\/\\\/x.com\\\/amorpazycaridad\",\"https:\\\/\\\/es.pinterest.com\\\/amorpazycaridad\\\/\",\"https:\\\/\\\/www.youtube.com\\\/channel\\\/UC1GvDIDCLoL02SzOD7NJdrA\"]},{\"@type\":\"Person\",\"@id\":\"https:\\\/\\\/amorpazycaridad.es\\\/#\\\/schema\\\/person\\\/7987b988126ef78d53bc382530ad92c2\",\"name\":\"Gloria Quel\",\"image\":{\"@type\":\"ImageObject\",\"inLanguage\":\"es\",\"@id\":\"https:\\\/\\\/amorpazycaridad.es\\\/wp-content\\\/uploads\\\/2017\\\/01\\\/Archivo-20-1-17-19-33-56-96x96.jpeg8edb225628e8c6894a7b2d3a9cc8f8d7\",\"url\":\"https:\\\/\\\/amorpazycaridad.es\\\/wp-content\\\/uploads\\\/2017\\\/01\\\/Archivo-20-1-17-19-33-56-96x96.jpeg\",\"contentUrl\":\"https:\\\/\\\/amorpazycaridad.es\\\/wp-content\\\/uploads\\\/2017\\\/01\\\/Archivo-20-1-17-19-33-56-96x96.jpeg\",\"caption\":\"Gloria Quel\"},\"description\":\"Gloria Quel Benedicto es ama de casa y madre de tres hijos. Pertenece a la Asociaci\u00f3n de Estudios Espirituales \\\"Grupo Villena\\\" desde hace m\u00e1s de 25 a\u00f1os. Forma parte del equipo de redacci\u00f3n de esta web. Escribe asiduamente interesantes art\u00edculos de opini\u00f3n sobre temas de actualidad, aportando sus conocimientos y experiencia.\",\"url\":\"https:\\\/\\\/amorpazy-cp515.wordpresstemporal.com\\\/amorpazycaridad.es\\\/author\\\/gloria\\\/\"}]}<\/script>\n<!-- \/ Yoast SEO plugin. -->","yoast_head_json":{"title":"LA GRATITUD FUENTE DE ALEGR\u00cdA | AMOR, PAZ Y CARIDAD |","description":"La gratitud fuente de alegr\u00eda. La RAE define agradecer como el sentimiento de estima y reconocimiento que una persona tiene hacia quien le ha hecho un favor","robots":{"index":"index","follow":"follow","max-snippet":"max-snippet:-1","max-image-preview":"max-image-preview:large","max-video-preview":"max-video-preview:-1"},"canonical":"https:\/\/amorpazy-cp515.wordpresstemporal.com\/amorpazycaridad.es\/la-gratitud-fuente-de-alegria\/","og_locale":"es_ES","og_type":"article","og_title":"LA GRATITUD FUENTE DE ALEGR\u00cdA | AMOR, PAZ Y CARIDAD |","og_description":"La gratitud fuente de alegr\u00eda. La RAE define agradecer como el sentimiento de estima y reconocimiento que una persona tiene hacia quien le ha hecho un favor","og_url":"https:\/\/amorpazy-cp515.wordpresstemporal.com\/amorpazycaridad.es\/la-gratitud-fuente-de-alegria\/","og_site_name":"Amor, paz caridad","article_publisher":"http:\/\/www.facebook.com\/pages\/Amor-paz-y-caridad\/1594978604096866","article_published_time":"2018-12-17T05:30:31+00:00","article_modified_time":"2020-01-01T14:33:48+00:00","og_image":[{"width":750,"height":350,"url":"https:\/\/amorpazy-cp515.wordpresstemporal.com\/amorpazycaridad.es\/wp-content\/uploads\/2018\/12\/Gratitud.png","type":"image\/png"}],"author":"Gloria","twitter_card":"summary_large_image","twitter_creator":"@amorpazycaridad","twitter_site":"@amorpazycaridad","twitter_misc":{"Escrito por":"Gloria Quel","Tiempo de lectura":"7 minutos"},"schema":{"@context":"https:\/\/schema.org","@graph":[{"@type":"Article","@id":"https:\/\/amorpazy-cp515.wordpresstemporal.com\/amorpazycaridad.es\/la-gratitud-fuente-de-alegria\/#article","isPartOf":{"@id":"https:\/\/amorpazy-cp515.wordpresstemporal.com\/amorpazycaridad.es\/la-gratitud-fuente-de-alegria\/"},"author":{"name":"Gloria Quel","@id":"https:\/\/amorpazycaridad.es\/#\/schema\/person\/7987b988126ef78d53bc382530ad92c2"},"headline":"LA GRATITUD FUENTE DE ALEGR\u00cdA","datePublished":"2018-12-17T05:30:31+00:00","dateModified":"2020-01-01T14:33:48+00:00","mainEntityOfPage":{"@id":"https:\/\/amorpazy-cp515.wordpresstemporal.com\/amorpazycaridad.es\/la-gratitud-fuente-de-alegria\/"},"wordCount":1479,"commentCount":0,"publisher":{"@id":"https:\/\/amorpazycaridad.es\/#organization"},"image":{"@id":"https:\/\/amorpazy-cp515.wordpresstemporal.com\/amorpazycaridad.es\/la-gratitud-fuente-de-alegria\/#primaryimage"},"thumbnailUrl":"https:\/\/amorpazy-cp515.wordpresstemporal.com\/amorpazycaridad.es\/wp-content\/uploads\/2018\/12\/Gratitud.png","keywords":["Alegria","Amor","dar y recibir","GRATITUD","ingratitud","virtudes"],"articleSection":["Trabajo Interior"],"inLanguage":"es","potentialAction":[{"@type":"CommentAction","name":"Comment","target":["https:\/\/amorpazy-cp515.wordpresstemporal.com\/amorpazycaridad.es\/la-gratitud-fuente-de-alegria\/#respond"]}]},{"@type":"WebPage","@id":"https:\/\/amorpazy-cp515.wordpresstemporal.com\/amorpazycaridad.es\/la-gratitud-fuente-de-alegria\/","url":"https:\/\/amorpazy-cp515.wordpresstemporal.com\/amorpazycaridad.es\/la-gratitud-fuente-de-alegria\/","name":"LA GRATITUD FUENTE DE ALEGR\u00cdA | AMOR, PAZ Y CARIDAD |","isPartOf":{"@id":"https:\/\/amorpazycaridad.es\/#website"},"primaryImageOfPage":{"@id":"https:\/\/amorpazy-cp515.wordpresstemporal.com\/amorpazycaridad.es\/la-gratitud-fuente-de-alegria\/#primaryimage"},"image":{"@id":"https:\/\/amorpazy-cp515.wordpresstemporal.com\/amorpazycaridad.es\/la-gratitud-fuente-de-alegria\/#primaryimage"},"thumbnailUrl":"https:\/\/amorpazy-cp515.wordpresstemporal.com\/amorpazycaridad.es\/wp-content\/uploads\/2018\/12\/Gratitud.png","datePublished":"2018-12-17T05:30:31+00:00","dateModified":"2020-01-01T14:33:48+00:00","description":"La gratitud fuente de alegr\u00eda. La RAE define agradecer como el sentimiento de estima y reconocimiento que una persona tiene hacia quien le ha hecho un favor","breadcrumb":{"@id":"https:\/\/amorpazy-cp515.wordpresstemporal.com\/amorpazycaridad.es\/la-gratitud-fuente-de-alegria\/#breadcrumb"},"inLanguage":"es","potentialAction":[{"@type":"ReadAction","target":["https:\/\/amorpazy-cp515.wordpresstemporal.com\/amorpazycaridad.es\/la-gratitud-fuente-de-alegria\/"]}]},{"@type":"ImageObject","inLanguage":"es","@id":"https:\/\/amorpazy-cp515.wordpresstemporal.com\/amorpazycaridad.es\/la-gratitud-fuente-de-alegria\/#primaryimage","url":"https:\/\/amorpazy-cp515.wordpresstemporal.com\/amorpazycaridad.es\/wp-content\/uploads\/2018\/12\/Gratitud.png","contentUrl":"https:\/\/amorpazy-cp515.wordpresstemporal.com\/amorpazycaridad.es\/wp-content\/uploads\/2018\/12\/Gratitud.png","width":750,"height":350,"caption":"La gratitud fuente de alegr\u00eda"},{"@type":"BreadcrumbList","@id":"https:\/\/amorpazy-cp515.wordpresstemporal.com\/amorpazycaridad.es\/la-gratitud-fuente-de-alegria\/#breadcrumb","itemListElement":[{"@type":"ListItem","position":1,"name":"Portada","item":"https:\/\/amorpazycaridad.es\/"},{"@type":"ListItem","position":2,"name":"LA GRATITUD FUENTE DE ALEGR\u00cdA"}]},{"@type":"WebSite","@id":"https:\/\/amorpazycaridad.es\/#website","url":"https:\/\/amorpazycaridad.es\/","name":"Amor, paz caridad","description":"Conocimiento espiritual, espiritismo, espiritualismo, leyes universales, m\u00e1s all\u00e1, vida despu\u00e9s de la vida,","publisher":{"@id":"https:\/\/amorpazycaridad.es\/#organization"},"potentialAction":[{"@type":"SearchAction","target":{"@type":"EntryPoint","urlTemplate":"https:\/\/amorpazycaridad.es\/?s={search_term_string}"},"query-input":{"@type":"PropertyValueSpecification","valueRequired":true,"valueName":"search_term_string"}}],"inLanguage":"es"},{"@type":"Organization","@id":"https:\/\/amorpazycaridad.es\/#organization","name":"Asociaci\u00f3n de Estudios Espirituales Grupo Villena","url":"https:\/\/amorpazycaridad.es\/","logo":{"@type":"ImageObject","inLanguage":"es","@id":"https:\/\/amorpazycaridad.es\/#\/schema\/logo\/image\/","url":"https:\/\/amorpazycaridad.es\/wp-content\/uploads\/2015\/01\/logo-fav-e1420247830294.jpg","contentUrl":"https:\/\/amorpazycaridad.es\/wp-content\/uploads\/2015\/01\/logo-fav-e1420247830294.jpg","width":144,"height":144,"caption":"Asociaci\u00f3n de Estudios Espirituales Grupo Villena"},"image":{"@id":"https:\/\/amorpazycaridad.es\/#\/schema\/logo\/image\/"},"sameAs":["http:\/\/www.facebook.com\/pages\/Amor-paz-y-caridad\/1594978604096866","https:\/\/x.com\/amorpazycaridad","https:\/\/es.pinterest.com\/amorpazycaridad\/","https:\/\/www.youtube.com\/channel\/UC1GvDIDCLoL02SzOD7NJdrA"]},{"@type":"Person","@id":"https:\/\/amorpazycaridad.es\/#\/schema\/person\/7987b988126ef78d53bc382530ad92c2","name":"Gloria Quel","image":{"@type":"ImageObject","inLanguage":"es","@id":"https:\/\/amorpazycaridad.es\/wp-content\/uploads\/2017\/01\/Archivo-20-1-17-19-33-56-96x96.jpeg8edb225628e8c6894a7b2d3a9cc8f8d7","url":"https:\/\/amorpazycaridad.es\/wp-content\/uploads\/2017\/01\/Archivo-20-1-17-19-33-56-96x96.jpeg","contentUrl":"https:\/\/amorpazycaridad.es\/wp-content\/uploads\/2017\/01\/Archivo-20-1-17-19-33-56-96x96.jpeg","caption":"Gloria Quel"},"description":"Gloria Quel Benedicto es ama de casa y madre de tres hijos. Pertenece a la Asociaci\u00f3n de Estudios Espirituales \"Grupo Villena\" desde hace m\u00e1s de 25 a\u00f1os. Forma parte del equipo de redacci\u00f3n de esta web. Escribe asiduamente interesantes art\u00edculos de opini\u00f3n sobre temas de actualidad, aportando sus conocimientos y experiencia.","url":"https:\/\/amorpazy-cp515.wordpresstemporal.com\/amorpazycaridad.es\/author\/gloria\/"}]}},"authors":[{"term_id":2317,"user_id":0,"is_guest":1,"slug":"cap-gloria","display_name":"Gloria","avatar_url":"https:\/\/secure.gravatar.com\/avatar\/?s=96&d=mm&r=g","0":null,"1":"","2":"","3":"","4":"","5":"","6":"","7":"","8":""}],"_links":{"self":[{"href":"https:\/\/amorpazy-cp515.wordpresstemporal.com\/amorpazycaridad.es\/wp-json\/wp\/v2\/posts\/10834","targetHints":{"allow":["GET"]}}],"collection":[{"href":"https:\/\/amorpazy-cp515.wordpresstemporal.com\/amorpazycaridad.es\/wp-json\/wp\/v2\/posts"}],"about":[{"href":"https:\/\/amorpazy-cp515.wordpresstemporal.com\/amorpazycaridad.es\/wp-json\/wp\/v2\/types\/post"}],"author":[{"embeddable":true,"href":"https:\/\/amorpazy-cp515.wordpresstemporal.com\/amorpazycaridad.es\/wp-json\/wp\/v2\/users\/103"}],"replies":[{"embeddable":true,"href":"https:\/\/amorpazy-cp515.wordpresstemporal.com\/amorpazycaridad.es\/wp-json\/wp\/v2\/comments?post=10834"}],"version-history":[{"count":5,"href":"https:\/\/amorpazy-cp515.wordpresstemporal.com\/amorpazycaridad.es\/wp-json\/wp\/v2\/posts\/10834\/revisions"}],"predecessor-version":[{"id":13328,"href":"https:\/\/amorpazy-cp515.wordpresstemporal.com\/amorpazycaridad.es\/wp-json\/wp\/v2\/posts\/10834\/revisions\/13328"}],"wp:featuredmedia":[{"embeddable":true,"href":"https:\/\/amorpazy-cp515.wordpresstemporal.com\/amorpazycaridad.es\/wp-json\/wp\/v2\/media\/10756"}],"wp:attachment":[{"href":"https:\/\/amorpazy-cp515.wordpresstemporal.com\/amorpazycaridad.es\/wp-json\/wp\/v2\/media?parent=10834"}],"wp:term":[{"taxonomy":"category","embeddable":true,"href":"https:\/\/amorpazy-cp515.wordpresstemporal.com\/amorpazycaridad.es\/wp-json\/wp\/v2\/categories?post=10834"},{"taxonomy":"post_tag","embeddable":true,"href":"https:\/\/amorpazy-cp515.wordpresstemporal.com\/amorpazycaridad.es\/wp-json\/wp\/v2\/tags?post=10834"},{"taxonomy":"author","embeddable":true,"href":"https:\/\/amorpazy-cp515.wordpresstemporal.com\/amorpazycaridad.es\/wp-json\/wp\/v2\/ppma_author?post=10834"}],"curies":[{"name":"wp","href":"https:\/\/api.w.org\/{rel}","templated":true}]}}