{"id":10581,"date":"2018-11-12T06:30:49","date_gmt":"2018-11-12T05:30:49","guid":{"rendered":"https:\/\/amorpazycaridad.es\/?p=10581"},"modified":"2018-12-26T20:09:52","modified_gmt":"2018-12-26T19:09:52","slug":"el-hogar-y-la-familia","status":"publish","type":"post","link":"https:\/\/amorpazy-cp515.wordpresstemporal.com\/amorpazycaridad.es\/el-hogar-y-la-familia\/","title":{"rendered":"EL HOGAR Y LA FAMILIA"},"content":{"rendered":"<p style=\"text-align: justify;\">A veces no somos conscientes de la importancia que supone el hogar y la familia en nuestras vidas. Probablemente porque nacemos en ella y no la valoramos hasta que cambian las circunstancias, bien porque los hijos se independizan y crean sus propias relaciones, o porque las personas desaparecen de la esfera f\u00edsica con el paso inevitable de los a\u00f1os.<\/p>\n<p style=\"text-align: justify;\">En un sentido estrictamente espiritual, podemos darnos cuenta de que la primera piedra de toque, el primer molde-escuela al que nos vemos sometidos durante la infancia, pasa por las personas m\u00e1s queridas y cercanas, poniendo de manifiesto en torno al hogar nuestra personalidad en desarrollo, o dicho de otro modo, las virtudes y defectos.<\/p>\n<p style=\"text-align: justify;\">Cuando los pilares que sostienen el hogar y la familia son el respeto, la solidaridad, la comprensi\u00f3n y el cari\u00f1o, se genera un ambiente com\u00fan de progreso, propiciando el desarrollo interno de cada componente familiar. Seguramente, una de sus tareas primordiales sea favorecer el enriquecimiento espiritual de todos con una sana convivencia, empezando en primer lugar por los padres, educando a trav\u00e9s de su ejemplo a los hijos; tarea nada f\u00e1cil, ya que estos \u00faltimos alg\u00fan d\u00eda se tendr\u00e1n que enfrentar a las pruebas que les depare el destino, as\u00ed como el compromiso que tendr\u00e1n que afrontar al formar su propio hogar.<\/p>\n<p style=\"text-align: justify;\">No obstante, debido al materialismo que envuelve a nuestra sociedad, se puede observar con facilidad el establecimiento de relaciones de pareja cuya base no es el amor aut\u00e9ntico, sino que se sustentan en satisfacer exclusivamente los gustos personales, es decir, vivir para el sensualismo, el disfrute exclusivo de los est\u00edmulos materiales o priorizando el \u00e9xito profesional y econ\u00f3mico por encima de las relaciones humanas de afecto y cari\u00f1o. Las consecuencias de este tipo de relaciones interesadas no tardar\u00e1n en llegar: vac\u00edo interior, soledad, depresi\u00f3n, hast\u00edo. Si adem\u00e1s predominan en dicha relaci\u00f3n los egos, la falta de respeto inicial, dej\u00e1ndose llevar por el orgullo y el ego\u00edsmo, el hogar se puede convertir en un tormento y fuente permanente de desequilibrio.<\/p>\n<p style=\"text-align: justify;\">Finalmente, si las parejas optan por la ruptura y adem\u00e1s existen hijos de por medio, corren el riesgo estos \u00faltimos de convertirse en las primeras v\u00edctimas inocentes. Tambi\u00e9n los procesos legales de separaci\u00f3n de bienes y custodia de los propios hijos pueden ser fuente de sufrimientos y disgustos, no s\u00f3lo para los padres sino tambi\u00e9n para los abuelos y familiares allegados. Desgraciadamente se transforma, lo que era en principio un proyecto de amor en com\u00fan, en un campo de batalla y de sufrimiento.<\/p>\n<p style=\"text-align: justify;\">Sin duda, no es una tarea f\u00e1cil. Para acercarnos lo m\u00e1ximo posible a ese ideal de equilibrio familiar resulta necesario un esfuerzo constante, renunciar a muchos de los gustos personales y unas grandes dosis de comprensi\u00f3n y tolerancia hacia las torpezas ajenas, del mismo modo que ellos tienen que soportar las nuestras.<\/p>\n<p style=\"text-align: justify;\">Ciertamente, si lo logramos habremos encontrado la fuerza y el est\u00edmulo necesarios para afrontar todas las vicisitudes de esta existencia; adem\u00e1s, se habr\u00e1n alcanzado las claves para un progreso en com\u00fan m\u00e1s r\u00e1pido y feliz. Habr\u00e1 vencido el amor en sus variadas formas de manifestaci\u00f3n.<\/p>\n<p style=\"text-align: justify;\">Para muchos, por desgracia, el matrimonio (con todo lo que conlleva) ya no es sin\u00f3nimo de responsabilidad ni de un compromiso a asumir; simplemente se busca el mero disfrute mutuo de una manera superficial y sin mayor relevancia. Cuando dicha relaci\u00f3n se agota o pierde est\u00edmulos, tendemos a buscar alternativas en busca de nuevas experiencias y sensaciones. Pensamos que el error, si es que lo ha habido, est\u00e1 en la otra parte, en la pareja. Con ello, tenemos la excusa perfecta para continuar buscando la pareja ideal, sin pensar en que, quiz\u00e1s, somos nosotros parte del problema, el obst\u00e1culo para concretar una relaci\u00f3n sana y estable.<\/p>\n<p style=\"text-align: justify;\">Esa es probablemente una de las principales causas por las que la tasa de separaciones y divorcios haya crecido exponencialmente en nuestra sociedad en las \u00faltimas d\u00e9cadas. Relaciones que se establecen de una manera m\u00e1s o menos formal y se rompen a los pocos meses o a los pocos a\u00f1os.<\/p>\n<p style=\"text-align: justify;\">Otro de los motivos de las rupturas de pareja puede venir tambi\u00e9n cuando llega el momento de plantearse la conveniencia de tener o no tener hijos. Muchos lo observan como una traba para satisfacer sus anhelos m\u00e1s inmediatos, o como algo secundario que debe de llegar cuando se haya disfrutado suficientemente de la vida, o tambi\u00e9n una vez alcanzados los objetivos materiales que se consideran prioritarios. Por desgracia, muchas parejas llegan tarde cuando consideran que ha llegado el momento de ampliar la familia, bien porque cuando lo buscan no llega, incluso con la ayuda de los recursos que nos aporta la medicina moderna que facilitan la natalidad, o simplemente por haber alcanzado una edad dif\u00edcil o inadecuada para ello, generando todas estas circunstancias una cierta impotencia, vac\u00edo interior y malestar. Resulta, por tanto, necesario considerar bien esta cuesti\u00f3n, no es un tema menor. En la mayor\u00eda de los casos, el construir un hogar, as\u00ed como traer hijos al mundo, forma parte de los compromisos que se traen del pasado, y cada quien debe de examinar su conciencia, su interior, para reconocer el momento en el que se encuentran, y a trav\u00e9s del di\u00e1logo sincero tomar las decisiones que sean mejores para todos.<\/p>\n<p style=\"text-align: justify;\">Al mismo tiempo, observamos tambi\u00e9n casos en que, cuando se presentan los hijos por propia voluntad o por accidente, la carga se hace muy inc\u00f3moda y hasta insoportable para algunas parejas, sobre todo por la acumulaci\u00f3n natural de responsabilidades y porque las dificultades aumentan. Si no existe una buena base de amor y cari\u00f1o com\u00fan, de ese amor dispuesto al sacrificio y la renuncia, entonces es cuando surgen los conflictos y las rupturas.<\/p>\n<p style=\"text-align: justify;\">Todas estas trabas que el propio ser humano se genera pueden llevarle a desaprovechar una oportunidad de progreso muy grande.<\/p>\n<p style=\"text-align: justify;\">En general, la familia debe funcionar como un buen engranaje forjado con esfuerzo y constancia. El hilo conductor que la une y cohesiona es el respeto y la tolerancia, consecuencia directa del amor en sus diversas formas de manifestaci\u00f3n. El hogar es un laboratorio perfecto del que, si salimos victoriosos, redundar\u00e1 no s\u00f3lo en beneficio propio sino tambi\u00e9n en beneficio de la sociedad. Es en ese entorno afectivo donde nos manifestamos como somos, sin m\u00e1scaras. Tarde o temprano salen a relucir todas nuestras deficiencias y debilidades, sobre todo cuando surgen las dificultades, los inconvenientes que nos ponen a prueba.<\/p>\n<p style=\"text-align: justify;\">Hay que tener en cuenta, en lo concerniente a este aspecto de la vida, que todo aquello que realmente merece la pena, que significa un motivo de satisfacci\u00f3n y de alegr\u00eda, aquello que podemos considerar como una verdadera felicidad interior, requiere de un trabajo, de una disciplina, de un tiempo de dedicaci\u00f3n, de esfuerzo. Lo f\u00e1cil, c\u00f3modo e inmediato no puede traer nada duradero y que merezca la pena. Es algo parecido a las sensaciones de los lud\u00f3patas, la b\u00fasqueda de peque\u00f1as dosis de \u00e9xito econ\u00f3mico que desaparecen r\u00e1pidamente en cuanto se consume el beneficio acumulado.<\/p>\n<p style=\"text-align: justify;\"><strong>La base del progreso social nace y se construye a partir de las relaciones humanas en el hogar<\/strong>. La familia es el term\u00f3metro que mide la temperatura y los niveles de salud de una sociedad, por eso es tan importante. Es desde ah\u00ed de donde parte la estabilidad emocional, la alegr\u00eda de vivir, el entusiasmo, la ilusi\u00f3n. Es tambi\u00e9n ah\u00ed donde damos los primeros pasos, vamos forjando la personalidad y aprendemos de lo que vemos y experimentamos.<\/p>\n<p style=\"text-align: justify;\">La compresi\u00f3n espiritual sobre el motivo por el que venimos al mundo y la necesidad de relacionarnos para construir un futuro en paz y solidaridad nos puede facilitar el camino; algo de lo que, por desgracia, se ignora y se desestima en un amplio espectro de nuestra sociedad. El materialismo, el af\u00e1n individualista y el \u00e9xito r\u00e1pido a cualquier precio priman por encima de otras cuestiones trascendentes.<\/p>\n<p style=\"text-align: justify;\">Somos esp\u00edritus con unas necesidades espirituales, ese es el motivo principal de que estemos aqu\u00ed. Nacemos y vivimos en un entorno que no es casual. Los lazos familiares se configuran espiritualmente antes de encarnar, bien por simpat\u00edas del pasado o por deudas que a su vez nos imponen unos compromisos para reparar o restablecer el equilibrio, la armon\u00eda. <strong>Unas relaciones nos fortalecen, otras nos liberan de cargas del pasado; no obstante, todas est\u00e1n destinadas a ser una fuente de progreso y de crecimiento espiritual sin par.<\/strong><\/p>\n<p>&nbsp;<\/p>\n<p style=\"text-align: right;\">El hogar y la familia por:<strong>&nbsp; <a href=\"https:\/\/amorpazycaridad.es\/author\/jose-manuel\/\">Jos\u00e9 M. Meseguer<\/a><\/strong><\/p>\n<p style=\"text-align: right;\"><i>\u00a9 Amor, Paz y Caridad, 2018<\/i><\/p>\n","protected":false},"excerpt":{"rendered":"<p>A veces no somos conscientes de la importancia que supone el hogar y la familia en nuestras vidas. Probablemente porque nacemos en ella y no la valoramos hasta que cambian las circunstancias, bien porque los hijos se independizan y crean sus propias relaciones, o porque las personas desaparecen de la esfera f\u00edsica con el paso [&hellip;]<\/p>\n","protected":false},"author":5,"featured_media":10661,"comment_status":"open","ping_status":"open","sticky":false,"template":"","format":"standard","meta":{"tdm_status":"","tdm_grid_status":"","footnotes":""},"categories":[331],"tags":[608,2669,2798,1022,4471,3112,4472],"ppma_author":[408],"class_list":{"0":"post-10581","1":"post","2":"type-post","3":"status-publish","4":"format-standard","5":"has-post-thumbnail","7":"category-apartado-espirita","8":"tag-familia","9":"tag-hijos","10":"tag-hogar","11":"tag-materialismo","12":"tag-pareja-conyugal","13":"tag-progreso-social","14":"tag-rupturas"},"yoast_head":"<!-- This site is optimized with the Yoast SEO plugin v27.7 - https:\/\/yoast.com\/product\/yoast-seo-wordpress\/ -->\n<title>EL HOGAR Y LA FAMILIA |AMOR, PAZ Y CARIDAD | JOS\u00c9 MESEGUER<\/title>\n<meta name=\"description\" content=\"A veces no somos conscientes de la importancia que supone el hogar y la familia en nuestras vidas. Probablemente porque nacemos en ella y no la valoramos...\" \/>\n<meta name=\"robots\" content=\"index, follow, max-snippet:-1, max-image-preview:large, max-video-preview:-1\" \/>\n<link rel=\"canonical\" href=\"https:\/\/amorpazy-cp515.wordpresstemporal.com\/amorpazycaridad.es\/el-hogar-y-la-familia\/\" \/>\n<meta property=\"og:locale\" content=\"es_ES\" \/>\n<meta property=\"og:type\" content=\"article\" \/>\n<meta property=\"og:title\" content=\"EL HOGAR Y LA FAMILIA |AMOR, PAZ Y CARIDAD | JOS\u00c9 MESEGUER\" \/>\n<meta property=\"og:description\" content=\"A veces no somos conscientes de la importancia que supone el hogar y la familia en nuestras vidas. Probablemente porque nacemos en ella y no la valoramos...\" \/>\n<meta property=\"og:url\" content=\"https:\/\/amorpazy-cp515.wordpresstemporal.com\/amorpazycaridad.es\/el-hogar-y-la-familia\/\" \/>\n<meta property=\"og:site_name\" content=\"Amor, paz caridad\" \/>\n<meta property=\"article:publisher\" content=\"http:\/\/www.facebook.com\/pages\/Amor-paz-y-caridad\/1594978604096866\" \/>\n<meta property=\"article:published_time\" content=\"2018-11-12T05:30:49+00:00\" \/>\n<meta property=\"article:modified_time\" content=\"2018-12-26T19:09:52+00:00\" \/>\n<meta property=\"og:image\" content=\"https:\/\/amorpazy-cp515.wordpresstemporal.com\/amorpazycaridad.es\/wp-content\/uploads\/2018\/11\/hogar-familia-750x350.jpg\" \/>\n\t<meta property=\"og:image:width\" content=\"750\" \/>\n\t<meta property=\"og:image:height\" content=\"350\" \/>\n\t<meta property=\"og:image:type\" content=\"image\/jpeg\" \/>\n<meta name=\"author\" content=\"Jose Manuel\" \/>\n<meta name=\"twitter:card\" content=\"summary_large_image\" \/>\n<meta name=\"twitter:creator\" content=\"@amorpazycaridad\" \/>\n<meta name=\"twitter:site\" content=\"@amorpazycaridad\" \/>\n<meta name=\"twitter:label1\" content=\"Escrito por\" \/>\n\t<meta name=\"twitter:data1\" content=\"Jos\u00e9 Manuel Meseguer Clemente\" \/>\n\t<meta name=\"twitter:label2\" content=\"Tiempo de lectura\" \/>\n\t<meta name=\"twitter:data2\" content=\"7 minutos\" \/>\n<script type=\"application\/ld+json\" class=\"yoast-schema-graph\">{\"@context\":\"https:\\\/\\\/schema.org\",\"@graph\":[{\"@type\":\"Article\",\"@id\":\"https:\\\/\\\/amorpazy-cp515.wordpresstemporal.com\\\/amorpazycaridad.es\\\/el-hogar-y-la-familia\\\/#article\",\"isPartOf\":{\"@id\":\"https:\\\/\\\/amorpazy-cp515.wordpresstemporal.com\\\/amorpazycaridad.es\\\/el-hogar-y-la-familia\\\/\"},\"author\":{\"name\":\"Jos\u00e9 Manuel Meseguer Clemente\",\"@id\":\"https:\\\/\\\/amorpazycaridad.es\\\/#\\\/schema\\\/person\\\/6f0cedb316ce549a85d79dba9ebb353e\"},\"headline\":\"EL HOGAR Y LA FAMILIA\",\"datePublished\":\"2018-11-12T05:30:49+00:00\",\"dateModified\":\"2018-12-26T19:09:52+00:00\",\"mainEntityOfPage\":{\"@id\":\"https:\\\/\\\/amorpazy-cp515.wordpresstemporal.com\\\/amorpazycaridad.es\\\/el-hogar-y-la-familia\\\/\"},\"wordCount\":1499,\"commentCount\":0,\"publisher\":{\"@id\":\"https:\\\/\\\/amorpazycaridad.es\\\/#organization\"},\"image\":{\"@id\":\"https:\\\/\\\/amorpazy-cp515.wordpresstemporal.com\\\/amorpazycaridad.es\\\/el-hogar-y-la-familia\\\/#primaryimage\"},\"thumbnailUrl\":\"https:\\\/\\\/amorpazy-cp515.wordpresstemporal.com\\\/amorpazycaridad.es\\\/wp-content\\\/uploads\\\/2018\\\/11\\\/hogar-familia-750x350.jpg\",\"keywords\":[\"familia\",\"hijos\",\"Hogar\",\"materialismo\",\"pareja conyugal\",\"progreso social\",\"rupturas\"],\"articleSection\":[\"Apartado esp\u00edrita\"],\"inLanguage\":\"es\",\"potentialAction\":[{\"@type\":\"CommentAction\",\"name\":\"Comment\",\"target\":[\"https:\\\/\\\/amorpazy-cp515.wordpresstemporal.com\\\/amorpazycaridad.es\\\/el-hogar-y-la-familia\\\/#respond\"]}]},{\"@type\":\"WebPage\",\"@id\":\"https:\\\/\\\/amorpazy-cp515.wordpresstemporal.com\\\/amorpazycaridad.es\\\/el-hogar-y-la-familia\\\/\",\"url\":\"https:\\\/\\\/amorpazy-cp515.wordpresstemporal.com\\\/amorpazycaridad.es\\\/el-hogar-y-la-familia\\\/\",\"name\":\"EL HOGAR Y LA FAMILIA |AMOR, PAZ Y CARIDAD | JOS\u00c9 MESEGUER\",\"isPartOf\":{\"@id\":\"https:\\\/\\\/amorpazycaridad.es\\\/#website\"},\"primaryImageOfPage\":{\"@id\":\"https:\\\/\\\/amorpazy-cp515.wordpresstemporal.com\\\/amorpazycaridad.es\\\/el-hogar-y-la-familia\\\/#primaryimage\"},\"image\":{\"@id\":\"https:\\\/\\\/amorpazy-cp515.wordpresstemporal.com\\\/amorpazycaridad.es\\\/el-hogar-y-la-familia\\\/#primaryimage\"},\"thumbnailUrl\":\"https:\\\/\\\/amorpazy-cp515.wordpresstemporal.com\\\/amorpazycaridad.es\\\/wp-content\\\/uploads\\\/2018\\\/11\\\/hogar-familia-750x350.jpg\",\"datePublished\":\"2018-11-12T05:30:49+00:00\",\"dateModified\":\"2018-12-26T19:09:52+00:00\",\"description\":\"A veces no somos conscientes de la importancia que supone el hogar y la familia en nuestras vidas. Probablemente porque nacemos en ella y no la valoramos...\",\"breadcrumb\":{\"@id\":\"https:\\\/\\\/amorpazy-cp515.wordpresstemporal.com\\\/amorpazycaridad.es\\\/el-hogar-y-la-familia\\\/#breadcrumb\"},\"inLanguage\":\"es\",\"potentialAction\":[{\"@type\":\"ReadAction\",\"target\":[\"https:\\\/\\\/amorpazy-cp515.wordpresstemporal.com\\\/amorpazycaridad.es\\\/el-hogar-y-la-familia\\\/\"]}]},{\"@type\":\"ImageObject\",\"inLanguage\":\"es\",\"@id\":\"https:\\\/\\\/amorpazy-cp515.wordpresstemporal.com\\\/amorpazycaridad.es\\\/el-hogar-y-la-familia\\\/#primaryimage\",\"url\":\"https:\\\/\\\/amorpazy-cp515.wordpresstemporal.com\\\/amorpazycaridad.es\\\/wp-content\\\/uploads\\\/2018\\\/11\\\/hogar-familia-750x350.jpg\",\"contentUrl\":\"https:\\\/\\\/amorpazy-cp515.wordpresstemporal.com\\\/amorpazycaridad.es\\\/wp-content\\\/uploads\\\/2018\\\/11\\\/hogar-familia-750x350.jpg\",\"width\":750,\"height\":350,\"caption\":\"El hogar y la familia\"},{\"@type\":\"BreadcrumbList\",\"@id\":\"https:\\\/\\\/amorpazy-cp515.wordpresstemporal.com\\\/amorpazycaridad.es\\\/el-hogar-y-la-familia\\\/#breadcrumb\",\"itemListElement\":[{\"@type\":\"ListItem\",\"position\":1,\"name\":\"Portada\",\"item\":\"https:\\\/\\\/amorpazy-cp515.wordpresstemporal.com\\\/amorpazycaridad.es\\\/\"},{\"@type\":\"ListItem\",\"position\":2,\"name\":\"EL HOGAR Y LA FAMILIA\"}]},{\"@type\":\"WebSite\",\"@id\":\"https:\\\/\\\/amorpazycaridad.es\\\/#website\",\"url\":\"https:\\\/\\\/amorpazycaridad.es\\\/\",\"name\":\"Amor, paz caridad\",\"description\":\"Conocimiento espiritual, espiritismo, espiritualismo, leyes universales, m\u00e1s all\u00e1, vida despu\u00e9s de la vida,\",\"publisher\":{\"@id\":\"https:\\\/\\\/amorpazycaridad.es\\\/#organization\"},\"potentialAction\":[{\"@type\":\"SearchAction\",\"target\":{\"@type\":\"EntryPoint\",\"urlTemplate\":\"https:\\\/\\\/amorpazycaridad.es\\\/?s={search_term_string}\"},\"query-input\":{\"@type\":\"PropertyValueSpecification\",\"valueRequired\":true,\"valueName\":\"search_term_string\"}}],\"inLanguage\":\"es\"},{\"@type\":\"Organization\",\"@id\":\"https:\\\/\\\/amorpazycaridad.es\\\/#organization\",\"name\":\"Asociaci\u00f3n de Estudios Espirituales Grupo Villena\",\"url\":\"https:\\\/\\\/amorpazycaridad.es\\\/\",\"logo\":{\"@type\":\"ImageObject\",\"inLanguage\":\"es\",\"@id\":\"https:\\\/\\\/amorpazycaridad.es\\\/#\\\/schema\\\/logo\\\/image\\\/\",\"url\":\"https:\\\/\\\/amorpazycaridad.es\\\/wp-content\\\/uploads\\\/2015\\\/01\\\/logo-fav-e1420247830294.jpg\",\"contentUrl\":\"https:\\\/\\\/amorpazycaridad.es\\\/wp-content\\\/uploads\\\/2015\\\/01\\\/logo-fav-e1420247830294.jpg\",\"width\":144,\"height\":144,\"caption\":\"Asociaci\u00f3n de Estudios Espirituales Grupo Villena\"},\"image\":{\"@id\":\"https:\\\/\\\/amorpazycaridad.es\\\/#\\\/schema\\\/logo\\\/image\\\/\"},\"sameAs\":[\"http:\\\/\\\/www.facebook.com\\\/pages\\\/Amor-paz-y-caridad\\\/1594978604096866\",\"https:\\\/\\\/x.com\\\/amorpazycaridad\",\"https:\\\/\\\/es.pinterest.com\\\/amorpazycaridad\\\/\",\"https:\\\/\\\/www.youtube.com\\\/channel\\\/UC1GvDIDCLoL02SzOD7NJdrA\"]},{\"@type\":\"Person\",\"@id\":\"https:\\\/\\\/amorpazycaridad.es\\\/#\\\/schema\\\/person\\\/6f0cedb316ce549a85d79dba9ebb353e\",\"name\":\"Jos\u00e9 Manuel Meseguer Clemente\",\"image\":{\"@type\":\"ImageObject\",\"inLanguage\":\"es\",\"@id\":\"https:\\\/\\\/amorpazycaridad.es\\\/wp-content\\\/uploads\\\/2017\\\/11\\\/Archivo-1-11-17-12-31-35-96x96.jpegfd114e27cec70eafcf7bb076099603b6\",\"url\":\"https:\\\/\\\/amorpazycaridad.es\\\/wp-content\\\/uploads\\\/2017\\\/11\\\/Archivo-1-11-17-12-31-35-96x96.jpeg\",\"contentUrl\":\"https:\\\/\\\/amorpazycaridad.es\\\/wp-content\\\/uploads\\\/2017\\\/11\\\/Archivo-1-11-17-12-31-35-96x96.jpeg\",\"caption\":\"Jos\u00e9 Manuel Meseguer Clemente\"},\"description\":\"Jose Manuel Meseguer Clemente . Profesionalmente se dedica al Transporte Mar\u00edtimo. Autodidacta, divulgador y escritor. Como miembro del Grupo Villena desde hace m\u00e1s de 30 a\u00f1os, ha ofrecido conferencias y participado en diversos eventos, simposios y congresos, tanto nacionales como internacionales. Actualmente es redactor de la revista \u201cAmor Paz y Caridad\u201d, donde mensualmente publica art\u00edculos de inter\u00e9s y permanente actualidad. Adem\u00e1s, es socio colaborador de SEDE (Sociedad Espa\u00f1ola de Divulgadores Esp\u00edritas).\",\"sameAs\":[\"http:\\\/\\\/www.amorpazycaridad.com\"],\"url\":\"https:\\\/\\\/amorpazy-cp515.wordpresstemporal.com\\\/amorpazycaridad.es\\\/author\\\/jose-manuel\\\/\"}]}<\/script>\n<!-- \/ Yoast SEO plugin. -->","yoast_head_json":{"title":"EL HOGAR Y LA FAMILIA |AMOR, PAZ Y CARIDAD | JOS\u00c9 MESEGUER","description":"A veces no somos conscientes de la importancia que supone el hogar y la familia en nuestras vidas. Probablemente porque nacemos en ella y no la valoramos...","robots":{"index":"index","follow":"follow","max-snippet":"max-snippet:-1","max-image-preview":"max-image-preview:large","max-video-preview":"max-video-preview:-1"},"canonical":"https:\/\/amorpazy-cp515.wordpresstemporal.com\/amorpazycaridad.es\/el-hogar-y-la-familia\/","og_locale":"es_ES","og_type":"article","og_title":"EL HOGAR Y LA FAMILIA |AMOR, PAZ Y CARIDAD | JOS\u00c9 MESEGUER","og_description":"A veces no somos conscientes de la importancia que supone el hogar y la familia en nuestras vidas. Probablemente porque nacemos en ella y no la valoramos...","og_url":"https:\/\/amorpazy-cp515.wordpresstemporal.com\/amorpazycaridad.es\/el-hogar-y-la-familia\/","og_site_name":"Amor, paz caridad","article_publisher":"http:\/\/www.facebook.com\/pages\/Amor-paz-y-caridad\/1594978604096866","article_published_time":"2018-11-12T05:30:49+00:00","article_modified_time":"2018-12-26T19:09:52+00:00","og_image":[{"width":750,"height":350,"url":"https:\/\/amorpazy-cp515.wordpresstemporal.com\/amorpazycaridad.es\/wp-content\/uploads\/2018\/11\/hogar-familia-750x350.jpg","type":"image\/jpeg"}],"author":"Jose Manuel","twitter_card":"summary_large_image","twitter_creator":"@amorpazycaridad","twitter_site":"@amorpazycaridad","twitter_misc":{"Escrito por":"Jos\u00e9 Manuel Meseguer Clemente","Tiempo de lectura":"7 minutos"},"schema":{"@context":"https:\/\/schema.org","@graph":[{"@type":"Article","@id":"https:\/\/amorpazy-cp515.wordpresstemporal.com\/amorpazycaridad.es\/el-hogar-y-la-familia\/#article","isPartOf":{"@id":"https:\/\/amorpazy-cp515.wordpresstemporal.com\/amorpazycaridad.es\/el-hogar-y-la-familia\/"},"author":{"name":"Jos\u00e9 Manuel Meseguer Clemente","@id":"https:\/\/amorpazycaridad.es\/#\/schema\/person\/6f0cedb316ce549a85d79dba9ebb353e"},"headline":"EL HOGAR Y LA FAMILIA","datePublished":"2018-11-12T05:30:49+00:00","dateModified":"2018-12-26T19:09:52+00:00","mainEntityOfPage":{"@id":"https:\/\/amorpazy-cp515.wordpresstemporal.com\/amorpazycaridad.es\/el-hogar-y-la-familia\/"},"wordCount":1499,"commentCount":0,"publisher":{"@id":"https:\/\/amorpazycaridad.es\/#organization"},"image":{"@id":"https:\/\/amorpazy-cp515.wordpresstemporal.com\/amorpazycaridad.es\/el-hogar-y-la-familia\/#primaryimage"},"thumbnailUrl":"https:\/\/amorpazy-cp515.wordpresstemporal.com\/amorpazycaridad.es\/wp-content\/uploads\/2018\/11\/hogar-familia-750x350.jpg","keywords":["familia","hijos","Hogar","materialismo","pareja conyugal","progreso social","rupturas"],"articleSection":["Apartado esp\u00edrita"],"inLanguage":"es","potentialAction":[{"@type":"CommentAction","name":"Comment","target":["https:\/\/amorpazy-cp515.wordpresstemporal.com\/amorpazycaridad.es\/el-hogar-y-la-familia\/#respond"]}]},{"@type":"WebPage","@id":"https:\/\/amorpazy-cp515.wordpresstemporal.com\/amorpazycaridad.es\/el-hogar-y-la-familia\/","url":"https:\/\/amorpazy-cp515.wordpresstemporal.com\/amorpazycaridad.es\/el-hogar-y-la-familia\/","name":"EL HOGAR Y LA FAMILIA |AMOR, PAZ Y CARIDAD | JOS\u00c9 MESEGUER","isPartOf":{"@id":"https:\/\/amorpazycaridad.es\/#website"},"primaryImageOfPage":{"@id":"https:\/\/amorpazy-cp515.wordpresstemporal.com\/amorpazycaridad.es\/el-hogar-y-la-familia\/#primaryimage"},"image":{"@id":"https:\/\/amorpazy-cp515.wordpresstemporal.com\/amorpazycaridad.es\/el-hogar-y-la-familia\/#primaryimage"},"thumbnailUrl":"https:\/\/amorpazy-cp515.wordpresstemporal.com\/amorpazycaridad.es\/wp-content\/uploads\/2018\/11\/hogar-familia-750x350.jpg","datePublished":"2018-11-12T05:30:49+00:00","dateModified":"2018-12-26T19:09:52+00:00","description":"A veces no somos conscientes de la importancia que supone el hogar y la familia en nuestras vidas. Probablemente porque nacemos en ella y no la valoramos...","breadcrumb":{"@id":"https:\/\/amorpazy-cp515.wordpresstemporal.com\/amorpazycaridad.es\/el-hogar-y-la-familia\/#breadcrumb"},"inLanguage":"es","potentialAction":[{"@type":"ReadAction","target":["https:\/\/amorpazy-cp515.wordpresstemporal.com\/amorpazycaridad.es\/el-hogar-y-la-familia\/"]}]},{"@type":"ImageObject","inLanguage":"es","@id":"https:\/\/amorpazy-cp515.wordpresstemporal.com\/amorpazycaridad.es\/el-hogar-y-la-familia\/#primaryimage","url":"https:\/\/amorpazy-cp515.wordpresstemporal.com\/amorpazycaridad.es\/wp-content\/uploads\/2018\/11\/hogar-familia-750x350.jpg","contentUrl":"https:\/\/amorpazy-cp515.wordpresstemporal.com\/amorpazycaridad.es\/wp-content\/uploads\/2018\/11\/hogar-familia-750x350.jpg","width":750,"height":350,"caption":"El hogar y la familia"},{"@type":"BreadcrumbList","@id":"https:\/\/amorpazy-cp515.wordpresstemporal.com\/amorpazycaridad.es\/el-hogar-y-la-familia\/#breadcrumb","itemListElement":[{"@type":"ListItem","position":1,"name":"Portada","item":"https:\/\/amorpazy-cp515.wordpresstemporal.com\/amorpazycaridad.es\/"},{"@type":"ListItem","position":2,"name":"EL HOGAR Y LA FAMILIA"}]},{"@type":"WebSite","@id":"https:\/\/amorpazycaridad.es\/#website","url":"https:\/\/amorpazycaridad.es\/","name":"Amor, paz caridad","description":"Conocimiento espiritual, espiritismo, espiritualismo, leyes universales, m\u00e1s all\u00e1, vida despu\u00e9s de la vida,","publisher":{"@id":"https:\/\/amorpazycaridad.es\/#organization"},"potentialAction":[{"@type":"SearchAction","target":{"@type":"EntryPoint","urlTemplate":"https:\/\/amorpazycaridad.es\/?s={search_term_string}"},"query-input":{"@type":"PropertyValueSpecification","valueRequired":true,"valueName":"search_term_string"}}],"inLanguage":"es"},{"@type":"Organization","@id":"https:\/\/amorpazycaridad.es\/#organization","name":"Asociaci\u00f3n de Estudios Espirituales Grupo Villena","url":"https:\/\/amorpazycaridad.es\/","logo":{"@type":"ImageObject","inLanguage":"es","@id":"https:\/\/amorpazycaridad.es\/#\/schema\/logo\/image\/","url":"https:\/\/amorpazycaridad.es\/wp-content\/uploads\/2015\/01\/logo-fav-e1420247830294.jpg","contentUrl":"https:\/\/amorpazycaridad.es\/wp-content\/uploads\/2015\/01\/logo-fav-e1420247830294.jpg","width":144,"height":144,"caption":"Asociaci\u00f3n de Estudios Espirituales Grupo Villena"},"image":{"@id":"https:\/\/amorpazycaridad.es\/#\/schema\/logo\/image\/"},"sameAs":["http:\/\/www.facebook.com\/pages\/Amor-paz-y-caridad\/1594978604096866","https:\/\/x.com\/amorpazycaridad","https:\/\/es.pinterest.com\/amorpazycaridad\/","https:\/\/www.youtube.com\/channel\/UC1GvDIDCLoL02SzOD7NJdrA"]},{"@type":"Person","@id":"https:\/\/amorpazycaridad.es\/#\/schema\/person\/6f0cedb316ce549a85d79dba9ebb353e","name":"Jos\u00e9 Manuel Meseguer Clemente","image":{"@type":"ImageObject","inLanguage":"es","@id":"https:\/\/amorpazycaridad.es\/wp-content\/uploads\/2017\/11\/Archivo-1-11-17-12-31-35-96x96.jpegfd114e27cec70eafcf7bb076099603b6","url":"https:\/\/amorpazycaridad.es\/wp-content\/uploads\/2017\/11\/Archivo-1-11-17-12-31-35-96x96.jpeg","contentUrl":"https:\/\/amorpazycaridad.es\/wp-content\/uploads\/2017\/11\/Archivo-1-11-17-12-31-35-96x96.jpeg","caption":"Jos\u00e9 Manuel Meseguer Clemente"},"description":"Jose Manuel Meseguer Clemente . Profesionalmente se dedica al Transporte Mar\u00edtimo. Autodidacta, divulgador y escritor. Como miembro del Grupo Villena desde hace m\u00e1s de 30 a\u00f1os, ha ofrecido conferencias y participado en diversos eventos, simposios y congresos, tanto nacionales como internacionales. Actualmente es redactor de la revista \u201cAmor Paz y Caridad\u201d, donde mensualmente publica art\u00edculos de inter\u00e9s y permanente actualidad. Adem\u00e1s, es socio colaborador de SEDE (Sociedad Espa\u00f1ola de Divulgadores Esp\u00edritas).","sameAs":["http:\/\/www.amorpazycaridad.com"],"url":"https:\/\/amorpazy-cp515.wordpresstemporal.com\/amorpazycaridad.es\/author\/jose-manuel\/"}]}},"authors":[{"term_id":408,"user_id":0,"is_guest":1,"slug":"cap-jose-manuel","display_name":"Jose Manuel","avatar_url":"https:\/\/secure.gravatar.com\/avatar\/?s=96&d=mm&r=g","0":null,"1":"","2":"","3":"","4":"","5":"","6":"","7":"","8":""}],"_links":{"self":[{"href":"https:\/\/amorpazy-cp515.wordpresstemporal.com\/amorpazycaridad.es\/wp-json\/wp\/v2\/posts\/10581","targetHints":{"allow":["GET"]}}],"collection":[{"href":"https:\/\/amorpazy-cp515.wordpresstemporal.com\/amorpazycaridad.es\/wp-json\/wp\/v2\/posts"}],"about":[{"href":"https:\/\/amorpazy-cp515.wordpresstemporal.com\/amorpazycaridad.es\/wp-json\/wp\/v2\/types\/post"}],"author":[{"embeddable":true,"href":"https:\/\/amorpazy-cp515.wordpresstemporal.com\/amorpazycaridad.es\/wp-json\/wp\/v2\/users\/5"}],"replies":[{"embeddable":true,"href":"https:\/\/amorpazy-cp515.wordpresstemporal.com\/amorpazycaridad.es\/wp-json\/wp\/v2\/comments?post=10581"}],"version-history":[{"count":1,"href":"https:\/\/amorpazy-cp515.wordpresstemporal.com\/amorpazycaridad.es\/wp-json\/wp\/v2\/posts\/10581\/revisions"}],"predecessor-version":[{"id":10813,"href":"https:\/\/amorpazy-cp515.wordpresstemporal.com\/amorpazycaridad.es\/wp-json\/wp\/v2\/posts\/10581\/revisions\/10813"}],"wp:featuredmedia":[{"embeddable":true,"href":"https:\/\/amorpazy-cp515.wordpresstemporal.com\/amorpazycaridad.es\/wp-json\/wp\/v2\/media\/10661"}],"wp:attachment":[{"href":"https:\/\/amorpazy-cp515.wordpresstemporal.com\/amorpazycaridad.es\/wp-json\/wp\/v2\/media?parent=10581"}],"wp:term":[{"taxonomy":"category","embeddable":true,"href":"https:\/\/amorpazy-cp515.wordpresstemporal.com\/amorpazycaridad.es\/wp-json\/wp\/v2\/categories?post=10581"},{"taxonomy":"post_tag","embeddable":true,"href":"https:\/\/amorpazy-cp515.wordpresstemporal.com\/amorpazycaridad.es\/wp-json\/wp\/v2\/tags?post=10581"},{"taxonomy":"author","embeddable":true,"href":"https:\/\/amorpazy-cp515.wordpresstemporal.com\/amorpazycaridad.es\/wp-json\/wp\/v2\/ppma_author?post=10581"}],"curies":[{"name":"wp","href":"https:\/\/api.w.org\/{rel}","templated":true}]}}