{"id":10531,"date":"2018-10-24T06:30:57","date_gmt":"2018-10-24T04:30:57","guid":{"rendered":"https:\/\/amorpazycaridad.es\/?p=10531"},"modified":"2018-11-20T07:08:20","modified_gmt":"2018-11-20T06:08:20","slug":"enfermedades-mentales-y-obsesion","status":"publish","type":"post","link":"https:\/\/amorpazy-cp515.wordpresstemporal.com\/amorpazycaridad.es\/enfermedades-mentales-y-obsesion\/","title":{"rendered":"ENFERMEDADES MENTALES Y OBSESI\u00d3N"},"content":{"rendered":"<p class=\"p1\" style=\"text-align: justify;\"><span class=\"s1\">El pasado s\u00e1bado 20 de octubre tuvo lugar en la sede de la A.E.E. Grupo Villena, la magn\u00edfica exposici\u00f3n realizada por el Dr. Jon Aizp\u00farua sobre el interesante tema de las <strong>Enfermedades mentales y obsesi\u00f3n.<\/strong><\/span><\/p>\n<p class=\"p1\" style=\"text-align: justify;\"><span class=\"s1\">Evidenciando su \u201cautoritas\u201d sobre el tema, basada en su amplia experiencia como psic\u00f3logo cl\u00ednico en su triple faceta, docente, cl\u00ednica y formativa, Jon propuso la obsesi\u00f3n como otra causa m\u00e1s, adem\u00e1s de las de car\u00e1cter end\u00f3geno y ex\u00f3geno que la psicolog\u00eda y la psiquiatr\u00eda ya contemplan.<\/span><\/p>\n<p class=\"p1\" style=\"text-align: justify;\"><span class=\"s1\">Adaptando su discurso a las caracter\u00edsticas del auditorio, y en lo que respecta a los casos en los que la obsesi\u00f3n ha sido efectivamente evaluada como origen de la enfermedad mental, aclar\u00f3 que la hoja de ruta del enfermo ha de pasar previamente por el profesional de la psicolog\u00eda o psiquiatra correspondiente.<\/span><\/p>\n<p class=\"p1\" style=\"text-align: justify;\"><span class=\"s1\">A continuaci\u00f3n pas\u00f3 a detallar las soluciones que ofrece la visi\u00f3n esp\u00edrita del problema, pues la causa de la obsesi\u00f3n espiritual se encuentra en la influencia de un esp\u00edritu malo sobre un encarnado a consecuencia de venganzas, odios, envidias y otras relaciones equivocadas procedentes del pasado espiritual del indiv\u00edduo.<\/span><\/p>\n<p class=\"p1\" style=\"text-align: justify;\"><span class=\"s1\">Propuso igualmente una soluci\u00f3n basada en un proceso desobsesivo en el que<span class=\"Apple-converted-space\">\u00a0 <\/span>la reconciliaci\u00f3n entre v\u00edctima y verdugo, basada en <b>la extraordinaria terapia del perd\u00f3n<\/b>, sea considerada como un proceso de reeducaci\u00f3n moral de ambos intervinientes (obsesor y obsesado) procurando de ese modo liberarlos de las ataduras perniciosas que les unen y atormentan, reconcili\u00e1ndolos as\u00ed con la vida feliz y el equilibrio mental y emocional.<\/span><\/p>\n<p class=\"p1\" style=\"text-align: justify;\"><span class=\"s1\">Fue acogida con entusiasmo su intervenci\u00f3n, tanto por el p\u00fablico asistente c\u00f3mo por aquellos que lo siguieron en directo desde diversos pa\u00edses del mundo a trav\u00e9s del canal de YouTube <a href=\"https:\/\/www.youtube.com\/watch?v=HanknMYbyoI\"><span class=\"s2\">www.amorpazycaridad.es<\/span><\/a>. Por todo ello es, que agradecemos profundamente su asistencia a Villena y esperamos una nueva visita de nuestro estimado amigo y compa\u00f1ero en ideal el Dr. Jon Aizp\u00farua. Gracias Jon.<\/span><\/p>\n<p style=\"text-align: right;\">Redacci\u00f3n<\/p>\n","protected":false},"excerpt":{"rendered":"<p>El pasado s\u00e1bado 20 de octubre tuvo lugar en la sede de la A.E.E. Grupo Villena, la magn\u00edfica exposici\u00f3n realizada por el Dr. Jon Aizp\u00farua sobre el interesante tema de las Enfermedades mentales y obsesi\u00f3n. Evidenciando su \u201cautoritas\u201d sobre el tema, basada en su amplia experiencia como psic\u00f3logo cl\u00ednico en su triple faceta, docente, cl\u00ednica [&hellip;]<\/p>\n","protected":false},"author":2,"featured_media":10534,"comment_status":"open","ping_status":"open","sticky":false,"template":"","format":"video","meta":{"tdm_status":"","tdm_grid_status":"","footnotes":""},"categories":[17],"tags":[4399,1775,4355,4400,4401],"ppma_author":[396],"class_list":{"0":"post-10531","1":"post","2":"type-post","3":"status-publish","4":"format-video","5":"has-post-thumbnail","7":"category-conferencias","8":"tag-enfermedades-mentales-y-obsesion","9":"tag-esquizofrenia","10":"tag-jon-aizpurua","11":"tag-neurosis","12":"tag-psicosis","13":"post_format-post-format-video"},"yoast_head":"<!-- This site is optimized with the Yoast SEO plugin v27.7 - https:\/\/yoast.com\/product\/yoast-seo-wordpress\/ -->\n<title>ENFERMEDADES MENTALES Y OBSESI\u00d3N | AMOR, PAZ Y CARIDAD<\/title>\n<meta name=\"description\" content=\"El pasado s\u00e1bado 20 de octubre tuvo lugar en la sede de la A.E.E. Grupo Villena, la conferencia: Enfermedades mentales y obsesi\u00f3n por el Dr. Jon Aizp\u00farua\" \/>\n<meta name=\"robots\" content=\"index, follow, max-snippet:-1, max-image-preview:large, max-video-preview:-1\" \/>\n<link rel=\"canonical\" href=\"https:\/\/amorpazy-cp515.wordpresstemporal.com\/amorpazycaridad.es\/enfermedades-mentales-y-obsesion\/\" \/>\n<meta property=\"og:locale\" content=\"es_ES\" \/>\n<meta property=\"og:type\" content=\"article\" \/>\n<meta property=\"og:title\" content=\"ENFERMEDADES MENTALES Y OBSESI\u00d3N | AMOR, PAZ Y CARIDAD\" \/>\n<meta property=\"og:description\" content=\"El pasado s\u00e1bado 20 de octubre tuvo lugar en la sede de la A.E.E. Grupo Villena, la conferencia: Enfermedades mentales y obsesi\u00f3n por el Dr. Jon Aizp\u00farua\" \/>\n<meta property=\"og:url\" content=\"https:\/\/amorpazy-cp515.wordpresstemporal.com\/amorpazycaridad.es\/enfermedades-mentales-y-obsesion\/\" \/>\n<meta property=\"og:site_name\" content=\"Amor, paz caridad\" \/>\n<meta property=\"article:publisher\" content=\"http:\/\/www.facebook.com\/pages\/Amor-paz-y-caridad\/1594978604096866\" \/>\n<meta property=\"article:published_time\" content=\"2018-10-24T04:30:57+00:00\" \/>\n<meta property=\"article:modified_time\" content=\"2018-11-20T06:08:20+00:00\" \/>\n<meta property=\"og:image\" content=\"https:\/\/amorpazy-cp515.wordpresstemporal.com\/amorpazycaridad.es\/wp-content\/uploads\/2018\/11\/maxresdefault.jpg\" \/>\n\t<meta property=\"og:image:width\" content=\"1280\" \/>\n\t<meta property=\"og:image:height\" content=\"720\" \/>\n\t<meta property=\"og:image:type\" content=\"image\/jpeg\" \/>\n<meta name=\"author\" content=\"Redaccion\" \/>\n<meta name=\"twitter:card\" content=\"summary_large_image\" \/>\n<meta name=\"twitter:creator\" content=\"@amorpazycaridad\" \/>\n<meta name=\"twitter:site\" content=\"@amorpazycaridad\" \/>\n<meta name=\"twitter:label1\" content=\"Escrito por\" \/>\n\t<meta name=\"twitter:data1\" content=\"Redacci\u00f3n\" \/>\n\t<meta name=\"twitter:label2\" content=\"Tiempo de lectura\" \/>\n\t<meta name=\"twitter:data2\" content=\"2 minutos\" \/>\n<script type=\"application\/ld+json\" class=\"yoast-schema-graph\">{\"@context\":\"https:\\\/\\\/schema.org\",\"@graph\":[{\"@type\":\"Article\",\"@id\":\"https:\\\/\\\/amorpazy-cp515.wordpresstemporal.com\\\/amorpazycaridad.es\\\/enfermedades-mentales-y-obsesion\\\/#article\",\"isPartOf\":{\"@id\":\"https:\\\/\\\/amorpazy-cp515.wordpresstemporal.com\\\/amorpazycaridad.es\\\/enfermedades-mentales-y-obsesion\\\/\"},\"author\":{\"name\":\"Redacci\u00f3n\",\"@id\":\"https:\\\/\\\/amorpazycaridad.es\\\/#\\\/schema\\\/person\\\/44cbc218f1b29f65390e7c8a4fd0c28d\"},\"headline\":\"ENFERMEDADES MENTALES Y OBSESI\u00d3N\",\"datePublished\":\"2018-10-24T04:30:57+00:00\",\"dateModified\":\"2018-11-20T06:08:20+00:00\",\"mainEntityOfPage\":{\"@id\":\"https:\\\/\\\/amorpazy-cp515.wordpresstemporal.com\\\/amorpazycaridad.es\\\/enfermedades-mentales-y-obsesion\\\/\"},\"wordCount\":356,\"commentCount\":0,\"publisher\":{\"@id\":\"https:\\\/\\\/amorpazycaridad.es\\\/#organization\"},\"image\":{\"@id\":\"https:\\\/\\\/amorpazy-cp515.wordpresstemporal.com\\\/amorpazycaridad.es\\\/enfermedades-mentales-y-obsesion\\\/#primaryimage\"},\"thumbnailUrl\":\"https:\\\/\\\/amorpazy-cp515.wordpresstemporal.com\\\/amorpazycaridad.es\\\/wp-content\\\/uploads\\\/2018\\\/11\\\/maxresdefault.jpg\",\"keywords\":[\"Enfermedades mentales y obsesi\u00f3n\",\"esquizofrenia\",\"Jon Aizp\u00farua\",\"Neurosis\",\"Psicosis\"],\"articleSection\":[\"Conferencias\"],\"inLanguage\":\"es\",\"potentialAction\":[{\"@type\":\"CommentAction\",\"name\":\"Comment\",\"target\":[\"https:\\\/\\\/amorpazy-cp515.wordpresstemporal.com\\\/amorpazycaridad.es\\\/enfermedades-mentales-y-obsesion\\\/#respond\"]}]},{\"@type\":\"WebPage\",\"@id\":\"https:\\\/\\\/amorpazy-cp515.wordpresstemporal.com\\\/amorpazycaridad.es\\\/enfermedades-mentales-y-obsesion\\\/\",\"url\":\"https:\\\/\\\/amorpazy-cp515.wordpresstemporal.com\\\/amorpazycaridad.es\\\/enfermedades-mentales-y-obsesion\\\/\",\"name\":\"ENFERMEDADES MENTALES Y OBSESI\u00d3N | AMOR, PAZ Y CARIDAD\",\"isPartOf\":{\"@id\":\"https:\\\/\\\/amorpazycaridad.es\\\/#website\"},\"primaryImageOfPage\":{\"@id\":\"https:\\\/\\\/amorpazy-cp515.wordpresstemporal.com\\\/amorpazycaridad.es\\\/enfermedades-mentales-y-obsesion\\\/#primaryimage\"},\"image\":{\"@id\":\"https:\\\/\\\/amorpazy-cp515.wordpresstemporal.com\\\/amorpazycaridad.es\\\/enfermedades-mentales-y-obsesion\\\/#primaryimage\"},\"thumbnailUrl\":\"https:\\\/\\\/amorpazy-cp515.wordpresstemporal.com\\\/amorpazycaridad.es\\\/wp-content\\\/uploads\\\/2018\\\/11\\\/maxresdefault.jpg\",\"datePublished\":\"2018-10-24T04:30:57+00:00\",\"dateModified\":\"2018-11-20T06:08:20+00:00\",\"description\":\"El pasado s\u00e1bado 20 de octubre tuvo lugar en la sede de la A.E.E. Grupo Villena, la conferencia: Enfermedades mentales y obsesi\u00f3n por el Dr. Jon Aizp\u00farua\",\"breadcrumb\":{\"@id\":\"https:\\\/\\\/amorpazy-cp515.wordpresstemporal.com\\\/amorpazycaridad.es\\\/enfermedades-mentales-y-obsesion\\\/#breadcrumb\"},\"inLanguage\":\"es\",\"potentialAction\":[{\"@type\":\"ReadAction\",\"target\":[\"https:\\\/\\\/amorpazy-cp515.wordpresstemporal.com\\\/amorpazycaridad.es\\\/enfermedades-mentales-y-obsesion\\\/\"]}]},{\"@type\":\"ImageObject\",\"inLanguage\":\"es\",\"@id\":\"https:\\\/\\\/amorpazy-cp515.wordpresstemporal.com\\\/amorpazycaridad.es\\\/enfermedades-mentales-y-obsesion\\\/#primaryimage\",\"url\":\"https:\\\/\\\/amorpazy-cp515.wordpresstemporal.com\\\/amorpazycaridad.es\\\/wp-content\\\/uploads\\\/2018\\\/11\\\/maxresdefault.jpg\",\"contentUrl\":\"https:\\\/\\\/amorpazy-cp515.wordpresstemporal.com\\\/amorpazycaridad.es\\\/wp-content\\\/uploads\\\/2018\\\/11\\\/maxresdefault.jpg\",\"width\":1280,\"height\":720},{\"@type\":\"BreadcrumbList\",\"@id\":\"https:\\\/\\\/amorpazy-cp515.wordpresstemporal.com\\\/amorpazycaridad.es\\\/enfermedades-mentales-y-obsesion\\\/#breadcrumb\",\"itemListElement\":[{\"@type\":\"ListItem\",\"position\":1,\"name\":\"Portada\",\"item\":\"https:\\\/\\\/amorpazy-cp515.wordpresstemporal.com\\\/amorpazycaridad.es\\\/\"},{\"@type\":\"ListItem\",\"position\":2,\"name\":\"ENFERMEDADES MENTALES Y OBSESI\u00d3N\"}]},{\"@type\":\"WebSite\",\"@id\":\"https:\\\/\\\/amorpazycaridad.es\\\/#website\",\"url\":\"https:\\\/\\\/amorpazycaridad.es\\\/\",\"name\":\"Amor, paz caridad\",\"description\":\"Conocimiento espiritual, espiritismo, espiritualismo, leyes universales, m\u00e1s all\u00e1, vida despu\u00e9s de la vida,\",\"publisher\":{\"@id\":\"https:\\\/\\\/amorpazycaridad.es\\\/#organization\"},\"potentialAction\":[{\"@type\":\"SearchAction\",\"target\":{\"@type\":\"EntryPoint\",\"urlTemplate\":\"https:\\\/\\\/amorpazycaridad.es\\\/?s={search_term_string}\"},\"query-input\":{\"@type\":\"PropertyValueSpecification\",\"valueRequired\":true,\"valueName\":\"search_term_string\"}}],\"inLanguage\":\"es\"},{\"@type\":\"Organization\",\"@id\":\"https:\\\/\\\/amorpazycaridad.es\\\/#organization\",\"name\":\"Asociaci\u00f3n de Estudios Espirituales Grupo Villena\",\"url\":\"https:\\\/\\\/amorpazycaridad.es\\\/\",\"logo\":{\"@type\":\"ImageObject\",\"inLanguage\":\"es\",\"@id\":\"https:\\\/\\\/amorpazycaridad.es\\\/#\\\/schema\\\/logo\\\/image\\\/\",\"url\":\"https:\\\/\\\/amorpazycaridad.es\\\/wp-content\\\/uploads\\\/2015\\\/01\\\/logo-fav-e1420247830294.jpg\",\"contentUrl\":\"https:\\\/\\\/amorpazycaridad.es\\\/wp-content\\\/uploads\\\/2015\\\/01\\\/logo-fav-e1420247830294.jpg\",\"width\":144,\"height\":144,\"caption\":\"Asociaci\u00f3n de Estudios Espirituales Grupo Villena\"},\"image\":{\"@id\":\"https:\\\/\\\/amorpazycaridad.es\\\/#\\\/schema\\\/logo\\\/image\\\/\"},\"sameAs\":[\"http:\\\/\\\/www.facebook.com\\\/pages\\\/Amor-paz-y-caridad\\\/1594978604096866\",\"https:\\\/\\\/x.com\\\/amorpazycaridad\",\"https:\\\/\\\/es.pinterest.com\\\/amorpazycaridad\\\/\",\"https:\\\/\\\/www.youtube.com\\\/channel\\\/UC1GvDIDCLoL02SzOD7NJdrA\"]},{\"@type\":\"Person\",\"@id\":\"https:\\\/\\\/amorpazycaridad.es\\\/#\\\/schema\\\/person\\\/44cbc218f1b29f65390e7c8a4fd0c28d\",\"name\":\"Redacci\u00f3n\",\"image\":{\"@type\":\"ImageObject\",\"inLanguage\":\"es\",\"@id\":\"https:\\\/\\\/amorpazycaridad.es\\\/wp-content\\\/uploads\\\/2015\\\/01\\\/icono-114-96x96.jpg73ca1ff604f9e7c7607bbbfa84b61c44\",\"url\":\"https:\\\/\\\/amorpazycaridad.es\\\/wp-content\\\/uploads\\\/2015\\\/01\\\/icono-114-96x96.jpg\",\"contentUrl\":\"https:\\\/\\\/amorpazycaridad.es\\\/wp-content\\\/uploads\\\/2015\\\/01\\\/icono-114-96x96.jpg\",\"caption\":\"Redacci\u00f3n\"},\"sameAs\":[\"http:\\\/\\\/www.amorpazycaridad.com\"],\"url\":\"https:\\\/\\\/amorpazy-cp515.wordpresstemporal.com\\\/amorpazycaridad.es\\\/author\\\/redaccion\\\/\"}]}<\/script>\n<!-- \/ Yoast SEO plugin. -->","yoast_head_json":{"title":"ENFERMEDADES MENTALES Y OBSESI\u00d3N | AMOR, PAZ Y CARIDAD","description":"El pasado s\u00e1bado 20 de octubre tuvo lugar en la sede de la A.E.E. Grupo Villena, la conferencia: Enfermedades mentales y obsesi\u00f3n por el Dr. Jon Aizp\u00farua","robots":{"index":"index","follow":"follow","max-snippet":"max-snippet:-1","max-image-preview":"max-image-preview:large","max-video-preview":"max-video-preview:-1"},"canonical":"https:\/\/amorpazy-cp515.wordpresstemporal.com\/amorpazycaridad.es\/enfermedades-mentales-y-obsesion\/","og_locale":"es_ES","og_type":"article","og_title":"ENFERMEDADES MENTALES Y OBSESI\u00d3N | AMOR, PAZ Y CARIDAD","og_description":"El pasado s\u00e1bado 20 de octubre tuvo lugar en la sede de la A.E.E. Grupo Villena, la conferencia: Enfermedades mentales y obsesi\u00f3n por el Dr. Jon Aizp\u00farua","og_url":"https:\/\/amorpazy-cp515.wordpresstemporal.com\/amorpazycaridad.es\/enfermedades-mentales-y-obsesion\/","og_site_name":"Amor, paz caridad","article_publisher":"http:\/\/www.facebook.com\/pages\/Amor-paz-y-caridad\/1594978604096866","article_published_time":"2018-10-24T04:30:57+00:00","article_modified_time":"2018-11-20T06:08:20+00:00","og_image":[{"width":1280,"height":720,"url":"https:\/\/amorpazy-cp515.wordpresstemporal.com\/amorpazycaridad.es\/wp-content\/uploads\/2018\/11\/maxresdefault.jpg","type":"image\/jpeg"}],"author":"Redaccion","twitter_card":"summary_large_image","twitter_creator":"@amorpazycaridad","twitter_site":"@amorpazycaridad","twitter_misc":{"Escrito por":"Redacci\u00f3n","Tiempo de lectura":"2 minutos"},"schema":{"@context":"https:\/\/schema.org","@graph":[{"@type":"Article","@id":"https:\/\/amorpazy-cp515.wordpresstemporal.com\/amorpazycaridad.es\/enfermedades-mentales-y-obsesion\/#article","isPartOf":{"@id":"https:\/\/amorpazy-cp515.wordpresstemporal.com\/amorpazycaridad.es\/enfermedades-mentales-y-obsesion\/"},"author":{"name":"Redacci\u00f3n","@id":"https:\/\/amorpazycaridad.es\/#\/schema\/person\/44cbc218f1b29f65390e7c8a4fd0c28d"},"headline":"ENFERMEDADES MENTALES Y OBSESI\u00d3N","datePublished":"2018-10-24T04:30:57+00:00","dateModified":"2018-11-20T06:08:20+00:00","mainEntityOfPage":{"@id":"https:\/\/amorpazy-cp515.wordpresstemporal.com\/amorpazycaridad.es\/enfermedades-mentales-y-obsesion\/"},"wordCount":356,"commentCount":0,"publisher":{"@id":"https:\/\/amorpazycaridad.es\/#organization"},"image":{"@id":"https:\/\/amorpazy-cp515.wordpresstemporal.com\/amorpazycaridad.es\/enfermedades-mentales-y-obsesion\/#primaryimage"},"thumbnailUrl":"https:\/\/amorpazy-cp515.wordpresstemporal.com\/amorpazycaridad.es\/wp-content\/uploads\/2018\/11\/maxresdefault.jpg","keywords":["Enfermedades mentales y obsesi\u00f3n","esquizofrenia","Jon Aizp\u00farua","Neurosis","Psicosis"],"articleSection":["Conferencias"],"inLanguage":"es","potentialAction":[{"@type":"CommentAction","name":"Comment","target":["https:\/\/amorpazy-cp515.wordpresstemporal.com\/amorpazycaridad.es\/enfermedades-mentales-y-obsesion\/#respond"]}]},{"@type":"WebPage","@id":"https:\/\/amorpazy-cp515.wordpresstemporal.com\/amorpazycaridad.es\/enfermedades-mentales-y-obsesion\/","url":"https:\/\/amorpazy-cp515.wordpresstemporal.com\/amorpazycaridad.es\/enfermedades-mentales-y-obsesion\/","name":"ENFERMEDADES MENTALES Y OBSESI\u00d3N | AMOR, PAZ Y CARIDAD","isPartOf":{"@id":"https:\/\/amorpazycaridad.es\/#website"},"primaryImageOfPage":{"@id":"https:\/\/amorpazy-cp515.wordpresstemporal.com\/amorpazycaridad.es\/enfermedades-mentales-y-obsesion\/#primaryimage"},"image":{"@id":"https:\/\/amorpazy-cp515.wordpresstemporal.com\/amorpazycaridad.es\/enfermedades-mentales-y-obsesion\/#primaryimage"},"thumbnailUrl":"https:\/\/amorpazy-cp515.wordpresstemporal.com\/amorpazycaridad.es\/wp-content\/uploads\/2018\/11\/maxresdefault.jpg","datePublished":"2018-10-24T04:30:57+00:00","dateModified":"2018-11-20T06:08:20+00:00","description":"El pasado s\u00e1bado 20 de octubre tuvo lugar en la sede de la A.E.E. Grupo Villena, la conferencia: Enfermedades mentales y obsesi\u00f3n por el Dr. Jon Aizp\u00farua","breadcrumb":{"@id":"https:\/\/amorpazy-cp515.wordpresstemporal.com\/amorpazycaridad.es\/enfermedades-mentales-y-obsesion\/#breadcrumb"},"inLanguage":"es","potentialAction":[{"@type":"ReadAction","target":["https:\/\/amorpazy-cp515.wordpresstemporal.com\/amorpazycaridad.es\/enfermedades-mentales-y-obsesion\/"]}]},{"@type":"ImageObject","inLanguage":"es","@id":"https:\/\/amorpazy-cp515.wordpresstemporal.com\/amorpazycaridad.es\/enfermedades-mentales-y-obsesion\/#primaryimage","url":"https:\/\/amorpazy-cp515.wordpresstemporal.com\/amorpazycaridad.es\/wp-content\/uploads\/2018\/11\/maxresdefault.jpg","contentUrl":"https:\/\/amorpazy-cp515.wordpresstemporal.com\/amorpazycaridad.es\/wp-content\/uploads\/2018\/11\/maxresdefault.jpg","width":1280,"height":720},{"@type":"BreadcrumbList","@id":"https:\/\/amorpazy-cp515.wordpresstemporal.com\/amorpazycaridad.es\/enfermedades-mentales-y-obsesion\/#breadcrumb","itemListElement":[{"@type":"ListItem","position":1,"name":"Portada","item":"https:\/\/amorpazy-cp515.wordpresstemporal.com\/amorpazycaridad.es\/"},{"@type":"ListItem","position":2,"name":"ENFERMEDADES MENTALES Y OBSESI\u00d3N"}]},{"@type":"WebSite","@id":"https:\/\/amorpazycaridad.es\/#website","url":"https:\/\/amorpazycaridad.es\/","name":"Amor, paz caridad","description":"Conocimiento espiritual, espiritismo, espiritualismo, leyes universales, m\u00e1s all\u00e1, vida despu\u00e9s de la vida,","publisher":{"@id":"https:\/\/amorpazycaridad.es\/#organization"},"potentialAction":[{"@type":"SearchAction","target":{"@type":"EntryPoint","urlTemplate":"https:\/\/amorpazycaridad.es\/?s={search_term_string}"},"query-input":{"@type":"PropertyValueSpecification","valueRequired":true,"valueName":"search_term_string"}}],"inLanguage":"es"},{"@type":"Organization","@id":"https:\/\/amorpazycaridad.es\/#organization","name":"Asociaci\u00f3n de Estudios Espirituales Grupo Villena","url":"https:\/\/amorpazycaridad.es\/","logo":{"@type":"ImageObject","inLanguage":"es","@id":"https:\/\/amorpazycaridad.es\/#\/schema\/logo\/image\/","url":"https:\/\/amorpazycaridad.es\/wp-content\/uploads\/2015\/01\/logo-fav-e1420247830294.jpg","contentUrl":"https:\/\/amorpazycaridad.es\/wp-content\/uploads\/2015\/01\/logo-fav-e1420247830294.jpg","width":144,"height":144,"caption":"Asociaci\u00f3n de Estudios Espirituales Grupo Villena"},"image":{"@id":"https:\/\/amorpazycaridad.es\/#\/schema\/logo\/image\/"},"sameAs":["http:\/\/www.facebook.com\/pages\/Amor-paz-y-caridad\/1594978604096866","https:\/\/x.com\/amorpazycaridad","https:\/\/es.pinterest.com\/amorpazycaridad\/","https:\/\/www.youtube.com\/channel\/UC1GvDIDCLoL02SzOD7NJdrA"]},{"@type":"Person","@id":"https:\/\/amorpazycaridad.es\/#\/schema\/person\/44cbc218f1b29f65390e7c8a4fd0c28d","name":"Redacci\u00f3n","image":{"@type":"ImageObject","inLanguage":"es","@id":"https:\/\/amorpazycaridad.es\/wp-content\/uploads\/2015\/01\/icono-114-96x96.jpg73ca1ff604f9e7c7607bbbfa84b61c44","url":"https:\/\/amorpazycaridad.es\/wp-content\/uploads\/2015\/01\/icono-114-96x96.jpg","contentUrl":"https:\/\/amorpazycaridad.es\/wp-content\/uploads\/2015\/01\/icono-114-96x96.jpg","caption":"Redacci\u00f3n"},"sameAs":["http:\/\/www.amorpazycaridad.com"],"url":"https:\/\/amorpazy-cp515.wordpresstemporal.com\/amorpazycaridad.es\/author\/redaccion\/"}]}},"authors":[{"term_id":396,"user_id":0,"is_guest":1,"slug":"cap-redaccion","display_name":"Redaccion","avatar_url":"https:\/\/secure.gravatar.com\/avatar\/?s=96&d=mm&r=g","0":null,"1":"","2":"","3":"","4":"","5":"","6":"","7":"","8":""}],"_links":{"self":[{"href":"https:\/\/amorpazy-cp515.wordpresstemporal.com\/amorpazycaridad.es\/wp-json\/wp\/v2\/posts\/10531","targetHints":{"allow":["GET"]}}],"collection":[{"href":"https:\/\/amorpazy-cp515.wordpresstemporal.com\/amorpazycaridad.es\/wp-json\/wp\/v2\/posts"}],"about":[{"href":"https:\/\/amorpazy-cp515.wordpresstemporal.com\/amorpazycaridad.es\/wp-json\/wp\/v2\/types\/post"}],"author":[{"embeddable":true,"href":"https:\/\/amorpazy-cp515.wordpresstemporal.com\/amorpazycaridad.es\/wp-json\/wp\/v2\/users\/2"}],"replies":[{"embeddable":true,"href":"https:\/\/amorpazy-cp515.wordpresstemporal.com\/amorpazycaridad.es\/wp-json\/wp\/v2\/comments?post=10531"}],"version-history":[{"count":1,"href":"https:\/\/amorpazy-cp515.wordpresstemporal.com\/amorpazycaridad.es\/wp-json\/wp\/v2\/posts\/10531\/revisions"}],"predecessor-version":[{"id":10533,"href":"https:\/\/amorpazy-cp515.wordpresstemporal.com\/amorpazycaridad.es\/wp-json\/wp\/v2\/posts\/10531\/revisions\/10533"}],"wp:featuredmedia":[{"embeddable":true,"href":"https:\/\/amorpazy-cp515.wordpresstemporal.com\/amorpazycaridad.es\/wp-json\/wp\/v2\/media\/10534"}],"wp:attachment":[{"href":"https:\/\/amorpazy-cp515.wordpresstemporal.com\/amorpazycaridad.es\/wp-json\/wp\/v2\/media?parent=10531"}],"wp:term":[{"taxonomy":"category","embeddable":true,"href":"https:\/\/amorpazy-cp515.wordpresstemporal.com\/amorpazycaridad.es\/wp-json\/wp\/v2\/categories?post=10531"},{"taxonomy":"post_tag","embeddable":true,"href":"https:\/\/amorpazy-cp515.wordpresstemporal.com\/amorpazycaridad.es\/wp-json\/wp\/v2\/tags?post=10531"},{"taxonomy":"author","embeddable":true,"href":"https:\/\/amorpazy-cp515.wordpresstemporal.com\/amorpazycaridad.es\/wp-json\/wp\/v2\/ppma_author?post=10531"}],"curies":[{"name":"wp","href":"https:\/\/api.w.org\/{rel}","templated":true}]}}