{"id":1036,"date":"2013-11-18T07:00:00","date_gmt":"2013-11-18T06:00:00","guid":{"rendered":"https:\/\/amorpazycaridad.es\/uncategorized\/fraternidad-en-grupo-9\/"},"modified":"2015-02-14T16:20:54","modified_gmt":"2015-02-14T15:20:54","slug":"consolidacion-del-grupo","status":"publish","type":"post","link":"https:\/\/amorpazy-cp515.wordpresstemporal.com\/amorpazycaridad.es\/consolidacion-del-grupo\/","title":{"rendered":"CONSOLIDACION DEL GRUPO"},"content":{"rendered":"<div style=\"background: #f7f6f7; padding: 40px;\">\n<div style=\"text-align: justify;\"><\/div>\n<div style=\"text-align: center;\"><span style=\"color: #0b5394; font-family: Times, Times New Roman, serif; font-size: large;\"><b>INTERACCION: CONSOLIDACION DEL GRUPO<\/b><\/span><\/div>\n<div style=\"text-align: justify;\"><span style=\"font-family: Times, Times New Roman, serif; font-size: large;\">\u00a0<\/span><\/div>\n<div style=\"text-align: justify;\"><span style=\"font-family: Times, 'Times New Roman', serif; font-size: large;\">\u00a0 \u00a0<i>Para una buena consolidaci\u00f3n de un grupo, no basta \u00fanicamente el conocimiento, tal y como lo explic\u00e1bamos el mes pasado; tampoco son suficientes los principios, expectativas u objetivos a conseguir planteados como fin \u00faltimo de cualquier instituci\u00f3n o grupo al que nos refiramos.<\/i><\/span><br \/>\n<a name=\"more\"><\/a><\/div>\n<div style=\"text-align: justify;\"><span style=\"font-family: Times, Times New Roman, serif; font-size: large;\"><i>\u00a0<\/i><\/span><\/div>\n<div style=\"text-align: justify;\"><span style=\"font-family: Times, 'Times New Roman', serif; font-size: large;\"><i>\u00a0 \u00a0Es preciso adem\u00e1s de todo ello, y de una buena voluntad por parte de todos sus miembros, <b>la reciprocidad.<\/b> Entendida esta como la interacci\u00f3n entre todos los componentes del grupo a fin de que cada uno aporte al conjunto lo mejor de sus capacidades; obviando las deficiencias que a todos nos afectan y procurando, la nobleza de intenciones y de pretensiones, en el fin \u00faltimo del beneficio espiritual del grupo y , por ende, de nuestro crecimiento personal.<\/i><\/span><\/div>\n<div style=\"text-align: justify;\"><span style=\"font-family: Times, Times New Roman, serif; font-size: large;\"><i>\u00a0<\/i><\/span><\/div>\n<div style=\"text-align: justify;\"><span style=\"font-family: Times, 'Times New Roman', serif; font-size: large;\"><i>\u00a0 \u00a0La reciprocidad en las actitudes de todos los miembros del grupo, entendida como la actuaci\u00f3n sincera, noble y esforzada por aportar cada uno la <b>actitud de servicio en el beneficio com\u00fan<\/b>, dotar\u00e1 a esa instituci\u00f3n de una fortaleza extraordinaria en las realizaciones, am\u00e9n de configurar un n\u00facleo de poderosa capacidad para entender las situaciones y coyunturas de cada momento, solucionando los problemas que acontezcan con extraordinaria capacidad y lucidez.<\/i><\/span><\/div>\n<div style=\"text-align: justify;\"><span style=\"font-family: Times, Times New Roman, serif; font-size: large;\"><i>\u00a0<\/i><\/span><\/div>\n<div style=\"text-align: justify;\"><span style=\"font-family: Times, 'Times New Roman', serif; font-size: large;\"><i>\u00a0 \u00a0De ello se beneficia el conjunto y se aprovecha el esp\u00edritu entregado en la realizaci\u00f3n de sus actuaciones. Por un lado, nuestra actitud; a la hora del esfuerzo personal por mejorar d\u00eda a d\u00eda, encontrando las ra\u00edces de nuestras imperfecciones y luchando por superarlas, esto nos ofrece claridades infinitas de aprovechamiento en el grupo. Por otro, mediante el trabajo conjunto con los compa\u00f1eros y del ejemplo de los dem\u00e1s, podemos ver con claridad las debilidades que a cada uno nos compete corregir, alcanzando de esa forma niveles de progreso que dif\u00edcilmente pueden alcanzarse en solitario.<\/i><\/span><\/div>\n<div style=\"text-align: justify;\"><span style=\"font-family: Times, 'Times New Roman', serif; font-size: large;\"><i>\u00a0<\/i><\/span><\/div>\n<div style=\"text-align: justify;\"><span style=\"font-family: Times, 'Times New Roman', serif; font-size: large;\"><i>\u00a0 \u00a0Esto precisa inicialmente de la confianza mutua entre los componentes del grupo, de la nobleza de intenciones, de la buena voluntad, y de la capacidad de humildad y abnegaci\u00f3n en el servicio para con nuestros compa\u00f1eros. Si estas iniciativas se hallan presentes en el ADN de cualquier instituci\u00f3n, el \u00e9xito est\u00e1 asegurado; pues de aqu\u00ed a la fraternidad m\u00e1s sincera, solo queda el paso del reconocimiento mutuo, el aprecio en la lucha codo con codo, compartiendo las dificultades del otro y brind\u00e1ndonos sin reservas a ayudar para hacerle m\u00e1s leve sus penurias y pruebas en la vida presente.<\/i><\/span><\/div>\n<div style=\"text-align: justify;\"><span style=\"font-family: Times, 'Times New Roman', serif; font-size: large;\"><i>\u00a0<\/i><\/span><\/div>\n<div style=\"text-align: justify;\"><span style=\"font-family: Times, 'Times New Roman', serif; font-size: large;\"><i>\u00a0 \u00a0Esta actitud de los componentes del grupo, es de necesidad para todos y, a veces, es esclarecedor exponer al colectivo el an\u00e1lisis de problemas propios o comunes, donde cada miembro aporta su opini\u00f3n libre y voluntaria con el sincero deseo de encontrar la mejor soluci\u00f3n. Si la intenci\u00f3n es verdaderamente noble y exenta de intereses espurios, puede constituir una terapia de enorme crecimiento espiritual para todos los miembros. Atrevi\u00e9ndonos a confirmar, que estas actividades, son incluso m\u00e1s efectivas para el buen desarrollo y crecimiento de los grupos que multitud de exposiciones insulsas, llenas de conceptos filos\u00f3ficos, morales o cient\u00edficos pero exentas de efectividad en la vida pr\u00e1ctica de las personas que componen grupos o instituciones espirituales que han procurar como primer objetivo de su existencia el progreso espiritual.<\/i><\/span><\/div>\n<div style=\"text-align: justify;\"><span style=\"font-family: Times, Times New Roman, serif; font-size: large;\"><i>\u00a0<\/i><\/span><\/div>\n<div style=\"text-align: justify;\"><span style=\"font-family: Times, 'Times New Roman', serif; font-size: large;\"><i>\u00a0 \u00a0La terapia de la interacci\u00f3n entre las personas del grupo es tan importante que solamente desde el conocimiento mutuo, reciproco y noble se alcanzan niveles de aut\u00e9ntica fraternidad.<\/i><\/span><\/div>\n<div style=\"text-align: justify;\"><span style=\"font-family: Times, Times New Roman, serif; font-size: large;\"><i>\u00a0<\/i><\/span><\/div>\n<div style=\"text-align: justify;\"><span style=\"font-family: Times, 'Times New Roman', serif; font-size: large;\"><i>\u00a0 \u00a0Podemos poner el ejemplo de una empresa que trabaja en equipo; as\u00ed mismo se puede trabajar en un grupo espiritual donde la uni\u00f3n de principios espirituales y objetivos a conseguir constituye la meta, pero esta no se alcanza trabajando individualmente como islas, es preciso poner sobre la mesa las capacidades, los ejemplos, las actitudes positivas de nobleza y trabajo en el desarrollo de los proyectos de la instituci\u00f3n.<\/i><\/span><\/div>\n<div style=\"text-align: justify;\"><span style=\"font-family: Times, Times New Roman, serif; font-size: large;\"><i>\u00a0<\/i><\/span><\/div>\n<div style=\"text-align: justify;\"><span style=\"font-family: Times, 'Times New Roman', serif; font-size: large;\"><i>\u00a0 \u00a0El trabajo individual ha de quedar circunscrito a nuestra lucha interior por corregir nuestras imperfecciones; pero una vez esta actitud est\u00e1 permanentemente impresa en nuestra consciencia, es preciso participar, colaborar, trabajar, emprender y aportar iniciativas y esfuerzos que redunden en beneficio del conjunto, que permitan aprovechar las sinergias positivas que un grupo de personas de esta \u00edndole puedan llegar a desarrollar para el beneficio del pr\u00f3jimo y de aquellos que se acerquen a la instituci\u00f3n con el \u00e1nimo sincero de aprender o de reclamar ayuda.<\/i><\/span><\/div>\n<div style=\"text-align: justify;\"><span style=\"font-family: Times, Times New Roman, serif; font-size: large;\"><i>\u00a0<\/i><\/span><\/div>\n<div style=\"text-align: justify;\"><span style=\"font-family: Times, 'Times New Roman', serif; font-size: large;\"><i>\u00a0 \u00a0<b>La fuerza de un grupo no se suma por el n\u00famero de individuos que lo forman; se multiplica de forma exponencial<\/b> cuando todos ellos aportan lo mejor de s\u00ed mismos en beneficio del conjunto. Esto permite afrontar con garant\u00edas de \u00e9xito cualquier proyecto, cualquier objetivo de \u00edndole espiritual que se presente; reto que ser\u00e1 avalado y apoyado sin duda por el plano invisible, a fin de aprovechar toda la energ\u00eda com\u00fan, toda la fuerza de la uni\u00f3n y todo el sentimiento de fraternidad que emana de un grupo unido decidido a ayudar al pr\u00f3jimo de forma desinteresada.<\/i><\/span><\/div>\n<div style=\"text-align: justify;\"><span style=\"font-family: Times, Times New Roman, serif; font-size: large;\"><i>\u00a0<\/i><\/span><\/div>\n<div style=\"text-align: justify;\"><span style=\"font-family: Times, 'Times New Roman', serif; font-size: large;\"><i>\u00a0 \u00a0Es importante comprender que estas explicaciones, no forman parte de un m\u00e9todo estructurado por especialistas en formaci\u00f3n y desarrollo de grupos de trabajo; estas ideas se basan fundamentalmente en la experiencia de d\u00e9cadas de trabajo y de desarrollo personal entre muchos individuos comprometidos con el trabajo abnegado y el servicio desinteresado hacia el pr\u00f3jimo.\u00a0<\/i><\/span><\/div>\n<div style=\"text-align: justify;\"><span style=\"font-family: Times, 'Times New Roman', serif; font-size: large;\"><i>\u00a0<\/i><\/span><\/div>\n<div style=\"text-align: justify;\"><span style=\"font-family: Times, 'Times New Roman', serif; font-size: large;\"><i>\u00a0 \u00a0Por ello, <b>la experiencia; como el mejor m\u00e9todo de observaci\u00f3n cient\u00edfico,<\/b> nos aclara el camino, nos ilumina la ruta a seguir y, bas\u00e1ndonos en el ejemplo del \u00e9xito de los grupos espirituales en esta tarea, nos ayuda sobremanera a evitar las equivocaciones que los personalismos, los ego\u00edsmos y los orgullos malentendidos han propiciado en multitud de grupos e instituciones que, a pesar de la buena voluntad en su formaci\u00f3n, se han visto abocados al fracaso y su posterior desaparici\u00f3n.<\/i><\/span><\/div>\n<div style=\"text-align: justify;\"><span style=\"font-family: Times, Times New Roman, serif; font-size: large;\"><i>\u00a0<\/i><\/span><\/div>\n<div style=\"text-align: justify;\"><span style=\"font-family: Times, 'Times New Roman', serif; font-size: large;\"><i>\u00a0 Aprendamos del m\u00e9todo explicado, cuya base principal se encuentra en la renuncia personal y la actitud de servicio de todos componentes de un grupo espiritual.<\/i><\/span><\/div>\n<div style=\"text-align: justify;\"><span style=\"font-family: Times, Times New Roman, serif; font-size: large;\">\u00a0<\/span><\/div>\n<div style=\"text-align: right;\"><span style=\"font-family: Times, Times New Roman, serif; font-size: large;\">A.LL.F.<\/span><\/div>\n<div style=\"text-align: right;\"><span style=\"font-family: Times, Times New Roman, serif; font-size: large;\">\u00a0<\/span><\/div>\n<div style=\"text-align: right;\"><i style=\"background-color: white; color: #222222; font-family: Arial, Tahoma, Helvetica, FreeSans, sans-serif; font-size: 13px; line-height: 14px;\">\u00a9 Grupo Villena 2013<\/i><\/div>\n<div style=\"text-align: justify;\"><span style=\"font-family: Times, Times New Roman, serif; font-size: large;\">\u00a0<\/span><\/div>\n<div style=\"text-align: justify;\"><span style=\"font-family: Times, Times New Roman, serif; font-size: large;\">\u00a0<\/span><\/div>\n<div style=\"text-align: justify;\"><\/div>\n<\/div>\n","protected":false},"excerpt":{"rendered":"<p>INTERACCION: CONSOLIDACION DEL GRUPO \u00a0 \u00a0 \u00a0Para una buena consolidaci\u00f3n de un grupo, no basta \u00fanicamente el conocimiento, tal y como lo explic\u00e1bamos el mes pasado; tampoco son suficientes los principios, expectativas u objetivos a conseguir planteados como fin \u00faltimo de cualquier instituci\u00f3n o grupo al que nos refiramos. \u00a0 \u00a0 \u00a0Es preciso adem\u00e1s de [&hellip;]<\/p>\n","protected":false},"author":6,"featured_media":0,"comment_status":"open","ping_status":"open","sticky":false,"template":"","format":"standard","meta":{"tdm_status":"","tdm_grid_status":"","footnotes":""},"categories":[26],"tags":[111,188,197,274],"ppma_author":[407],"class_list":{"0":"post-1036","1":"post","2":"type-post","3":"status-publish","4":"format-standard","6":"category-fraternidad-en-grupo","7":"tag-consolidacion-del-grupo","8":"tag-fraternidad-en-grupo-2","9":"tag-interaccion","10":"tag-reciprocidad"},"yoast_head":"<!-- This site is optimized with the Yoast SEO plugin v27.7 - https:\/\/yoast.com\/product\/yoast-seo-wordpress\/ -->\n<title>CONSOLIDACION DEL GRUPO | Amor, paz caridad<\/title>\n<meta name=\"robots\" content=\"index, follow, max-snippet:-1, max-image-preview:large, max-video-preview:-1\" \/>\n<link rel=\"canonical\" href=\"https:\/\/amorpazy-cp515.wordpresstemporal.com\/amorpazycaridad.es\/consolidacion-del-grupo\/\" \/>\n<meta property=\"og:locale\" content=\"es_ES\" \/>\n<meta property=\"og:type\" content=\"article\" \/>\n<meta property=\"og:title\" content=\"CONSOLIDACION DEL GRUPO | Amor, paz caridad\" \/>\n<meta property=\"og:description\" content=\"INTERACCION: CONSOLIDACION DEL GRUPO \u00a0 \u00a0 \u00a0Para una buena consolidaci\u00f3n de un grupo, no basta \u00fanicamente el conocimiento, tal y como lo explic\u00e1bamos el mes pasado; tampoco son suficientes los principios, expectativas u objetivos a conseguir planteados como fin \u00faltimo de cualquier instituci\u00f3n o grupo al que nos refiramos. \u00a0 \u00a0 \u00a0Es preciso adem\u00e1s de [&hellip;]\" \/>\n<meta property=\"og:url\" content=\"https:\/\/amorpazy-cp515.wordpresstemporal.com\/amorpazycaridad.es\/consolidacion-del-grupo\/\" \/>\n<meta property=\"og:site_name\" content=\"Amor, paz caridad\" \/>\n<meta property=\"article:publisher\" content=\"http:\/\/www.facebook.com\/pages\/Amor-paz-y-caridad\/1594978604096866\" \/>\n<meta property=\"article:published_time\" content=\"2013-11-18T06:00:00+00:00\" \/>\n<meta property=\"article:modified_time\" content=\"2015-02-14T15:20:54+00:00\" \/>\n<meta name=\"author\" content=\"Antonio\" \/>\n<meta name=\"twitter:card\" content=\"summary_large_image\" \/>\n<meta name=\"twitter:creator\" content=\"@amorpazycaridad\" \/>\n<meta name=\"twitter:site\" content=\"@amorpazycaridad\" \/>\n<meta name=\"twitter:label1\" content=\"Escrito por\" \/>\n\t<meta name=\"twitter:data1\" content=\"Antonio Lled\u00f3 Flor\" \/>\n\t<meta name=\"twitter:label2\" content=\"Tiempo de lectura\" \/>\n\t<meta name=\"twitter:data2\" content=\"5 minutos\" \/>\n<script type=\"application\/ld+json\" class=\"yoast-schema-graph\">{\"@context\":\"https:\\\/\\\/schema.org\",\"@graph\":[{\"@type\":\"Article\",\"@id\":\"https:\\\/\\\/amorpazy-cp515.wordpresstemporal.com\\\/amorpazycaridad.es\\\/consolidacion-del-grupo\\\/#article\",\"isPartOf\":{\"@id\":\"https:\\\/\\\/amorpazy-cp515.wordpresstemporal.com\\\/amorpazycaridad.es\\\/consolidacion-del-grupo\\\/\"},\"author\":{\"name\":\"Antonio Lled\u00f3 Flor\",\"@id\":\"https:\\\/\\\/amorpazycaridad.es\\\/#\\\/schema\\\/person\\\/221ba4fa1195cdcac2bd273305f4b13f\"},\"headline\":\"CONSOLIDACION DEL GRUPO\",\"datePublished\":\"2013-11-18T06:00:00+00:00\",\"dateModified\":\"2015-02-14T15:20:54+00:00\",\"mainEntityOfPage\":{\"@id\":\"https:\\\/\\\/amorpazy-cp515.wordpresstemporal.com\\\/amorpazycaridad.es\\\/consolidacion-del-grupo\\\/\"},\"wordCount\":1015,\"commentCount\":0,\"publisher\":{\"@id\":\"https:\\\/\\\/amorpazycaridad.es\\\/#organization\"},\"keywords\":[\"CONSOLIDACION DEL GRUPO\",\"Fraternidad en Grupo\",\"INTERACCION\",\"reciprocidad\"],\"articleSection\":[\"Fraternidad en grupo\"],\"inLanguage\":\"es\",\"potentialAction\":[{\"@type\":\"CommentAction\",\"name\":\"Comment\",\"target\":[\"https:\\\/\\\/amorpazy-cp515.wordpresstemporal.com\\\/amorpazycaridad.es\\\/consolidacion-del-grupo\\\/#respond\"]}]},{\"@type\":\"WebPage\",\"@id\":\"https:\\\/\\\/amorpazy-cp515.wordpresstemporal.com\\\/amorpazycaridad.es\\\/consolidacion-del-grupo\\\/\",\"url\":\"https:\\\/\\\/amorpazy-cp515.wordpresstemporal.com\\\/amorpazycaridad.es\\\/consolidacion-del-grupo\\\/\",\"name\":\"CONSOLIDACION DEL GRUPO | Amor, paz caridad\",\"isPartOf\":{\"@id\":\"https:\\\/\\\/amorpazycaridad.es\\\/#website\"},\"datePublished\":\"2013-11-18T06:00:00+00:00\",\"dateModified\":\"2015-02-14T15:20:54+00:00\",\"breadcrumb\":{\"@id\":\"https:\\\/\\\/amorpazy-cp515.wordpresstemporal.com\\\/amorpazycaridad.es\\\/consolidacion-del-grupo\\\/#breadcrumb\"},\"inLanguage\":\"es\",\"potentialAction\":[{\"@type\":\"ReadAction\",\"target\":[\"https:\\\/\\\/amorpazy-cp515.wordpresstemporal.com\\\/amorpazycaridad.es\\\/consolidacion-del-grupo\\\/\"]}]},{\"@type\":\"BreadcrumbList\",\"@id\":\"https:\\\/\\\/amorpazy-cp515.wordpresstemporal.com\\\/amorpazycaridad.es\\\/consolidacion-del-grupo\\\/#breadcrumb\",\"itemListElement\":[{\"@type\":\"ListItem\",\"position\":1,\"name\":\"Portada\",\"item\":\"https:\\\/\\\/amorpazycaridad.es\\\/\"},{\"@type\":\"ListItem\",\"position\":2,\"name\":\"CONSOLIDACION DEL GRUPO\"}]},{\"@type\":\"WebSite\",\"@id\":\"https:\\\/\\\/amorpazycaridad.es\\\/#website\",\"url\":\"https:\\\/\\\/amorpazycaridad.es\\\/\",\"name\":\"Amor, paz caridad\",\"description\":\"Conocimiento espiritual, espiritismo, espiritualismo, leyes universales, m\u00e1s all\u00e1, vida despu\u00e9s de la vida,\",\"publisher\":{\"@id\":\"https:\\\/\\\/amorpazycaridad.es\\\/#organization\"},\"potentialAction\":[{\"@type\":\"SearchAction\",\"target\":{\"@type\":\"EntryPoint\",\"urlTemplate\":\"https:\\\/\\\/amorpazycaridad.es\\\/?s={search_term_string}\"},\"query-input\":{\"@type\":\"PropertyValueSpecification\",\"valueRequired\":true,\"valueName\":\"search_term_string\"}}],\"inLanguage\":\"es\"},{\"@type\":\"Organization\",\"@id\":\"https:\\\/\\\/amorpazycaridad.es\\\/#organization\",\"name\":\"Asociaci\u00f3n de Estudios Espirituales Grupo Villena\",\"url\":\"https:\\\/\\\/amorpazycaridad.es\\\/\",\"logo\":{\"@type\":\"ImageObject\",\"inLanguage\":\"es\",\"@id\":\"https:\\\/\\\/amorpazycaridad.es\\\/#\\\/schema\\\/logo\\\/image\\\/\",\"url\":\"https:\\\/\\\/amorpazycaridad.es\\\/wp-content\\\/uploads\\\/2015\\\/01\\\/logo-fav-e1420247830294.jpg\",\"contentUrl\":\"https:\\\/\\\/amorpazycaridad.es\\\/wp-content\\\/uploads\\\/2015\\\/01\\\/logo-fav-e1420247830294.jpg\",\"width\":144,\"height\":144,\"caption\":\"Asociaci\u00f3n de Estudios Espirituales Grupo Villena\"},\"image\":{\"@id\":\"https:\\\/\\\/amorpazycaridad.es\\\/#\\\/schema\\\/logo\\\/image\\\/\"},\"sameAs\":[\"http:\\\/\\\/www.facebook.com\\\/pages\\\/Amor-paz-y-caridad\\\/1594978604096866\",\"https:\\\/\\\/x.com\\\/amorpazycaridad\",\"https:\\\/\\\/es.pinterest.com\\\/amorpazycaridad\\\/\",\"https:\\\/\\\/www.youtube.com\\\/channel\\\/UC1GvDIDCLoL02SzOD7NJdrA\"]},{\"@type\":\"Person\",\"@id\":\"https:\\\/\\\/amorpazycaridad.es\\\/#\\\/schema\\\/person\\\/221ba4fa1195cdcac2bd273305f4b13f\",\"name\":\"Antonio Lled\u00f3 Flor\",\"image\":{\"@type\":\"ImageObject\",\"inLanguage\":\"es\",\"@id\":\"https:\\\/\\\/amorpazy-cp515.wordpresstemporal.com\\\/amorpazycaridad.es\\\/wp-content\\\/uploads\\\/2016\\\/07\\\/IMG_1655-96x96.jpg5b8dbc14a881d27b23191d1f73ee32db\",\"url\":\"https:\\\/\\\/amorpazy-cp515.wordpresstemporal.com\\\/amorpazycaridad.es\\\/wp-content\\\/uploads\\\/2016\\\/07\\\/IMG_1655-96x96.jpg\",\"contentUrl\":\"https:\\\/\\\/amorpazy-cp515.wordpresstemporal.com\\\/amorpazycaridad.es\\\/wp-content\\\/uploads\\\/2016\\\/07\\\/IMG_1655-96x96.jpg\",\"caption\":\"Antonio Lled\u00f3 Flor\"},\"description\":\"D. Antonio Lled\u00f3 Flor, es Licenciado en Filosof\u00eda por la Universidad de Alicante. Ejecutivo de entidad financiera durante 25 a\u00f1os. Escritor, orador, divulgador y miembro del Grupo Villena desde su fundaci\u00f3n, de la que fue presidente. Fue director de la revista Amor Paz y Caridad durante diez a\u00f1os en su anterior etapa, y desde hace m\u00e1s de 35 a\u00f1os viene dictando conferencias y participando en seminarios, simposios, congresos; tanto nacionales como internacionales. Forma parte del equipo de redacci\u00f3n de dicha revista, actualmente en formato web, aportando art\u00edculos de inter\u00e9s y permanente actualidad.\",\"sameAs\":[\"http:\\\/\\\/www.amorpazycaridad.com\"],\"url\":\"https:\\\/\\\/amorpazy-cp515.wordpresstemporal.com\\\/amorpazycaridad.es\\\/author\\\/antonio\\\/\"}]}<\/script>\n<!-- \/ Yoast SEO plugin. -->","yoast_head_json":{"title":"CONSOLIDACION DEL GRUPO | Amor, paz caridad","robots":{"index":"index","follow":"follow","max-snippet":"max-snippet:-1","max-image-preview":"max-image-preview:large","max-video-preview":"max-video-preview:-1"},"canonical":"https:\/\/amorpazy-cp515.wordpresstemporal.com\/amorpazycaridad.es\/consolidacion-del-grupo\/","og_locale":"es_ES","og_type":"article","og_title":"CONSOLIDACION DEL GRUPO | Amor, paz caridad","og_description":"INTERACCION: CONSOLIDACION DEL GRUPO \u00a0 \u00a0 \u00a0Para una buena consolidaci\u00f3n de un grupo, no basta \u00fanicamente el conocimiento, tal y como lo explic\u00e1bamos el mes pasado; tampoco son suficientes los principios, expectativas u objetivos a conseguir planteados como fin \u00faltimo de cualquier instituci\u00f3n o grupo al que nos refiramos. \u00a0 \u00a0 \u00a0Es preciso adem\u00e1s de [&hellip;]","og_url":"https:\/\/amorpazy-cp515.wordpresstemporal.com\/amorpazycaridad.es\/consolidacion-del-grupo\/","og_site_name":"Amor, paz caridad","article_publisher":"http:\/\/www.facebook.com\/pages\/Amor-paz-y-caridad\/1594978604096866","article_published_time":"2013-11-18T06:00:00+00:00","article_modified_time":"2015-02-14T15:20:54+00:00","author":"Antonio","twitter_card":"summary_large_image","twitter_creator":"@amorpazycaridad","twitter_site":"@amorpazycaridad","twitter_misc":{"Escrito por":"Antonio Lled\u00f3 Flor","Tiempo de lectura":"5 minutos"},"schema":{"@context":"https:\/\/schema.org","@graph":[{"@type":"Article","@id":"https:\/\/amorpazy-cp515.wordpresstemporal.com\/amorpazycaridad.es\/consolidacion-del-grupo\/#article","isPartOf":{"@id":"https:\/\/amorpazy-cp515.wordpresstemporal.com\/amorpazycaridad.es\/consolidacion-del-grupo\/"},"author":{"name":"Antonio Lled\u00f3 Flor","@id":"https:\/\/amorpazycaridad.es\/#\/schema\/person\/221ba4fa1195cdcac2bd273305f4b13f"},"headline":"CONSOLIDACION DEL GRUPO","datePublished":"2013-11-18T06:00:00+00:00","dateModified":"2015-02-14T15:20:54+00:00","mainEntityOfPage":{"@id":"https:\/\/amorpazy-cp515.wordpresstemporal.com\/amorpazycaridad.es\/consolidacion-del-grupo\/"},"wordCount":1015,"commentCount":0,"publisher":{"@id":"https:\/\/amorpazycaridad.es\/#organization"},"keywords":["CONSOLIDACION DEL GRUPO","Fraternidad en Grupo","INTERACCION","reciprocidad"],"articleSection":["Fraternidad en grupo"],"inLanguage":"es","potentialAction":[{"@type":"CommentAction","name":"Comment","target":["https:\/\/amorpazy-cp515.wordpresstemporal.com\/amorpazycaridad.es\/consolidacion-del-grupo\/#respond"]}]},{"@type":"WebPage","@id":"https:\/\/amorpazy-cp515.wordpresstemporal.com\/amorpazycaridad.es\/consolidacion-del-grupo\/","url":"https:\/\/amorpazy-cp515.wordpresstemporal.com\/amorpazycaridad.es\/consolidacion-del-grupo\/","name":"CONSOLIDACION DEL GRUPO | Amor, paz caridad","isPartOf":{"@id":"https:\/\/amorpazycaridad.es\/#website"},"datePublished":"2013-11-18T06:00:00+00:00","dateModified":"2015-02-14T15:20:54+00:00","breadcrumb":{"@id":"https:\/\/amorpazy-cp515.wordpresstemporal.com\/amorpazycaridad.es\/consolidacion-del-grupo\/#breadcrumb"},"inLanguage":"es","potentialAction":[{"@type":"ReadAction","target":["https:\/\/amorpazy-cp515.wordpresstemporal.com\/amorpazycaridad.es\/consolidacion-del-grupo\/"]}]},{"@type":"BreadcrumbList","@id":"https:\/\/amorpazy-cp515.wordpresstemporal.com\/amorpazycaridad.es\/consolidacion-del-grupo\/#breadcrumb","itemListElement":[{"@type":"ListItem","position":1,"name":"Portada","item":"https:\/\/amorpazycaridad.es\/"},{"@type":"ListItem","position":2,"name":"CONSOLIDACION DEL GRUPO"}]},{"@type":"WebSite","@id":"https:\/\/amorpazycaridad.es\/#website","url":"https:\/\/amorpazycaridad.es\/","name":"Amor, paz caridad","description":"Conocimiento espiritual, espiritismo, espiritualismo, leyes universales, m\u00e1s all\u00e1, vida despu\u00e9s de la vida,","publisher":{"@id":"https:\/\/amorpazycaridad.es\/#organization"},"potentialAction":[{"@type":"SearchAction","target":{"@type":"EntryPoint","urlTemplate":"https:\/\/amorpazycaridad.es\/?s={search_term_string}"},"query-input":{"@type":"PropertyValueSpecification","valueRequired":true,"valueName":"search_term_string"}}],"inLanguage":"es"},{"@type":"Organization","@id":"https:\/\/amorpazycaridad.es\/#organization","name":"Asociaci\u00f3n de Estudios Espirituales Grupo Villena","url":"https:\/\/amorpazycaridad.es\/","logo":{"@type":"ImageObject","inLanguage":"es","@id":"https:\/\/amorpazycaridad.es\/#\/schema\/logo\/image\/","url":"https:\/\/amorpazycaridad.es\/wp-content\/uploads\/2015\/01\/logo-fav-e1420247830294.jpg","contentUrl":"https:\/\/amorpazycaridad.es\/wp-content\/uploads\/2015\/01\/logo-fav-e1420247830294.jpg","width":144,"height":144,"caption":"Asociaci\u00f3n de Estudios Espirituales Grupo Villena"},"image":{"@id":"https:\/\/amorpazycaridad.es\/#\/schema\/logo\/image\/"},"sameAs":["http:\/\/www.facebook.com\/pages\/Amor-paz-y-caridad\/1594978604096866","https:\/\/x.com\/amorpazycaridad","https:\/\/es.pinterest.com\/amorpazycaridad\/","https:\/\/www.youtube.com\/channel\/UC1GvDIDCLoL02SzOD7NJdrA"]},{"@type":"Person","@id":"https:\/\/amorpazycaridad.es\/#\/schema\/person\/221ba4fa1195cdcac2bd273305f4b13f","name":"Antonio Lled\u00f3 Flor","image":{"@type":"ImageObject","inLanguage":"es","@id":"https:\/\/amorpazy-cp515.wordpresstemporal.com\/amorpazycaridad.es\/wp-content\/uploads\/2016\/07\/IMG_1655-96x96.jpg5b8dbc14a881d27b23191d1f73ee32db","url":"https:\/\/amorpazy-cp515.wordpresstemporal.com\/amorpazycaridad.es\/wp-content\/uploads\/2016\/07\/IMG_1655-96x96.jpg","contentUrl":"https:\/\/amorpazy-cp515.wordpresstemporal.com\/amorpazycaridad.es\/wp-content\/uploads\/2016\/07\/IMG_1655-96x96.jpg","caption":"Antonio Lled\u00f3 Flor"},"description":"D. Antonio Lled\u00f3 Flor, es Licenciado en Filosof\u00eda por la Universidad de Alicante. Ejecutivo de entidad financiera durante 25 a\u00f1os. Escritor, orador, divulgador y miembro del Grupo Villena desde su fundaci\u00f3n, de la que fue presidente. Fue director de la revista Amor Paz y Caridad durante diez a\u00f1os en su anterior etapa, y desde hace m\u00e1s de 35 a\u00f1os viene dictando conferencias y participando en seminarios, simposios, congresos; tanto nacionales como internacionales. Forma parte del equipo de redacci\u00f3n de dicha revista, actualmente en formato web, aportando art\u00edculos de inter\u00e9s y permanente actualidad.","sameAs":["http:\/\/www.amorpazycaridad.com"],"url":"https:\/\/amorpazy-cp515.wordpresstemporal.com\/amorpazycaridad.es\/author\/antonio\/"}]}},"authors":[{"term_id":407,"user_id":0,"is_guest":1,"slug":"cap-antonio","display_name":"Antonio","avatar_url":"https:\/\/secure.gravatar.com\/avatar\/?s=96&d=mm&r=g","0":null,"1":"","2":"","3":"","4":"","5":"","6":"","7":"","8":""}],"_links":{"self":[{"href":"https:\/\/amorpazy-cp515.wordpresstemporal.com\/amorpazycaridad.es\/wp-json\/wp\/v2\/posts\/1036","targetHints":{"allow":["GET"]}}],"collection":[{"href":"https:\/\/amorpazy-cp515.wordpresstemporal.com\/amorpazycaridad.es\/wp-json\/wp\/v2\/posts"}],"about":[{"href":"https:\/\/amorpazy-cp515.wordpresstemporal.com\/amorpazycaridad.es\/wp-json\/wp\/v2\/types\/post"}],"author":[{"embeddable":true,"href":"https:\/\/amorpazy-cp515.wordpresstemporal.com\/amorpazycaridad.es\/wp-json\/wp\/v2\/users\/6"}],"replies":[{"embeddable":true,"href":"https:\/\/amorpazy-cp515.wordpresstemporal.com\/amorpazycaridad.es\/wp-json\/wp\/v2\/comments?post=1036"}],"version-history":[{"count":1,"href":"https:\/\/amorpazy-cp515.wordpresstemporal.com\/amorpazycaridad.es\/wp-json\/wp\/v2\/posts\/1036\/revisions"}],"predecessor-version":[{"id":2774,"href":"https:\/\/amorpazy-cp515.wordpresstemporal.com\/amorpazycaridad.es\/wp-json\/wp\/v2\/posts\/1036\/revisions\/2774"}],"wp:attachment":[{"href":"https:\/\/amorpazy-cp515.wordpresstemporal.com\/amorpazycaridad.es\/wp-json\/wp\/v2\/media?parent=1036"}],"wp:term":[{"taxonomy":"category","embeddable":true,"href":"https:\/\/amorpazy-cp515.wordpresstemporal.com\/amorpazycaridad.es\/wp-json\/wp\/v2\/categories?post=1036"},{"taxonomy":"post_tag","embeddable":true,"href":"https:\/\/amorpazy-cp515.wordpresstemporal.com\/amorpazycaridad.es\/wp-json\/wp\/v2\/tags?post=1036"},{"taxonomy":"author","embeddable":true,"href":"https:\/\/amorpazy-cp515.wordpresstemporal.com\/amorpazycaridad.es\/wp-json\/wp\/v2\/ppma_author?post=1036"}],"curies":[{"name":"wp","href":"https:\/\/api.w.org\/{rel}","templated":true}]}}